{"id":553306,"date":"2025-11-23T12:04:15","date_gmt":"2025-11-23T12:04:15","guid":{"rendered":"https:\/\/www.europesays.com\/fr\/553306\/"},"modified":"2025-11-23T12:04:15","modified_gmt":"2025-11-23T12:04:15","slug":"pogacar-et-ferrand-prevot-reunis-pour-la-bonne-cause-sports","status":"publish","type":"post","link":"https:\/\/www.europesays.com\/fr\/553306\/","title":{"rendered":"Pogacar et Ferrand-Pr\u00e9v\u00f4t r\u00e9unis pour la bonne cause : Sports"},"content":{"rendered":"<p class=\"date\">\n                                                            Emmanuel LANGELLIER, Media365 : publi\u00e9 le dimanche 23 novembre 2025 \u00e0 11h34\n                                                    <\/p>\n<p>Dimanche \u00e0 Monaco, les deux laur\u00e9ats du Tour de France l&rsquo;\u00e9t\u00e9 dernier feront cause commune pour une belle \u0153uvre.<\/p>\n<p>La saison cycliste est finie depuis un moment, les champions se \u00ab reposent \u00bb, aff\u00fbtent leurs armes pour 2026, pansent leurs plaies en songeant \u00e0 caler fermement leur programme pour la saison prochaine. En cette fin novembre, les f\u00eates approchent \u00e9galement \u00e0 grands pas et les bonnes \u0153uvres affluent. Parmi celles-ci, il y en aura une \u00e0 Monaco qui vaudra le d\u00e9tour et attirera forc\u00e9ment les regards.<\/p>\n<p>Elle r\u00e9unira Pauline Ferrand-Pr\u00e9v\u00f4t et Tadej Pogacar, les deux c\u00e9l\u00e8bres laur\u00e9ats fran\u00e7ais et slov\u00e8ne du Tour de France 2025, mais aussi Jonathan Milan, le meilleur sprinteur actuel du monde, Giulio Ciccone et Lorena Wiebes, coureuse n\u00e9erlandaise qui a remport\u00e9 2 \u00e9tapes sur la Grande Boucle l&rsquo;\u00e9t\u00e9 dernier et qui a <a href=\"https:\/\/sports.orange.fr\/cyclisme\/article\/une-vainqueure-d-etape-sur-le-tour-de-france-l-a-echappe-belle-exclu-CNT000002lQ6ag.html\" rel=\"nofollow noopener\" target=\"_blank\">eu droit \u00e0 une grosse frayeur il y a quelques jours en \u00e9tant percut\u00e9e par une voiture alors qu&rsquo;elle roulait chez elle aux Pays-Bas<\/a>.<\/p>\n<p>\u00ab Un rendez-vous incontournable du calendrier des courses \u00bb<\/p>\n<p>Ces stars du peloton se sont donn\u00e9 rendez-vous ce dimanche sur le port Hercule \u00e0 Monaco pour la bonne cause afin de r\u00e9colter des fonds pour la Fondation Princesse Charl\u00e8ne de Monaco et Fight Aids Monaco. \u00ab Atteindre la 5e \u00e9dition est une v\u00e9ritable source d&rsquo;inspiration, reconna\u00eet Matteo Trentin (36 ans), le coureur italien de Tudor et r\u00e9sident mon\u00e9gasque qui est \u00e0 l&rsquo;initiative du projet. Je repense \u00e0 nos d\u00e9buts, au chemin parcouru et \u00e0 l&rsquo;engagement incroyable de mes coll\u00e8gues et des entreprises qui ont cru en ce projet et l&rsquo;ont soutenu d\u00e8s le d\u00e9part, en en faisant un rendez-vous incontournable du calendrier des courses \u00bb.<\/p>\n<p>Pour cette occasion sp\u00e9ciale, Pogacar, que l&rsquo;on <a href=\"https:\/\/sports.orange.fr\/cyclisme\/article\/pogacar-n-arretera-pas-en-2028-exclu-CNT000002lQ7Tf.html\" rel=\"nofollow noopener\" target=\"_blank\"> devrait voir en comp\u00e9tition sur un v\u00e9lo jusque au moins 2030 <\/a>, montera sur son v\u00e9lo pour un Crit\u00e9rium autour du port Hercule au c\u00f4t\u00e9 de Milan, Ciccone, Michael Matthews, Matej Mohoric, Tim Wellens, ainsi que le Ni\u00e7ois Cl\u00e9ment Champoussin et les Mon\u00e9gasques Victor Langellotti et Antoine Berlin, nous apprend Nice-Matin.<\/p>\n<p>Une nouvelle course f\u00e9minine cette ann\u00e9e<\/p>\n<p>Et pour la premi\u00e8re fois, il y aura au menu un Crit\u00e9rium 100% f\u00e9minin. Ferrand-Pr\u00e9v\u00f4t honorera la course de sa pr\u00e9sence. Au c\u00f4t\u00e9 de la Fran\u00e7aise : Wiebes, meilleure sprinteuse actuelle de la plan\u00e8te, Anna van der Breggen, la double championne du monde (2018-20), Kasia Niewiadoma, laur\u00e9ate du Tour de France 2024, Elena Cecchini, la grande sp\u00e9cialiste du chrono, et Urska Zigart, la compagne de Pogacar.<\/p>\n<p>Une vente aux ench\u00e8res avec des maillots de \u00ab Pogi \u00bb, Ferrand-Pr\u00e9v\u00f4t, un v\u00e9lo de Milan, un casque de la skieuse Lindsey Vonn et des maillots des footballeurs Ousmane Demb\u00e9l\u00e9, Jean-Pierre Papin et Luka Modric sera organis\u00e9e.<\/p>\n","protected":false},"excerpt":{"rendered":"Emmanuel LANGELLIER, Media365 : publi\u00e9 le dimanche 23 novembre 2025 \u00e0 11h34 Dimanche \u00e0 Monaco, les deux laur\u00e9ats&hellip;\n","protected":false},"author":2,"featured_media":553307,"comment_status":"","ping_status":"","sticky":false,"template":"","format":"standard","meta":{"footnotes":""},"categories":[1411],"tags":[1154,207,1011,27,60],"class_list":{"0":"post-553306","1":"post","2":"type-post","3":"status-publish","4":"format-standard","5":"has-post-thumbnail","7":"category-cyclisme","8":"tag-cycling","9":"tag-cyclisme","10":"tag-fr","11":"tag-france","12":"tag-sports"},"share_on_mastodon":{"url":"https:\/\/pubeurope.com\/@fr\/115598921914361049","error":""},"_links":{"self":[{"href":"https:\/\/www.europesays.com\/fr\/wp-json\/wp\/v2\/posts\/553306","targetHints":{"allow":["GET"]}}],"collection":[{"href":"https:\/\/www.europesays.com\/fr\/wp-json\/wp\/v2\/posts"}],"about":[{"href":"https:\/\/www.europesays.com\/fr\/wp-json\/wp\/v2\/types\/post"}],"author":[{"embeddable":true,"href":"https:\/\/www.europesays.com\/fr\/wp-json\/wp\/v2\/users\/2"}],"replies":[{"embeddable":true,"href":"https:\/\/www.europesays.com\/fr\/wp-json\/wp\/v2\/comments?post=553306"}],"version-history":[{"count":0,"href":"https:\/\/www.europesays.com\/fr\/wp-json\/wp\/v2\/posts\/553306\/revisions"}],"wp:featuredmedia":[{"embeddable":true,"href":"https:\/\/www.europesays.com\/fr\/wp-json\/wp\/v2\/media\/553307"}],"wp:attachment":[{"href":"https:\/\/www.europesays.com\/fr\/wp-json\/wp\/v2\/media?parent=553306"}],"wp:term":[{"taxonomy":"category","embeddable":true,"href":"https:\/\/www.europesays.com\/fr\/wp-json\/wp\/v2\/categories?post=553306"},{"taxonomy":"post_tag","embeddable":true,"href":"https:\/\/www.europesays.com\/fr\/wp-json\/wp\/v2\/tags?post=553306"}],"curies":[{"name":"wp","href":"https:\/\/api.w.org\/{rel}","templated":true}]}}