{"id":553314,"date":"2025-11-23T12:09:14","date_gmt":"2025-11-23T12:09:14","guid":{"rendered":"https:\/\/www.europesays.com\/fr\/553314\/"},"modified":"2025-11-23T12:09:14","modified_gmt":"2025-11-23T12:09:14","slug":"cyril-hanouna-jordan-bardella-jordan-de-luxe-et-marine-le-pen-tous-reunis-au-restaurant-les-images-de-leur-folle-soiree","status":"publish","type":"post","link":"https:\/\/www.europesays.com\/fr\/553314\/","title":{"rendered":"Cyril Hanouna, Jordan Bardella, Jordan de Luxe et Marine Le Pen tous r\u00e9unis au restaurant : les images de leur folle soir\u00e9e"},"content":{"rendered":"<p>      R\u00e9sum\u00e9<\/p>\n<p>Cyril Hanouna, Jordan Bardella et Marine Le Pen ont \u00e9t\u00e9 vus au m\u00eame restaurant parisien, mais n&rsquo;ont pas d\u00een\u00e9 ensemble ni au m\u00eame moment, selon les r\u00e9v\u00e9lations s\u00e9curis\u00e9es.<\/p>\n<p>        Sommaire<\/p>\n<p>Les images font le tour de la Toile depuis quelques heures. Elles ont \u00e9t\u00e9 publi\u00e9es par le blogueur Aqababe. Cyril Hanouna et ses \u00e9quipes de <a href=\"https:\/\/www.public.fr\/cyril-hanouna-cet-ancien-chroniqueur-lance-un-appel-et-veut-rejoindre-tout-beau-tout-n9uf\" target=\"_blank\" rel=\"noopener\">Tout beau, tout n9uf<\/a> <strong>auraient d\u00een\u00e9 au restaurant Le Thoumieux<\/strong>. Sur les clich\u00e9s et vid\u00e9os qui ont fuit\u00e9, d&rsquo;autres personnalit\u00e9s se seraient visiblement invit\u00e9es aux festivit\u00e9s&#8230; On aper\u00e7oit <a href=\"https:\/\/www.public.fr\/tag\/jordan-bardella\" target=\"_blank\" rel=\"noopener\">Jordan Bardella<\/a> en train de discuter avec l&rsquo;animateur-producteur et son chroniqueur Jordan de Luxe. <strong>Marine Le Pen est aper\u00e7ue en train d&rsquo;arriver dans le restaurant<\/strong> quelques instants plus tard.<\/p>\n<p>Tr\u00e8s vite, les rumeurs se sont propag\u00e9s. Le com\u00e9dien Yvan Le Bolloc&rsquo;h y est all\u00e9 de son commentaire, qu&rsquo;il a ensuite supprim\u00e9. <strong>L&rsquo;\u00e9ditorialiste Jean-Michel Aphatie<\/strong>, <a href=\"https:\/\/vsd.fr\/87382-tes-une-mrde-frere-signe-hanouna-jean-michel-aphatie-regle-ses-comptes-dans-un-ouvrage-choc-contre-hanouna\/\" target=\"_blank\" rel=\"noopener\">qui a sorti un livre sur Cyril Hanouna<\/a>, a profit\u00e9 de l&rsquo;occasion pour le promouvoir&#8230; \u00ab\u00a0Ceux qui ont lu T&rsquo;es une merde fr\u00e8re, sign\u00e9 Hanouna ne seront pas surpris d&rsquo;apprendre que Cyril Hanouna, <strong>d\u00e9sormais employ\u00e9 de M6, d\u00eene avec Jordan Bardella et Marine Le Pen du RN<\/strong><strong>\u00ab\u00a0<\/strong> a-t-il ainsi \u00e9crit.<\/p>\n<p>Tout le monde va au Thoumieux, m\u00eame Hanouna et Bardella<\/p>\n<p><strong>Mais la r\u00e9alit\u00e9 semblait tout autre<\/strong>&#8230; Dans un second tweet qu&rsquo;il a publi\u00e9 quelques instants plus tard, le blogueur Aqababe indique finalement que <a href=\"https:\/\/www.public.fr\/tpmp-et-cyril-hanouna-sur-w9-la-liste-des-chroniqueurs-qui-restent-enfin-revelee\" target=\"_blank\" rel=\"noopener\">les \u00e9quipes de Cyril Hanouna<\/a> et les \u00e9quipes du RN n&rsquo;ont pas d\u00een\u00e9 ensemble. Elles se seraient simplement retrouv\u00e9es au m\u00eame endroit au m\u00eame moment, et se seraient crois\u00e9es et salu\u00e9es. Il est vrai que le Thoumieux <strong>est un restaurant hupp\u00e9 du 7e arrondissement<\/strong> de Paris, pris\u00e9 des personnalit\u00e9s m\u00e9diatiques&#8230;<\/p>\n<p>\u00ab\u00a0J\u2019ai entendu dire que oui, effectivement, ils \u00e9taient tous dans le m\u00eame restaurant <strong>mais qu\u2019ils n\u2019ont pas din\u00e9 ensemble et pas au m\u00eame moment<\/strong> ! Cyril Hanouna \u00e9tait accompagn\u00e9 de son \u00e9quipe de #TBT9 d\u2019un c\u00f4t\u00e9 avec Jordan Bardella, et Marine Le Pen est arriv\u00e9e lorsque Cyril et son \u00e9quipe avaient quitt\u00e9 le restaurant\u00a0\u00bb explique ainsi Aqababe dans son tweet. Qui dit vrai ? Il y a quelques semaines, <strong>le d\u00e9jeuner de Thomas Legrand et Patrick Cohen<\/strong> avec des \u00e9lus de gauche avait fait couler beaucoup d&rsquo;encre. Il avait finalement conduit <a href=\"https:\/\/www.public.fr\/une-conversation-comme-il-y-en-a-tous-les-jours-patrick-cohen-c-a-vous-filme-a-son-insu-avec-thomas-legrand-il-reagit-pour-la-premiere-fois\" target=\"_blank\" rel=\"noopener\">\u00e0 la mise \u00e0 l&rsquo;\u00e9cart de franceinter du premier<\/a>&#8230;<\/p>\n<p>\n          Hits &amp; People en continu\n        <\/p>\n<p>\n          Public Radio\n        <\/p>\n<p>      Mentionn\u00e9s dans cet article<\/p>\n<p>      Sur le m\u00eame sujet<\/p>\n","protected":false},"excerpt":{"rendered":"R\u00e9sum\u00e9 Cyril Hanouna, Jordan Bardella et Marine Le Pen ont \u00e9t\u00e9 vus au m\u00eame restaurant parisien, mais n&rsquo;ont&hellip;\n","protected":false},"author":2,"featured_media":553315,"comment_status":"","ping_status":"","sticky":false,"template":"","format":"standard","meta":{"footnotes":""},"categories":[1356],"tags":[3721,1083,58,59,1011,27,1077,4829,430,2556,252,22498,22497,1364],"class_list":{"0":"post-553314","1":"post","2":"type-post","3":"status-publish","4":"format-standard","5":"has-post-thumbnail","7":"category-television","8":"tag-chroniqueur","9":"tag-cyril-hanouna","10":"tag-divertissement","11":"tag-entertainment","12":"tag-fr","13":"tag-france","14":"tag-jordan-bardella","15":"tag-jordan-de-luxe","16":"tag-marine-le-pen","17":"tag-rassemblement-national-rn","18":"tag-television","19":"tag-tout-9-tbt9","20":"tag-tout-beau","21":"tag-tv"},"share_on_mastodon":{"url":"https:\/\/pubeurope.com\/@fr\/115598941545386112","error":""},"_links":{"self":[{"href":"https:\/\/www.europesays.com\/fr\/wp-json\/wp\/v2\/posts\/553314","targetHints":{"allow":["GET"]}}],"collection":[{"href":"https:\/\/www.europesays.com\/fr\/wp-json\/wp\/v2\/posts"}],"about":[{"href":"https:\/\/www.europesays.com\/fr\/wp-json\/wp\/v2\/types\/post"}],"author":[{"embeddable":true,"href":"https:\/\/www.europesays.com\/fr\/wp-json\/wp\/v2\/users\/2"}],"replies":[{"embeddable":true,"href":"https:\/\/www.europesays.com\/fr\/wp-json\/wp\/v2\/comments?post=553314"}],"version-history":[{"count":0,"href":"https:\/\/www.europesays.com\/fr\/wp-json\/wp\/v2\/posts\/553314\/revisions"}],"wp:featuredmedia":[{"embeddable":true,"href":"https:\/\/www.europesays.com\/fr\/wp-json\/wp\/v2\/media\/553315"}],"wp:attachment":[{"href":"https:\/\/www.europesays.com\/fr\/wp-json\/wp\/v2\/media?parent=553314"}],"wp:term":[{"taxonomy":"category","embeddable":true,"href":"https:\/\/www.europesays.com\/fr\/wp-json\/wp\/v2\/categories?post=553314"},{"taxonomy":"post_tag","embeddable":true,"href":"https:\/\/www.europesays.com\/fr\/wp-json\/wp\/v2\/tags?post=553314"}],"curies":[{"name":"wp","href":"https:\/\/api.w.org\/{rel}","templated":true}]}}