{"id":553316,"date":"2025-11-23T12:10:13","date_gmt":"2025-11-23T12:10:13","guid":{"rendered":"https:\/\/www.europesays.com\/fr\/553316\/"},"modified":"2025-11-23T12:10:13","modified_gmt":"2025-11-23T12:10:13","slug":"video-orelsan-le-rappeur-engage-contre-les-extremes","status":"publish","type":"post","link":"https:\/\/www.europesays.com\/fr\/553316\/","title":{"rendered":"Vid\u00e9o. Orelsan : le rappeur engag\u00e9 contre \u00ab\u00a0les extr\u00eames\u00a0\u00bb ?"},"content":{"rendered":"<p class=\"t-label-medium t-align-center c-grey-blue @lg:u-margin-t-3 u-margin-t-2 u-margin-r-2\">Publi\u00e9 le 23 novembre 2025<\/p>\n<p class=\"chapo\">Dans \u00ab\u00a0La Petite Voix\u00a0\u00bb, Orelsan rape : \u00ab\u00a0On sait pas si t&rsquo;es M\u00e9lenchon ou la p*** d&rsquo;LVMH On sait pas si t&rsquo;es woke, si t&rsquo;es reac, si t&rsquo;es d&rsquo;gauche, si t&rsquo;es droite\u00a0\u00bb Orelsan de droite ou de gauche ? Pour le savoir, Anthony Cortes, journaliste politique \u00e0 l&rsquo;Humanit\u00e9, et le streamer RiboDansLaSauce analysent le rappeur, ses textes et ses prises de positions.<\/p>\n<p>Au plus pr\u00e8s de celles et ceux qui cr\u00e9ent<\/p>\n<p>L\u2019Humanit\u00e9 a toujours revendiqu\u00e9 l\u2019id\u00e9e que <strong>la culture n\u2019est pas une marchandise<\/strong>, qu\u2019elle est une condition de la vie politique et de l\u2019\u00e9mancipation humaine.<\/p>\n<p>Face \u00e0 des politiques culturelles lib\u00e9rales, qui fragilisent le service public de la culture, le journal rend compte de la r\u00e9sistance des cr\u00e9ateurs et de tous les personnels de la culture, mais aussi des solidarit\u00e9s du public.<\/p>\n<p>Les partis pris insolites, audacieux, singuliers sont la marque de fabrique des pages culture du journal. Nos journalistes explorent <strong>les coulisses du monde de la culture et la gen\u00e8se des \u0153uvres<\/strong> qui font et bousculent l\u2019actualit\u00e9.<\/p>\n<p><strong>Aidez-nous \u00e0 d\u00e9fendre une id\u00e9e ambitieuse de la culture\u00a0!<\/strong><br \/><a href=\"https:\/\/www.humanite.fr\/lhumanite-cest-vous\" target=\"_blank\" rel=\"noopener\">Je veux en savoir plus\u00a0!<\/a><\/p>\n<p>\nLisez la suite de cet article<br \/>\net d\u00e9bloquez tous les contenus\n<\/p>\n<p><a class=\"junipero button primary\" style=\"margin-top: 15px; position: relative; align-items: center; display: grid; font-size: 1.5rem; line-height: 1.5rem; background-color: #ffd600; text-decoration: none; padding: 10px 20px; border-radius: 30px; cursor: pointer; transition: ease-out 0.4s; font-family: &#039;Tanker&#039;; color: #280036; letter-spacing: 0.5px; text-align: center; word-break: break-word; font-weight: 400; text-shadow: none; min-width: 280px; box-shadow: inset 0 0 0 0 #280036; -webkit-transition: ease-out 0.4s; -moz-transition: ease-out 0.4s;\" href=\"https:\/\/abonnement.humanite.fr\/\" target=\"_blank\" rel=\"noopener\">Je m\u2019abonne<br \/><\/a><\/p>\n","protected":false},"excerpt":{"rendered":"Publi\u00e9 le 23 novembre 2025 Dans \u00ab\u00a0La Petite Voix\u00a0\u00bb, Orelsan rape : \u00ab\u00a0On sait pas si t&rsquo;es M\u00e9lenchon&hellip;\n","protected":false},"author":2,"featured_media":553317,"comment_status":"","ping_status":"","sticky":false,"template":"","format":"standard","meta":{"footnotes":""},"categories":[1355],"tags":[58,59,6429,1011,27,2383,1361,873,21953,3616],"class_list":{"0":"post-553316","1":"post","2":"type-post","3":"status-publish","4":"format-standard","5":"has-post-thumbnail","7":"category-musique","8":"tag-divertissement","9":"tag-entertainment","10":"tag-extru00eame-droite","11":"tag-fr","12":"tag-france","13":"tag-gauche","14":"tag-music","15":"tag-musique","16":"tag-orelsan","17":"tag-rap"},"share_on_mastodon":{"url":"https:\/\/pubeurope.com\/@fr\/115598945519099822","error":""},"_links":{"self":[{"href":"https:\/\/www.europesays.com\/fr\/wp-json\/wp\/v2\/posts\/553316","targetHints":{"allow":["GET"]}}],"collection":[{"href":"https:\/\/www.europesays.com\/fr\/wp-json\/wp\/v2\/posts"}],"about":[{"href":"https:\/\/www.europesays.com\/fr\/wp-json\/wp\/v2\/types\/post"}],"author":[{"embeddable":true,"href":"https:\/\/www.europesays.com\/fr\/wp-json\/wp\/v2\/users\/2"}],"replies":[{"embeddable":true,"href":"https:\/\/www.europesays.com\/fr\/wp-json\/wp\/v2\/comments?post=553316"}],"version-history":[{"count":0,"href":"https:\/\/www.europesays.com\/fr\/wp-json\/wp\/v2\/posts\/553316\/revisions"}],"wp:featuredmedia":[{"embeddable":true,"href":"https:\/\/www.europesays.com\/fr\/wp-json\/wp\/v2\/media\/553317"}],"wp:attachment":[{"href":"https:\/\/www.europesays.com\/fr\/wp-json\/wp\/v2\/media?parent=553316"}],"wp:term":[{"taxonomy":"category","embeddable":true,"href":"https:\/\/www.europesays.com\/fr\/wp-json\/wp\/v2\/categories?post=553316"},{"taxonomy":"post_tag","embeddable":true,"href":"https:\/\/www.europesays.com\/fr\/wp-json\/wp\/v2\/tags?post=553316"}],"curies":[{"name":"wp","href":"https:\/\/api.w.org\/{rel}","templated":true}]}}