{"id":553318,"date":"2025-11-23T12:11:12","date_gmt":"2025-11-23T12:11:12","guid":{"rendered":"https:\/\/www.europesays.com\/fr\/553318\/"},"modified":"2025-11-23T12:11:12","modified_gmt":"2025-11-23T12:11:12","slug":"cela-a-bouleverse-ma-vie-tres-rapidement-lun-des-acteurs-principaux-de-la-saga-harry-potter-sexprime-sur-le-role-qui-a-marque-sa-carriere","status":"publish","type":"post","link":"https:\/\/www.europesays.com\/fr\/553318\/","title":{"rendered":"\u00ab\u00a0Cela a boulevers\u00e9 ma vie tr\u00e8s rapidement\u00a0\u00bb\u00a0: l\u2019un des acteurs principaux de la saga Harry Potter s\u2019exprime sur le r\u00f4le qui a marqu\u00e9 sa carri\u00e8re."},"content":{"rendered":"<p>\n                                                                L\u2019acteur Rupert Grint, interpr\u00e8te de Ron, le meilleur ami de Harry Potter dans la saga, s\u2019est confi\u00e9 sur ce r\u00f4le qui a marqu\u00e9 sa vie et dont il est difficile de se d\u00e9tacher.\n                            <\/p>\n<p>Que ce soit dans les livres ou les films, <a href=\"https:\/\/www.midilibre.fr\/2023\/02\/04\/25-ans-dharry-potter-un-tour-de-magie-qui-a-rapporte-plus-dun-milliard-deuros-a-son-auteur-10972904.php\" target=\"_blank\" rel=\"nofollow noopener\">Harry Potter n\u2019est jamais seul<\/a>. Il est toujours accompagn\u00e9 de ses amis Ron Weasley et Hermione Granger. Si Daniel Radcliffe, interpr\u00e8te d\u2019Harry, et Emma Watson, qui joue Hermione, ont su mener leur carri\u00e8re d\u2019acteur au-del\u00e0 de la saga, Rupert Grint, qui joue <a href=\"https:\/\/www.midilibre.fr\/2025\/05\/27\/harry-potter-ron-weasley-hermione-granger-on-sait-desormais-qui-va-jouer-les-personnages-principaux-de-la-serie-de-hbo-12724593.php\" target=\"_blank\" rel=\"nofollow noopener\">Ron<\/a>, a eu plus de mal.<\/p>\n<p>Dans un r\u00e9cent entretien \u00e0 la BBC, il se confie\u00a0: <a href=\"https:\/\/www.bbc.com\/news\/articles\/ckgydn88edno\" target=\"_blank\" rel=\"nofollow noopener\">\u00ab\u00a0Cela a boulevers\u00e9 ma vie tr\u00e8s rapidement\u00a0\u00bb <\/a>mais \u00ab\u00a0je ne pense pas que je sortirai jamais vraiment de son ombre, mais \u00e7a me convient.\u00a0\u00bb Mondialement connu \u00e0 l\u2019\u00e2ge de 11 ans, Rupert quitte le personnage de Ron une d\u00e9cennie plus tard avec l\u2019ultime film, Les Reliques de la Mort, partie 2.<\/p>\n<p>Fier d\u2019\u00eatre Ron Weasley<\/p>\n<p>Aujourd\u2019hui encore, il sait que la saga litt\u00e9raire et cin\u00e9matographique est tr\u00e8s appr\u00e9ci\u00e9e. \u00ab\u00a0Cela rev\u00eat une signification profonde pour beaucoup de personnes de ma g\u00e9n\u00e9ration, et encore plus pour les g\u00e9n\u00e9rations qui le d\u00e9couvrent aujourd\u2019hui. C\u2019est formidable. J\u2019en suis tr\u00e8s fier. C\u2019\u00e9tait un \u00e9v\u00e9nement majeur.&rsquo;<\/p>\n<p><a href=\"https:\/\/www.midilibre.fr\/2019\/08\/23\/un-evenement-magique-sur-harry-potter-en-plein-coeur-de-paris-en-septembre,8373547.php\" target=\"_blank\" rel=\"nofollow noopener\">\u00ab\u00a0Grand fan des livres\u00a0\u00bb,<\/a> Rupert Grint a toutefois confi\u00e9 qu\u2019il ne pensait pas reprendre son r\u00f4le de Ron pour le moment\u00a0: \u00ab\u00a0m\u00eame si j\u2019ai ador\u00e9 \u00e7a, j\u2019appr\u00e9cie de sortir de cet univers\u00a0\u00bb. De son c\u00f4t\u00e9, T<a href=\"http:\/\/bbc.co.uk\/news\/videos\/c8672zwql44o\" target=\"_blank\" rel=\"nofollow noopener\">om Felton interpr\u00e8te \u00e0 nouveau Draco Malfoy,<\/a> le rival d\u2019Harry, dans la pi\u00e8ce de th\u00e9\u00e2tre Harry Potter et l\u2019Enfant maudit.<\/p>\n","protected":false},"excerpt":{"rendered":"L\u2019acteur Rupert Grint, interpr\u00e8te de Ron, le meilleur ami de Harry Potter dans la saga, s\u2019est confi\u00e9 sur&hellip;\n","protected":false},"author":2,"featured_media":553319,"comment_status":"","ping_status":"","sticky":false,"template":"","format":"standard","meta":{"footnotes":""},"categories":[1354],"tags":[58,59,1346,1011,27,1360],"class_list":{"0":"post-553318","1":"post","2":"type-post","3":"status-publish","4":"format-standard","5":"has-post-thumbnail","7":"category-films","8":"tag-divertissement","9":"tag-entertainment","10":"tag-films","11":"tag-fr","12":"tag-france","13":"tag-movies"},"share_on_mastodon":{"url":"https:\/\/pubeurope.com\/@fr\/115598949368671139","error":""},"_links":{"self":[{"href":"https:\/\/www.europesays.com\/fr\/wp-json\/wp\/v2\/posts\/553318","targetHints":{"allow":["GET"]}}],"collection":[{"href":"https:\/\/www.europesays.com\/fr\/wp-json\/wp\/v2\/posts"}],"about":[{"href":"https:\/\/www.europesays.com\/fr\/wp-json\/wp\/v2\/types\/post"}],"author":[{"embeddable":true,"href":"https:\/\/www.europesays.com\/fr\/wp-json\/wp\/v2\/users\/2"}],"replies":[{"embeddable":true,"href":"https:\/\/www.europesays.com\/fr\/wp-json\/wp\/v2\/comments?post=553318"}],"version-history":[{"count":0,"href":"https:\/\/www.europesays.com\/fr\/wp-json\/wp\/v2\/posts\/553318\/revisions"}],"wp:featuredmedia":[{"embeddable":true,"href":"https:\/\/www.europesays.com\/fr\/wp-json\/wp\/v2\/media\/553319"}],"wp:attachment":[{"href":"https:\/\/www.europesays.com\/fr\/wp-json\/wp\/v2\/media?parent=553318"}],"wp:term":[{"taxonomy":"category","embeddable":true,"href":"https:\/\/www.europesays.com\/fr\/wp-json\/wp\/v2\/categories?post=553318"},{"taxonomy":"post_tag","embeddable":true,"href":"https:\/\/www.europesays.com\/fr\/wp-json\/wp\/v2\/tags?post=553318"}],"curies":[{"name":"wp","href":"https:\/\/api.w.org\/{rel}","templated":true}]}}