{"id":553330,"date":"2025-11-23T12:18:14","date_gmt":"2025-11-23T12:18:14","guid":{"rendered":"https:\/\/www.europesays.com\/fr\/553330\/"},"modified":"2025-11-23T12:18:14","modified_gmt":"2025-11-23T12:18:14","slug":"la-vigilance-orange-levee-plus-de-40-en-jaune-pour-grand-froid","status":"publish","type":"post","link":"https:\/\/www.europesays.com\/fr\/553330\/","title":{"rendered":"la vigilance orange lev\u00e9e, plus de 40 en jaune pour grand froid"},"content":{"rendered":"<p>                    Par<br \/>\n        <strong><br \/>\n            <a href=\"https:\/\/actu.fr\/auteur\/anne-laure-petit-henon\" title=\"Consulter tous les articles de Anne-Laure Petit-H\u00e9non\" rel=\"nofollow noopener\" target=\"_blank\">Anne-Laure Petit-H\u00e9non<\/a><br \/>\n                    <\/strong><\/p>\n<p>        Publi\u00e9 le<\/p>\n<p>            22 nov. 2025 \u00e0 16h12<br \/>\n        ; mis \u00e0 jour le 23 nov. 2025 \u00e0 10h56    <\/p>\n<p>Alors que l\u2019\u00cele-de-France a \u00e9t\u00e9 plac\u00e9e en vigilance orange <a href=\"https:\/\/actu.fr\/meteo\/neige-sur-la-france-ce-samedi-l-ile-de-france-placee-en-vigilance-orange-plus-de-70-departements-en-jaune_63472870.html\" rel=\"nofollow noopener\" target=\"_blank\">d\u00e8s ce samedi 22\u00a0novembre<\/a> et qu\u2019une cinquantaine de d\u00e9partements sont en vigilance jaune, la <strong>neige<\/strong> va continuer \u00e0 tomber sur la France <strong>ce dimanche 23 novembre 2025<\/strong>.<\/p>\n<p class=\" wall-content\">Ce dimanche, <a href=\"https:\/\/vigilance.meteofrance.fr\/fr\" rel=\"nofollow noopener\" target=\"_blank\">M\u00e9t\u00e9o France<\/a> a mis a jour son bulletin \u00e0 10h afin de lever <strong>la vigilance orange<\/strong> qui concernait 7 d\u00e9partements \u00e0 6h :\u00a0<\/p>\n<ul class=\" wall-content\">\n<li>Aveyron<\/li>\n<li>Cantal<\/li>\n<li>Corr\u00e8ze<\/li>\n<li>Creuse<\/li>\n<li>Puy-de-D\u00f4me<\/li>\n<li>Seine-et-Marne<\/li>\n<li>Haute-Vienne<\/li>\n<\/ul>\n<p class=\" wall-content\">Dans ce m\u00eame bulletin, 41 d\u00e9partements sont maintenant <strong>en vigilance jaune,<\/strong> majoritairement pour grand froid, mais aussi neige-verglas, avalanche ou pluie-inondation :<\/p>\n<ul class=\" wall-content\">\n<li>Ain : pluie-inondation, grand froid<\/li>\n<li>Allier : grand froid<\/li>\n<li>Alpes-de-Haute-Provence : neige-verglas<\/li>\n<li>Hautes-Alpes : neige-verglas<\/li>\n<li>Ardennes : neige-verglas, grand froid<\/li>\n<li>Aube : grand froid<\/li>\n<li>Aveyron : grand froid<\/li>\n<li>Cantal : pluie-inondation, grand froid<\/li>\n<li>Charente : pluie-inondation<\/li>\n<li>Charente-Maritime : pluie-inondation<\/li>\n<li>Corr\u00e8ze : pluie-inondation, crues<\/li>\n<li>C\u00f4te-d\u2019Or : grand froid<\/li>\n<li>Creuse : pluie-inondation<\/li>\n<li>Dordogne : pluie-inondation, crues<\/li>\n<li>Doubs : grand froid<\/li>\n<li>Dr\u00f4me : pluie-inondation<\/li>\n<li>Gironde : pluie-inondation<\/li>\n<li>Is\u00e8re : pluie-inondation, neige-verglas, avalanches<\/li>\n<li>Jura : grand froid<\/li>\n<li>Loire : grand froid<\/li>\n<li>Haute-Loire : grand froid<\/li>\n<li>Lot : crues<\/li>\n<li>Marne : grand froid<\/li>\n<li>Haute-Marne : grand froid<\/li>\n<li>Meurthe-et-Moselle : neige-verglas, grand froid<\/li>\n<li>Meuse : neige-verglas, grand froid<\/li>\n<li>Moselle : neige-verglas, grand froid<\/li>\n<li>Ni\u00e8vre : pluie-inondation, grand froid<\/li>\n<li>Puy-de-D\u00f4me : pluie-inondation, grand froid<\/li>\n<li>Bas-Rhin : neige-verglas, grand froid<\/li>\n<li>Haut-Rhin : grand froid<\/li>\n<li>Rh\u00f4ne : grand froid<\/li>\n<li>Haute-Sa\u00f4ne : grand froid<\/li>\n<li>Sa\u00f4ne-et-Loire : grand froid<\/li>\n<li>Savoie : pluie-inondation, neige-verglas, avalanches<\/li>\n<li>Haute-Savoie : pluie-inondation, neige-verglas, grand froid, avalanches<\/li>\n<li>Vend\u00e9e : vent<\/li>\n<li>Haute-Vienne : pluie-inondation<\/li>\n<li>Vosges : grand froid<\/li>\n<li>Yonne : grand froid<\/li>\n<li>Territoire de Belfort : grand froid<\/li>\n<\/ul>\n<p>2 \u00e0 5\u00a0cm de neige par endroits<\/p>\n<p class=\" wall-content\">Dans un communiqu\u00e9 de presse transmis \u00e0 actu.fr, <a href=\"https:\/\/actu.fr\/tag\/meteo-france\" rel=\"nofollow noopener\" target=\"_blank\">M\u00e9t\u00e9o France<\/a> indique que la perturbation qui provoque ces chutes de neige va continuer sa route dans la nuit de samedi \u00e0 dimanche, des Hauts-de-France jusqu\u2019au sud du Massif central.<\/p>\n<p>Votre r\u00e9gion, votre actu !<\/p>\n<p>Recevez chaque jour les infos qui comptent pour vous.<\/p>\n<p>\t<a href=\"https:\/\/actu.fr\/newsletter\" class=\"ac-btn ac-btn--corner ac-btn--medium ac-btn--blue800\" rel=\"nofollow noopener\" target=\"_blank\">S&rsquo;incrire<\/a><\/p>\n<blockquote class=\"ac-article-quote wall-content\">\n<p>Elle peut laisser temporairement 2 \u00e0 5 cm de neige, y compris en plaine et \u00e0 basse altitude.<\/p>\n<p>    <strong>M\u00e9t\u00e9o France<\/strong>\n            <\/p><\/blockquote>\n<p class=\" wall-content\">Les chutes de neige pourront \u00eatre suivies par des pluies vergla\u00e7antes.<\/p>\n<p>Pluie et redoux \u00e0 venir<\/p>\n<p class=\" wall-content\">Ensuite, c\u2019est la <strong>pluie<\/strong> qui prendra le relais, avec une nouvelle perturbation qui arrive par la Bretagne d\u00e8s le dimanche matin. Cette perturbation progressera rapidement et arrosera la plupart des r\u00e9gions.<\/p>\n<blockquote class=\"ac-article-quote wall-content\">\n<p>Ces pr\u00e9cipitations peuvent \u00eatre abondantes de l&rsquo;Aquitaine au Massif central ainsi que sur les Alpes. Pr\u00e8s de la M\u00e9diterran\u00e9e, les passages pluvieux sont faibles.<\/p>\n<p>    <strong>M\u00e9t\u00e9o France<\/strong>\n            <\/p><\/blockquote>\n<p class=\" wall-content\">Ces pluies font repartir les temp\u00e9ratures maximales \u00e0 la hausse, avec 10 \u00e0 15 degr\u00e9s de la Bretagne et la Basse-Normandie jusqu\u2019aux Pyr\u00e9n\u00e9es et le pourtour m\u00e9diterran\u00e9en, 6 \u00e0 11 degr\u00e9s ailleurs, 2 \u00e0 7 degr\u00e9s dans le nord-est.<\/p>\n<p class=\" wall-content\">Personnalisez votre actualit\u00e9 en ajoutant vos villes et m\u00e9dias en favori avec <a href=\"https:\/\/moncompte.actu.fr\" title=\"D\u00e9couvez Mon Actu\" rel=\"nofollow noopener\" data-trk=\"{&quot;cta&quot;:{&quot;action&quot;:&quot;https:\\\/\\\/moncompte.actu.fr&quot;,&quot;category&quot;:&quot;mon compte&quot;,&quot;from&quot;:&quot;article footer&quot;,&quot;name&quot;:&quot;Mon actu&quot;,&quot;type&quot;:&quot;cta&quot;}}\" target=\"_blank\">Mon Actu<\/a>.<\/p>\n","protected":false},"excerpt":{"rendered":"Par Anne-Laure Petit-H\u00e9non Publi\u00e9 le 22 nov. 2025 \u00e0 16h12 ; mis \u00e0 jour le 23 nov. 2025&hellip;\n","protected":false},"author":2,"featured_media":553331,"comment_status":"","ping_status":"","sticky":false,"template":"","format":"standard","meta":{"footnotes":""},"categories":[4],"tags":[11,1011,27,2487,2357,10584,12,25],"class_list":{"0":"post-553330","1":"post","2":"type-post","3":"status-publish","4":"format-standard","5":"has-post-thumbnail","7":"category-france","8":"tag-actualites","9":"tag-fr","10":"tag-france","11":"tag-meteo","12":"tag-meteo-france","13":"tag-neige","14":"tag-news","15":"tag-republique-francaise"},"share_on_mastodon":{"url":"https:\/\/pubeurope.com\/@fr\/115598976921931101","error":""},"_links":{"self":[{"href":"https:\/\/www.europesays.com\/fr\/wp-json\/wp\/v2\/posts\/553330","targetHints":{"allow":["GET"]}}],"collection":[{"href":"https:\/\/www.europesays.com\/fr\/wp-json\/wp\/v2\/posts"}],"about":[{"href":"https:\/\/www.europesays.com\/fr\/wp-json\/wp\/v2\/types\/post"}],"author":[{"embeddable":true,"href":"https:\/\/www.europesays.com\/fr\/wp-json\/wp\/v2\/users\/2"}],"replies":[{"embeddable":true,"href":"https:\/\/www.europesays.com\/fr\/wp-json\/wp\/v2\/comments?post=553330"}],"version-history":[{"count":0,"href":"https:\/\/www.europesays.com\/fr\/wp-json\/wp\/v2\/posts\/553330\/revisions"}],"wp:featuredmedia":[{"embeddable":true,"href":"https:\/\/www.europesays.com\/fr\/wp-json\/wp\/v2\/media\/553331"}],"wp:attachment":[{"href":"https:\/\/www.europesays.com\/fr\/wp-json\/wp\/v2\/media?parent=553330"}],"wp:term":[{"taxonomy":"category","embeddable":true,"href":"https:\/\/www.europesays.com\/fr\/wp-json\/wp\/v2\/categories?post=553330"},{"taxonomy":"post_tag","embeddable":true,"href":"https:\/\/www.europesays.com\/fr\/wp-json\/wp\/v2\/tags?post=553330"}],"curies":[{"name":"wp","href":"https:\/\/api.w.org\/{rel}","templated":true}]}}