{"id":553332,"date":"2025-11-23T12:19:12","date_gmt":"2025-11-23T12:19:12","guid":{"rendered":"https:\/\/www.europesays.com\/fr\/553332\/"},"modified":"2025-11-23T12:19:12","modified_gmt":"2025-11-23T12:19:12","slug":"le-craquage-complet-de-pep-guardiola-fait-jaser-en-angleterre","status":"publish","type":"post","link":"https:\/\/www.europesays.com\/fr\/553332\/","title":{"rendered":"le craquage complet de Pep Guardiola fait jaser en Angleterre"},"content":{"rendered":"<p>Ce samedi en Angleterre, il y avait un choc entre Manchester City et Newcastle. Apr\u00e8s avoir remont\u00e9 la pente cette saison, la formation de Pep Guardiola devait encha\u00eener les victoires pour mettre la pression sur Arsenal qui semble bien parti pour \u00eatre seul en t\u00eate du classement de Premier League cette saison. Avec 4 points d\u2019avance au coup d\u2019envoi, les Gunners devaient sans doute observer avec grande attention cette rencontre entre les Cityzens et les Magpies. De m\u00eame que les Marseillais, futurs adversaires de Newcastle en Ligue des champions.<\/p>\n<p>            La suite apr\u00e8s cette publicit\u00e9<\/p>\n<p>Sur le terrain, cette rencontre entre les deux \u00e9quipes a tenu toutes ses promesses avec beaucoup d\u2019intensit\u00e9. Et tout s\u2019est enflamm\u00e9 au retour des vestiaires apr\u00e8s l\u2019ouverture du score de Harvey Barnes. L\u2019Anglais s\u2019est m\u00eame offert un doubl\u00e9 dans ce match qui a permis \u00e0 son \u00e9quipe de prendre les trois points (2-1). L\u2019\u00e9galisation de Ruben Dias n\u2019a rien chang\u00e9 pour City qui a conc\u00e9d\u00e9 une nouvelle d\u00e9faite. Et cette fois, si Pep Guardiola a l\u2019habitude d\u2019\u00eatre plut\u00f4t calme apr\u00e8s les rencontres, il a compl\u00e8tement craqu\u00e9. De quoi m\u00eame choquer la presse anglaise.<\/p>\n<p>        Pep Guardiola perd son sang-froid<\/p>\n<p>\u00abPep Guardiola perd son sang-froid. Il s\u2019en prend \u00e0 Bruno Guimaraes, aux arbitres et m\u00eame \u00e0 un cam\u00e9raman\u00bb, a titr\u00e9 le Daily Mail ce dimanche matin. Juste apr\u00e8s le coup de sifflet final, le coach espagnol s\u2019est effectivement ru\u00e9 vers Bruno Guimaraes et a eu une explication tendue avec le Br\u00e9silien. Il est ensuite parti voir les arbitres et a m\u00eame termin\u00e9 par un \u00e9change virulent avec un cam\u00e9raman pr\u00e9sent sur la pelouse. Le technicien espagnol a sembl\u00e9 exc\u00e9d\u00e9 par les d\u00e9cisions arbitrales du jour. En cause : un penalty oubli\u00e9 en premi\u00e8re mi-temps suite \u00e0 un tacle violent de Fabian Sch\u00e4r sur Phil Foden et une potentielle faute sur Donnarumma sur le second but.<\/p>\n<p>            La suite apr\u00e8s cette publicit\u00e9<\/p>\n<p>Tr\u00e8s remont\u00e9 en conf\u00e9rence de presse, Pep Guardiola n\u2019a pas \u00e9t\u00e9 tr\u00e8s bavard lorsqu\u2019il a \u00e9t\u00e9 interrog\u00e9 sur sa grosse col\u00e8re. \u00abCe que j\u2019ai dit \u00e0 Guimaraes ? Rien. Je lui ai dit \u00e0 quel point il est bon mais cette conversation rel\u00e8ve de la sph\u00e8re priv\u00e9e. Tout va bien. Je lui ai parl\u00e9 de la situation avec Gigio et ce qui s\u2019est pass\u00e9, ainsi que sur les situations pr\u00e9c\u00e9dentes\u00bb, a-t-il lanc\u00e9 froidement avant de botter en touche une nouvelle fois sur ses \u00e9changes avec les arbitres. \u00abRien, tout va bien. La VAR et les arbitres ont d\u00e9cid\u00e9 qu\u2019il n\u2019y avait pas faute en premi\u00e8re et en seconde p\u00e9riode. C\u2019est comme \u00e7a. On y est habitu\u00e9s. Les cinq derni\u00e8res questions concernent les arbitres et leurs actions. Demandez-les aux arbitres. Je n\u2019ai pas encore vu les images et rien ne changera maintenant\u00bb. Enfin, pour le cam\u00e9raman, Pep Guardiola n\u2019a donn\u00e9 aucune explication mais son attitude a \u00e9videmment \u00e9t\u00e9 point\u00e9e du doigt par la presse anglaise. Le Mirror parle d\u2019une \u00abconfrontation houleuse\u00bb alors que le Telegraph d\u00e9crit un Guardiola qui s\u2019en est pris \u00e0 \u00abun pauvre cam\u00e9raman\u00bb. Le coach espagnol va devoir redresser son \u00e9quipe et mieux g\u00e9rer ses \u00e9motions s\u2019il ne veut pas revivre une mauvaise s\u00e9rie comme la saison derni\u00e8re.<\/p>\n<p>\n    Pub. le 23\/11\/2025 12:45<br \/>\n            &#8211; MAJ le 23\/11\/2025 13:00\n    <\/p>\n","protected":false},"excerpt":{"rendered":"Ce samedi en Angleterre, il y avait un choc entre Manchester City et Newcastle. Apr\u00e8s avoir remont\u00e9 la&hellip;\n","protected":false},"author":2,"featured_media":553333,"comment_status":"","ping_status":"","sticky":false,"template":"","format":"standard","meta":{"footnotes":""},"categories":[2],"tags":[11,1011,27,12],"class_list":{"0":"post-553332","1":"post","2":"type-post","3":"status-publish","4":"format-standard","5":"has-post-thumbnail","7":"category-actualites","8":"tag-actualites","9":"tag-fr","10":"tag-france","11":"tag-news"},"share_on_mastodon":{"url":"https:\/\/pubeurope.com\/@fr\/115598980824359679","error":""},"_links":{"self":[{"href":"https:\/\/www.europesays.com\/fr\/wp-json\/wp\/v2\/posts\/553332","targetHints":{"allow":["GET"]}}],"collection":[{"href":"https:\/\/www.europesays.com\/fr\/wp-json\/wp\/v2\/posts"}],"about":[{"href":"https:\/\/www.europesays.com\/fr\/wp-json\/wp\/v2\/types\/post"}],"author":[{"embeddable":true,"href":"https:\/\/www.europesays.com\/fr\/wp-json\/wp\/v2\/users\/2"}],"replies":[{"embeddable":true,"href":"https:\/\/www.europesays.com\/fr\/wp-json\/wp\/v2\/comments?post=553332"}],"version-history":[{"count":0,"href":"https:\/\/www.europesays.com\/fr\/wp-json\/wp\/v2\/posts\/553332\/revisions"}],"wp:featuredmedia":[{"embeddable":true,"href":"https:\/\/www.europesays.com\/fr\/wp-json\/wp\/v2\/media\/553333"}],"wp:attachment":[{"href":"https:\/\/www.europesays.com\/fr\/wp-json\/wp\/v2\/media?parent=553332"}],"wp:term":[{"taxonomy":"category","embeddable":true,"href":"https:\/\/www.europesays.com\/fr\/wp-json\/wp\/v2\/categories?post=553332"},{"taxonomy":"post_tag","embeddable":true,"href":"https:\/\/www.europesays.com\/fr\/wp-json\/wp\/v2\/tags?post=553332"}],"curies":[{"name":"wp","href":"https:\/\/api.w.org\/{rel}","templated":true}]}}