{"id":553334,"date":"2025-11-23T12:20:24","date_gmt":"2025-11-23T12:20:24","guid":{"rendered":"https:\/\/www.europesays.com\/fr\/553334\/"},"modified":"2025-11-23T12:20:24","modified_gmt":"2025-11-23T12:20:24","slug":"un-stephanois-de-34-ans-est-decede","status":"publish","type":"post","link":"https:\/\/www.europesays.com\/fr\/553334\/","title":{"rendered":"un St\u00e9phanois de 34 ans est d\u00e9c\u00e9d\u00e9"},"content":{"rendered":"<p>Tr\u00e8s gravement touch\u00e9 apr\u00e8s avoir re\u00e7u un violent coup au menton au cours d\u2019une bagarre qui a lieu, tr\u00e8s t\u00f4t samedi matin en centre-ville, la victime, un St\u00e9phanois \u00e2g\u00e9 de 34 ans, est d\u00e9c\u00e9d\u00e9e dans la soir\u00e9e de samedi.<\/p>\n<p>Les pompiers l\u2019avaient rapidement pris en charge et transport\u00e9, inconscient et dans un \u00e9tat tr\u00e8s pr\u00e9occupant, vers l\u2019h\u00f4pital Nord o\u00f9 les m\u00e9decins n\u2019ont rien pu faire pour sauver le trentenaire, p\u00e8re de trois filles.<\/p>\n<p>  Une enqu\u00eate ouverte pour violences volontaires ayant entra\u00een\u00e9 la mort sans intention de la donner<\/p>\n<p><a href=\"https:\/\/www.leprogres.fr\/faits-divers-justice\/2025\/11\/22\/un-homme-entre-la-vie-et-la-mort-apres-une-bagarre-samedi-matin\" target=\"_blank\" rel=\"noopener\">La rixe, durant laquelle aucune arme n\u2019aurait \u00e9t\u00e9 utilis\u00e9e,<\/a> s\u2019est d\u00e9roul\u00e9e devant un lieu festif, l\u2019after Square7, rue Saint-Pierre \u00e0 Saint-\u00c9tienne, entre la place du Peuple et la rue Michelet.<\/p>\n<p>Une enqu\u00eate pour violences volontaires ayant entra\u00een\u00e9 la mort sans intention de la donner a \u00e9t\u00e9 ouverte par le parquet st\u00e9phanois. Mais les qualifications pourraient \u00e9voluer au cours de l\u2019enqu\u00eate, une fois les circonstances du drame, encore floues, d\u00e9termin\u00e9es.<\/p>\n<p>L\u2019auteur pr\u00e9sum\u00e9 du coup mortel a pris la fuite et est toujours activement recherch\u00e9.<\/p>\n","protected":false},"excerpt":{"rendered":"Tr\u00e8s gravement touch\u00e9 apr\u00e8s avoir re\u00e7u un violent coup au menton au cours d\u2019une bagarre qui a lieu,&hellip;\n","protected":false},"author":2,"featured_media":553335,"comment_status":"","ping_status":"","sticky":false,"template":"","format":"standard","meta":{"footnotes":""},"categories":[9653],"tags":[1111,11,2430,271,272,7539,1777,674,274,107,1011,27,3367,12,25,4001,7538],"class_list":{"0":"post-553334","1":"post","2":"type-post","3":"status-publish","4":"format-standard","5":"has-post-thumbnail","7":"category-saint-etienne","8":"tag-actu","9":"tag-actualites","10":"tag-auvergne-rhone-alpes","11":"tag-crime","12":"tag-delit-et-contravention","13":"tag-edition-loire-sud","14":"tag-eu","15":"tag-europe","16":"tag-faits-divers-justice","17":"tag-fil-info","18":"tag-fr","19":"tag-france","20":"tag-loire","21":"tag-news","22":"tag-republique-francaise","23":"tag-saint-etienne","24":"tag-saint-etienne-ville"},"share_on_mastodon":{"url":"https:\/\/pubeurope.com\/@fr\/115598984744319321","error":""},"_links":{"self":[{"href":"https:\/\/www.europesays.com\/fr\/wp-json\/wp\/v2\/posts\/553334","targetHints":{"allow":["GET"]}}],"collection":[{"href":"https:\/\/www.europesays.com\/fr\/wp-json\/wp\/v2\/posts"}],"about":[{"href":"https:\/\/www.europesays.com\/fr\/wp-json\/wp\/v2\/types\/post"}],"author":[{"embeddable":true,"href":"https:\/\/www.europesays.com\/fr\/wp-json\/wp\/v2\/users\/2"}],"replies":[{"embeddable":true,"href":"https:\/\/www.europesays.com\/fr\/wp-json\/wp\/v2\/comments?post=553334"}],"version-history":[{"count":0,"href":"https:\/\/www.europesays.com\/fr\/wp-json\/wp\/v2\/posts\/553334\/revisions"}],"wp:featuredmedia":[{"embeddable":true,"href":"https:\/\/www.europesays.com\/fr\/wp-json\/wp\/v2\/media\/553335"}],"wp:attachment":[{"href":"https:\/\/www.europesays.com\/fr\/wp-json\/wp\/v2\/media?parent=553334"}],"wp:term":[{"taxonomy":"category","embeddable":true,"href":"https:\/\/www.europesays.com\/fr\/wp-json\/wp\/v2\/categories?post=553334"},{"taxonomy":"post_tag","embeddable":true,"href":"https:\/\/www.europesays.com\/fr\/wp-json\/wp\/v2\/tags?post=553334"}],"curies":[{"name":"wp","href":"https:\/\/api.w.org\/{rel}","templated":true}]}}