{"id":55334,"date":"2025-04-26T21:35:21","date_gmt":"2025-04-26T21:35:21","guid":{"rendered":"https:\/\/www.europesays.com\/fr\/55334\/"},"modified":"2025-04-26T21:35:21","modified_gmt":"2025-04-26T21:35:21","slug":"un-suspect-arrete-selon-les-services-secrets-russes","status":"publish","type":"post","link":"https:\/\/www.europesays.com\/fr\/55334\/","title":{"rendered":"un suspect arr\u00eat\u00e9, selon les services secrets russes"},"content":{"rendered":"<p>Les services secrets russes (FSB) ont annonc\u00e9 samedi l&rsquo;arrestation d&rsquo;un homme travaillant pour l&rsquo;Ukraine, soup\u00e7onn\u00e9 d&rsquo;avoir tu\u00e9 un g\u00e9n\u00e9ral russe dans l&rsquo;explosion d&rsquo;une voiture pr\u00e8s de Moscou.<\/p>\n<p>Moscou avait d\u00e9j\u00e0 accus\u00e9 Kiev d&rsquo;\u00eatre derri\u00e8re l&rsquo;explosion ayant co\u00fbt\u00e9 la vie vendredi au g\u00e9n\u00e9ral russe Iaroslav Moskalik, chef adjoint de la Direction g\u00e9n\u00e9rale op\u00e9rationnelle de l&rsquo;\u00e9tat-major des forces arm\u00e9es russes.<\/p>\n<p>\u00ab\u00a0L&rsquo;agent des services sp\u00e9ciaux ukrainiens Ignat Kuzin, n\u00e9 en 1983 et r\u00e9sidant en Ukraine, qui avait plac\u00e9 des explosifs dans une Volkswagen Golf \u00e0 Balashikha, dans la r\u00e9gion de Moscou, tuant le lieutenant-g\u00e9n\u00e9ral Iaroslav Moskalik, a \u00e9t\u00e9 arr\u00eat\u00e9\u00a0\u00bb, a indiqu\u00e9 le FSB dans un communiqu\u00e9.<\/p>\n<p>Selon le FSB, M. Kuzin avait install\u00e9 dans la voiture du g\u00e9n\u00e9ral une bombe artisanale, qu&rsquo;il avait prise dans une cachette des services sp\u00e9ciaux ukrainiens dans la r\u00e9gion de Moscou. La bombe a ensuite \u00e9t\u00e9 d\u00e9clench\u00e9e par t\u00e9l\u00e9commande depuis l&rsquo;Ukraine, affirme le FSB.<\/p>\n<p>Le suspect, qui risque la prison \u00e0 vie s&rsquo;il est condamn\u00e9 pour \u00ab\u00a0terrorisme\u00a0\u00bb, est actuellement interrog\u00e9 par les enqu\u00eateurs, a indiqu\u00e9 le Comit\u00e9 d&rsquo;enqu\u00eate russe, organisme charg\u00e9 des affaires les plus sensibles.<\/p>\n<p>L&rsquo;Ukraine n&rsquo;a pas fait de commentaire sur l&rsquo;attentat, qui ressemble \u00e0 d&rsquo;autres attaques men\u00e9es ces trois derni\u00e8res ann\u00e9es contre des hauts grad\u00e9s de l&rsquo;arm\u00e9e russe et des partisans influents du Kremlin.<\/p>\n<p>bur\/sbk\/mba\/dth<\/p>\n","protected":false},"excerpt":{"rendered":"Les services secrets russes (FSB) ont annonc\u00e9 samedi l&rsquo;arrestation d&rsquo;un homme travaillant pour l&rsquo;Ukraine, soup\u00e7onn\u00e9 d&rsquo;avoir tu\u00e9 un&hellip;\n","protected":false},"author":2,"featured_media":55335,"comment_status":"","ping_status":"","sticky":false,"template":"","format":"standard","meta":{"footnotes":""},"categories":[1591],"tags":[11,15004,1887,3160,15005,5493,1916,12,1885,1886,132],"class_list":{"0":"post-55334","1":"post","2":"type-post","3":"status-publish","4":"format-standard","5":"has-post-thumbnail","7":"category-russie","8":"tag-actualites","9":"tag-cote-dune-voiture","10":"tag-federation-de-russie","11":"tag-forces-de-lordre","12":"tag-fsb","13":"tag-lukraine","14":"tag-moscou","15":"tag-news","16":"tag-russia","17":"tag-russian-federation","18":"tag-russie"},"share_on_mastodon":{"url":"https:\/\/pubeurope.com\/@fr\/114406419579466487","error":""},"_links":{"self":[{"href":"https:\/\/www.europesays.com\/fr\/wp-json\/wp\/v2\/posts\/55334","targetHints":{"allow":["GET"]}}],"collection":[{"href":"https:\/\/www.europesays.com\/fr\/wp-json\/wp\/v2\/posts"}],"about":[{"href":"https:\/\/www.europesays.com\/fr\/wp-json\/wp\/v2\/types\/post"}],"author":[{"embeddable":true,"href":"https:\/\/www.europesays.com\/fr\/wp-json\/wp\/v2\/users\/2"}],"replies":[{"embeddable":true,"href":"https:\/\/www.europesays.com\/fr\/wp-json\/wp\/v2\/comments?post=55334"}],"version-history":[{"count":0,"href":"https:\/\/www.europesays.com\/fr\/wp-json\/wp\/v2\/posts\/55334\/revisions"}],"wp:featuredmedia":[{"embeddable":true,"href":"https:\/\/www.europesays.com\/fr\/wp-json\/wp\/v2\/media\/55335"}],"wp:attachment":[{"href":"https:\/\/www.europesays.com\/fr\/wp-json\/wp\/v2\/media?parent=55334"}],"wp:term":[{"taxonomy":"category","embeddable":true,"href":"https:\/\/www.europesays.com\/fr\/wp-json\/wp\/v2\/categories?post=55334"},{"taxonomy":"post_tag","embeddable":true,"href":"https:\/\/www.europesays.com\/fr\/wp-json\/wp\/v2\/tags?post=55334"}],"curies":[{"name":"wp","href":"https:\/\/api.w.org\/{rel}","templated":true}]}}