{"id":553344,"date":"2025-11-23T12:26:18","date_gmt":"2025-11-23T12:26:18","guid":{"rendered":"https:\/\/www.europesays.com\/fr\/553344\/"},"modified":"2025-11-23T12:26:18","modified_gmt":"2025-11-23T12:26:18","slug":"stade-francais-toulon-les-compositions-officielles","status":"publish","type":"post","link":"https:\/\/www.europesays.com\/fr\/553344\/","title":{"rendered":"Stade Fran\u00e7ais-Toulon : Les compositions officielles"},"content":{"rendered":"<p style=\"text-align: justify;\"><strong>Le Stade Fran\u00e7ais affronte le RC Toulon dans le cadre de la 10\u1d49 journ\u00e9e de Top 14. Retrouvez les compositions des deux \u00e9quipes.<\/strong><\/p>\n<p style=\"text-align: justify;\">Choc entre deux \u00e9quipes qui visent les phases finales cette saison. Le <strong>Stade<\/strong> <strong>Fran\u00e7ais<\/strong> est toujours invaincu \u00e0 domicile cette saison alors que <strong>Toulon<\/strong> peine \u00e0 voyager ces derni\u00e8res semaines. Le <strong>RCT<\/strong> reste cependant sur deux victoires de rang \u00e0 domicile, face \u00e0 <strong>La<\/strong> <strong>Rochelle<\/strong> et <strong>Lyon<\/strong>.<\/p>\n<p>Toulon se cherche \u00e0 l\u2019ext\u00e9rieur<\/p>\n<p style=\"text-align: justify;\"><strong>Sekou<\/strong> <strong>Macalou<\/strong> va commencer la rencontre sur le banc de touche alors que <strong>Yoan<\/strong> <strong>Tanga<\/strong> est align\u00e9 au poste de troisi\u00e8me ligne centre. <strong>Louis<\/strong> <strong>Carbonel<\/strong> et <strong>Tawera<\/strong> <strong>Kerr-Barlow<\/strong> sont align\u00e9s \u00e0 la charni\u00e8re alors que L\u00e9o Barr\u00e9 d\u00e9butera \u00e0 l\u2019arri\u00e8re. <strong>Noah Nene<\/strong> est lui titulaire au poste de premier centre.<\/p>\n<p style=\"text-align: justify;\">Le <strong>RC<\/strong> <strong>Toulon<\/strong> est priv\u00e9 de <strong>Charles<\/strong> <strong>Ollivon<\/strong> pour cette rencontre, titulaire et sorti bless\u00e9 avec le <strong>XV<\/strong> <strong>de<\/strong> <strong>France<\/strong> samedi soir. <strong>Pierre<\/strong> <strong>Mignoni<\/strong> doit composer avec des absences dans sa ligne de trois-quarts et le jeune <strong>Mat\u00e9o<\/strong> <strong>Gracieux<\/strong> est titulaire pour la premi\u00e8re fois \u00e0 l\u2019aile.<\/p>\n<p>Les compositions officielles de Stade Fran\u00e7ais \u2013 Toulon<br \/>\nLa composition du Stade Fran\u00e7ais<\/p>\n<p style=\"text-align: justify;\"><strong>XV de d\u00e9part<\/strong> : 15. Barr\u00e9\u2005; 14. Dakuwaqa, 13.Ward, 12.Nene,\u00a011.Ezeala\u2005; 10.Carbonel, 9. Kerr-Barlow\u2005; 7.Briatte, 8. Tanga, 6.Halaifonua\u2005; 5. Pesenti, 4.Gabrillagues (cap.)\u2005; 3.Melikidze, 2.Garcia, 1.M. Alo-Emile.<\/p>\n<p style=\"text-align: justify;\"><strong>Les rempla\u00e7ants<\/strong> : 16. Nicotera, 17. Iscaro, 18. Azagoh, 19. Macalou, 20. Abadie, 21. Marchant, 22. Hirigoyen, 23. P. Alo-Emile.<\/p>\n<p>\n<a href=\"https:\/\/dicodusport.fr\/blog\/offres\/abonnements-sans-pub\/\" target=\"_blank\" rel=\"noopener\"><img loading=\"lazy\" decoding=\"async\" class=\"alignnone size-full wp-image-501284 perfmatters-lazy\" alt=\"\" width=\"1200\" height=\"200\" src=\"https:\/\/www.europesays.com\/fr\/wp-content\/uploads\/2025\/04\/Abonnements-sans-pubs-Dicodusport.png\"\/><\/a><\/p>\n<p>La composition de Toulon<\/p>\n<p style=\"text-align: justify;\"><strong>XV de d\u00e9part<\/strong> : 15. Jaminet\u2005; 14. Gracieux, 13. Sma\u00efli, 12. Sinzelle, 11. Fert\u00e9\u2005; 10. Garcia, 9. Le Bail\u2005; 7. Ludlam, 8. Mercer, 6. Quere Karaba\u2005; 5.Alainu\u2019uese, 4. S. Rebbadj (cap.)\u2005; 3. Sinckler, 2. Damond, 1. D.Brennan.<\/p>\n<p style=\"text-align: justify;\"><strong>Les rempla\u00e7ants<\/strong> : 16. Baubigny, 17. Ametlla, 18. Mezou, 19. Abadie, 20. Coulon, 21. Cowie, 22. Mechentel, 23. Narmania.<\/p>\n<p>Les cotes de Stade Fran\u00e7ais \u2013 Toulon<\/p>\n<tr style=\"height: 16px;\">\n<td style=\"background-color: #404040; text-align: left; border-color: #ededed; width: 500px;\" colspan=\"3\">Dimanche 23 novembre 2025, 21h05<\/td>\n<\/tr>\n<tr style=\"height: 24px;\">\n<td style=\"background-color: #ffffff; border-color: #ededed; vertical-align: middle; text-align: center; width: 266px;\"><b>Stade Fran\u00e7ais<br \/><\/b><a href=\"https:\/\/www.winamax.fr\/paris-sportifs\/match\/62109212?banid=33423\" class=\"su-button su-button-style-flat su-button-wide\" style=\"color:#fff;background-color:#000;border-color:#000000;border-radius:5px\" target=\"_blank\" rel=\"noopener noreferrer\"> 1.40<\/a><\/td>\n<td style=\"background-color: #ffffff; border-color: #ededed; vertical-align: middle; text-align: center; width: 266px;\"><strong>Match nul<\/strong><br \/><a href=\"https:\/\/www.winamax.fr\/paris-sportifs\/match\/62109212?banid=33423\" class=\"su-button su-button-style-flat su-button-wide\" style=\"color:#fff;background-color:#000;border-color:#000000;border-radius:5px\" target=\"_blank\" rel=\"noopener noreferrer\"> 19<\/a><\/td>\n<td style=\"background-color: #ffffff; border-color: #ededed; vertical-align: middle; text-align: center; width: 266px;\"><b>Toulon<\/b><br \/><a href=\"https:\/\/www.winamax.fr\/paris-sportifs\/match\/62109212?banid=33423\" class=\"su-button su-button-style-flat su-button-wide\" style=\"color:#fff;background-color:#000;border-color:#000000;border-radius:5px\" target=\"_blank\" rel=\"noopener noreferrer\"> 2.75<\/a><\/td>\n<\/tr>\n<p style=\"text-align: justify;\">Tentez votre chance en profitant de votre <a href=\"https:\/\/www.winamax.fr\/registration\/landing\/affiliation_Bonus100?banid=33423\" target=\"_blank\" rel=\"noopener\">1er d\u00e9p\u00f4t doubl\u00e9 jusqu\u2019\u00e0 100 \u20ac<\/a> direct en paris gratuits sur Winamax !<\/p>\n","protected":false},"excerpt":{"rendered":"Le Stade Fran\u00e7ais affronte le RC Toulon dans le cadre de la 10\u1d49 journ\u00e9e de Top 14. Retrouvez&hellip;\n","protected":false},"author":2,"featured_media":553345,"comment_status":"","ping_status":"","sticky":false,"template":"","format":"standard","meta":{"footnotes":""},"categories":[9619],"tags":[1111,11,2113,1777,674,1011,27,12,882,25,2558,478,2310],"class_list":{"0":"post-553344","1":"post","2":"type-post","3":"status-publish","4":"format-standard","5":"has-post-thumbnail","7":"category-toulon","8":"tag-actu","9":"tag-actualites","10":"tag-breve","11":"tag-eu","12":"tag-europe","13":"tag-fr","14":"tag-france","15":"tag-news","16":"tag-provence-alpes-cote-dazur","17":"tag-republique-francaise","18":"tag-stade-francais","19":"tag-top-14","20":"tag-toulon"},"share_on_mastodon":{"url":"https:\/\/pubeurope.com\/@fr\/115599009136714752","error":""},"_links":{"self":[{"href":"https:\/\/www.europesays.com\/fr\/wp-json\/wp\/v2\/posts\/553344","targetHints":{"allow":["GET"]}}],"collection":[{"href":"https:\/\/www.europesays.com\/fr\/wp-json\/wp\/v2\/posts"}],"about":[{"href":"https:\/\/www.europesays.com\/fr\/wp-json\/wp\/v2\/types\/post"}],"author":[{"embeddable":true,"href":"https:\/\/www.europesays.com\/fr\/wp-json\/wp\/v2\/users\/2"}],"replies":[{"embeddable":true,"href":"https:\/\/www.europesays.com\/fr\/wp-json\/wp\/v2\/comments?post=553344"}],"version-history":[{"count":0,"href":"https:\/\/www.europesays.com\/fr\/wp-json\/wp\/v2\/posts\/553344\/revisions"}],"wp:featuredmedia":[{"embeddable":true,"href":"https:\/\/www.europesays.com\/fr\/wp-json\/wp\/v2\/media\/553345"}],"wp:attachment":[{"href":"https:\/\/www.europesays.com\/fr\/wp-json\/wp\/v2\/media?parent=553344"}],"wp:term":[{"taxonomy":"category","embeddable":true,"href":"https:\/\/www.europesays.com\/fr\/wp-json\/wp\/v2\/categories?post=553344"},{"taxonomy":"post_tag","embeddable":true,"href":"https:\/\/www.europesays.com\/fr\/wp-json\/wp\/v2\/tags?post=553344"}],"curies":[{"name":"wp","href":"https:\/\/api.w.org\/{rel}","templated":true}]}}