{"id":553350,"date":"2025-11-23T12:29:15","date_gmt":"2025-11-23T12:29:15","guid":{"rendered":"https:\/\/www.europesays.com\/fr\/553350\/"},"modified":"2025-11-23T12:29:15","modified_gmt":"2025-11-23T12:29:15","slug":"pres-de-rouen-lhistoire-retrouvee-dinsa-sira-tirailleur-senegalais-mort-pour-la-france-en-1940","status":"publish","type":"post","link":"https:\/\/www.europesays.com\/fr\/553350\/","title":{"rendered":"Pr\u00e8s de Rouen, l&rsquo;histoire retrouv\u00e9e d&rsquo;Insa Sira, tirailleur s\u00e9n\u00e9galais, mort pour la France en 1940"},"content":{"rendered":"<p>                    Par<br \/>\n        <strong><br \/>\n            <a href=\"https:\/\/actu.fr\/auteur\/laredaction\" title=\"Consulter tous les articles de R\u00e9daction Normandie\" target=\"_blank\" rel=\"noopener\">R\u00e9daction Normandie<\/a><br \/>\n                    <\/strong><\/p>\n<p>        Publi\u00e9 le<\/p>\n<p>            23 nov. 2025 \u00e0 12h01<br \/>\n        ; mis \u00e0 jour le 23 nov. 2025 \u00e0 12h05    <\/p>\n<p><strong>On savait qu\u2019Insa Sira<\/strong> \u00e9tait enterr\u00e9 dans le cimeti\u00e8re de <a href=\"https:\/\/actu.fr\/normandie\/belbeuf_76069\" target=\"_blank\" rel=\"noopener\">Belbeuf<\/a> gr\u00e2ce aux travaux de recherche de Jean-Louis Roussel, professeur \u00e0 l\u2019Inspe (Institut National Sup\u00e9rieur du Professorat et de l\u2019\u00c9ducation) <strong>de l\u2019Universit\u00e9 de Rouen Normandie<\/strong>. Il a co\u00e9crit avec Guillaume Lemaitre et Laurent Martin, Crimes de guerre, 9\u00a0juin 1940. Il s\u2019est int\u00e9ress\u00e9 a<strong>ux massacres racistes commis \u00e0 Rouen par les Allemands<\/strong> pendant la Seconde Guerre mondiale. Il a retrouv\u00e9 la trace d\u2019Insa Sira, tirailleur s\u00e9n\u00e9galais, abattu \u00e0 Belbeuf le 9 juin 1940. Il a racont\u00e9 son histoire, lors de la c\u00e9r\u00e9monie du 11-novembre.<\/p>\n<p>N\u00e9 en 1913 au S\u00e9n\u00e9gal<\/p>\n<p class=\" wall-content\">Dans son discours, Jean-Louis Roussel a expos\u00e9 qu\u2019Insa Sira, n\u00e9 en 1913 au S\u00e9n\u00e9gal, a \u00e9t\u00e9 mobilis\u00e9 en septembre\u00a01939 avec 180 000 hommes africains pour rejoindre l\u2019arm\u00e9e fran\u00e7aise. Il a int\u00e9gr\u00e9 le 6e r\u00e9giment d\u2019artillerie coloniale et est arriv\u00e9 \u00e0 Bordeaux le 7\u00a0janvier 1940. Comme lui, 40 000 Africains viendront se battre en France, 17 000 seront tu\u00e9s entre mai et juin\u00a01940.<\/p>\n<p>Qu\u2019est-il arriv\u00e9 \u00e0 Insa Sira ?<\/p>\n<p class=\" wall-content\">\u00ab Dans pr\u00e8s de 60 villes en France, des crimes racistes ont \u00e9t\u00e9 commis par les Allemands. Insa Sira a probablement \u00e9t\u00e9 affect\u00e9 au 208e r\u00e9giment d\u2019artillerie coloniale. Il \u00e9tait \u00e0 Aumale le 5\u00a0mai 1940, le lendemain, il se retrouvait face aux Allemands, la 7e Panzer division de Rommel. Son r\u00e9giment est alors pratiquement an\u00e9anti. Les rares survivants passeront la Seine \u00e0 Pont-de-l\u2019Arche. Le 9\u00a0juin, alors que son r\u00e9giment est totalement perdu, il se retrouve seul \u00e0 Belbeuf et est abattu par les Allemands. Il avait 27\u00a0ans \u00bb, raconte Jean-Louis Roussel.<\/p>\n<p class=\" wall-content\">Le maire de Belbeuf de l\u2019\u00e9poque a sign\u00e9 un acte d\u2019\u00c9tat civil dat\u00e9 du 23\u00a0septembre 1940 d\u00e9clarant Insa Sira Mort pour la France. Le probl\u00e8me, c\u2019est qu\u2019il a \u00e9t\u00e9 enregistr\u00e9 sous le nom figurant sur la plaque qu\u2019il portait sur lui, Sin\u00e9 Saloum, qui \u00e9tait le nom de sa province de naissance. D\u2019autres cafouillages administratifs ont suivi, plus invraisemblables les uns que les autres. Il n\u2019a finalement retrouv\u00e9 sa v\u00e9ritable identit\u00e9 qu\u2019en 1956.<\/p>\n<p class=\" wall-content\">\u00ab Avec Laurent Martin, j\u2019ai engag\u00e9, il y a cinq ans, des recherches pour retrouver sa tombe. Celle-ci a disparu, encore une faute administrative grave puisqu\u2019il est reconnu Mort pour la France \u00bb, poursuit Jean-Louis Roussel. \u00c0 l\u2019\u00e9poque, le maire avait inscrit que sa tombe \u00e9tait la num\u00e9ro une. Malheureusement, on ne l\u2019a pas retrouv\u00e9e dans le cimeti\u00e8re.<\/p>\n<p>Une plaque pour lui rendre son nom et son histoire<\/p>\n<p class=\" wall-content\">Le maire de Belbeuf, Jean-Guy Lecouteux, avec le soutien du Souvenir Fran\u00e7ais de Belbeuf, pr\u00e9sid\u00e9 par Jordan Legrand, a donc d\u00e9cid\u00e9 de rendre \u00e0 Insa Sira son nom et son histoire, au moyen d\u2019une plaque comm\u00e9morative en sa m\u00e9moire. \u00ab Par votre geste, Monsieur le Maire, vous contribuez \u00e0 la construction d\u2019une histoire commune dans une soci\u00e9t\u00e9 fran\u00e7aise marqu\u00e9e par la diversit\u00e9 et qui, si elle veut avoir un avenir, ne doit rien oublier du pass\u00e9 \u00bb, a conclu Jean-Louis Roussel.<\/p>\n<p class=\" wall-content\">Pour qu\u2019il ne soit plus jamais oubli\u00e9, le nom d\u2019Insa Sira, Mort pour la France, a \u00e9t\u00e9 grav\u00e9 sur le monument aux morts.<\/p>\n<p>Votre r\u00e9gion, votre actu !<\/p>\n<p>Recevez chaque jour les infos qui comptent pour vous.<\/p>\n<p>\t<a href=\"https:\/\/actu.fr\/newsletter\" class=\"ac-btn ac-btn--corner ac-btn--medium ac-btn--blue800\" target=\"_blank\" rel=\"noopener\">S&rsquo;incrire<\/a><br \/>\nSuivez l\u2019actualit\u00e9 de Rouen <a href=\"https:\/\/www.whatsapp.com\/channel\/0029VaKfnf99hXF2ddApFB1D\" target=\"_blank\" rel=\"noopener\">sur notre cha\u00eene WhatsApp<\/a> et <a href=\"https:\/\/www.tiktok.com\/@76actu.fr?lang=fr\" target=\"_blank\" rel=\"noopener\">sur notre compte TikTok<\/a><\/p>\n<p class=\" wall-content\">Personnalisez votre actualit\u00e9 en ajoutant vos villes et m\u00e9dias en favori avec <a href=\"https:\/\/moncompte.actu.fr\" title=\"D\u00e9couvez Mon Actu\" rel=\"nofollow noopener\" data-trk=\"{&quot;cta&quot;:{&quot;action&quot;:&quot;https:\\\/\\\/moncompte.actu.fr&quot;,&quot;category&quot;:&quot;mon compte&quot;,&quot;from&quot;:&quot;article footer&quot;,&quot;name&quot;:&quot;Mon actu&quot;,&quot;type&quot;:&quot;cta&quot;}}\" target=\"_blank\">Mon Actu<\/a>.<\/p>\n<p>                    <script async src=\"\/\/www.tiktok.com\/embed.js\"><\/script><\/p>\n","protected":false},"excerpt":{"rendered":"Par R\u00e9daction Normandie Publi\u00e9 le 23 nov. 2025 \u00e0 12h01 ; mis \u00e0 jour le 23 nov. 2025&hellip;\n","protected":false},"author":2,"featured_media":553351,"comment_status":"","ping_status":"","sticky":false,"template":"","format":"standard","meta":{"footnotes":""},"categories":[9587],"tags":[1111,11,1777,674,1011,27,937,58904,12,5161,2551,25,9590],"class_list":{"0":"post-553350","1":"post","2":"type-post","3":"status-publish","4":"format-standard","5":"has-post-thumbnail","7":"category-rouen","8":"tag-actu","9":"tag-actualites","10":"tag-eu","11":"tag-europe","12":"tag-fr","13":"tag-france","14":"tag-histoire","15":"tag-histoire-patrimoine","16":"tag-news","17":"tag-normandie","18":"tag-patrimoine","19":"tag-republique-francaise","20":"tag-rouen"},"share_on_mastodon":{"url":"https:\/\/pubeurope.com\/@fr\/115599020031144691","error":""},"_links":{"self":[{"href":"https:\/\/www.europesays.com\/fr\/wp-json\/wp\/v2\/posts\/553350","targetHints":{"allow":["GET"]}}],"collection":[{"href":"https:\/\/www.europesays.com\/fr\/wp-json\/wp\/v2\/posts"}],"about":[{"href":"https:\/\/www.europesays.com\/fr\/wp-json\/wp\/v2\/types\/post"}],"author":[{"embeddable":true,"href":"https:\/\/www.europesays.com\/fr\/wp-json\/wp\/v2\/users\/2"}],"replies":[{"embeddable":true,"href":"https:\/\/www.europesays.com\/fr\/wp-json\/wp\/v2\/comments?post=553350"}],"version-history":[{"count":0,"href":"https:\/\/www.europesays.com\/fr\/wp-json\/wp\/v2\/posts\/553350\/revisions"}],"wp:featuredmedia":[{"embeddable":true,"href":"https:\/\/www.europesays.com\/fr\/wp-json\/wp\/v2\/media\/553351"}],"wp:attachment":[{"href":"https:\/\/www.europesays.com\/fr\/wp-json\/wp\/v2\/media?parent=553350"}],"wp:term":[{"taxonomy":"category","embeddable":true,"href":"https:\/\/www.europesays.com\/fr\/wp-json\/wp\/v2\/categories?post=553350"},{"taxonomy":"post_tag","embeddable":true,"href":"https:\/\/www.europesays.com\/fr\/wp-json\/wp\/v2\/tags?post=553350"}],"curies":[{"name":"wp","href":"https:\/\/api.w.org\/{rel}","templated":true}]}}