{"id":553353,"date":"2025-11-23T12:32:16","date_gmt":"2025-11-23T12:32:16","guid":{"rendered":"https:\/\/www.europesays.com\/fr\/553353\/"},"modified":"2025-11-23T12:32:16","modified_gmt":"2025-11-23T12:32:16","slug":"en-images-cette-eglise-a-larchitecture-unique-en-france-ferme-aujourdhui-a-grenoble","status":"publish","type":"post","link":"https:\/\/www.europesays.com\/fr\/553353\/","title":{"rendered":"En images. Cette \u00e9glise \u00e0 l&rsquo;architecture unique en France\u00a0ferme aujourd&rsquo;hui \u00e0 Grenoble"},"content":{"rendered":"<p>Aujourd&rsquo;hui, dimanche 23 novembre 2025, l&rsquo;\u00e9glise de l\u2019\u00cele verte \u00e0 Grenoble a d\u00e9finitivement ferm\u00e9 ses portes apr\u00e8s la messe.\u00a0Cette derni\u00e8re\u00a0a \u00e9t\u00e9 mise en vente par le dioc\u00e8se qui refuse de revenir sur sa d\u00e9cision malgr\u00e9 la mobilisation des fid\u00e8les. L\u2019\u00e9glise, \u00e0 l\u2019architecture unique en France, avait \u00e9t\u00e9 b\u00e2tie en 1967 au-dessous d\u2019un immeuble qui la surplombe.<\/p>\n","protected":false},"excerpt":{"rendered":"Aujourd&rsquo;hui, dimanche 23 novembre 2025, l&rsquo;\u00e9glise de l\u2019\u00cele verte \u00e0 Grenoble a d\u00e9finitivement ferm\u00e9 ses portes apr\u00e8s la&hellip;\n","protected":false},"author":2,"featured_media":553354,"comment_status":"","ping_status":"","sticky":false,"template":"","format":"standard","meta":{"footnotes":""},"categories":[9566],"tags":[1111,11,2430,112,1777,674,107,1011,27,5325,2798,2731,1757,108,12,5889,25,273,106,104],"class_list":{"0":"post-553353","1":"post","2":"type-post","3":"status-publish","4":"format-standard","5":"has-post-thumbnail","7":"category-grenoble","8":"tag-actu","9":"tag-actualites","10":"tag-auvergne-rhone-alpes","11":"tag-edition-grenoble-agglomeration","12":"tag-eu","13":"tag-europe","14":"tag-fil-info","15":"tag-fr","16":"tag-france","17":"tag-galerie-media","18":"tag-galerie-photo","19":"tag-grenoble","20":"tag-insolite","21":"tag-isere","22":"tag-news","23":"tag-religion-croyance","24":"tag-republique-francaise","25":"tag-selection-de-la-redaction","26":"tag-selection-de-la-redaction-38","27":"tag-societe"},"share_on_mastodon":{"url":"https:\/\/pubeurope.com\/@fr\/115599032093657115","error":""},"_links":{"self":[{"href":"https:\/\/www.europesays.com\/fr\/wp-json\/wp\/v2\/posts\/553353","targetHints":{"allow":["GET"]}}],"collection":[{"href":"https:\/\/www.europesays.com\/fr\/wp-json\/wp\/v2\/posts"}],"about":[{"href":"https:\/\/www.europesays.com\/fr\/wp-json\/wp\/v2\/types\/post"}],"author":[{"embeddable":true,"href":"https:\/\/www.europesays.com\/fr\/wp-json\/wp\/v2\/users\/2"}],"replies":[{"embeddable":true,"href":"https:\/\/www.europesays.com\/fr\/wp-json\/wp\/v2\/comments?post=553353"}],"version-history":[{"count":0,"href":"https:\/\/www.europesays.com\/fr\/wp-json\/wp\/v2\/posts\/553353\/revisions"}],"wp:featuredmedia":[{"embeddable":true,"href":"https:\/\/www.europesays.com\/fr\/wp-json\/wp\/v2\/media\/553354"}],"wp:attachment":[{"href":"https:\/\/www.europesays.com\/fr\/wp-json\/wp\/v2\/media?parent=553353"}],"wp:term":[{"taxonomy":"category","embeddable":true,"href":"https:\/\/www.europesays.com\/fr\/wp-json\/wp\/v2\/categories?post=553353"},{"taxonomy":"post_tag","embeddable":true,"href":"https:\/\/www.europesays.com\/fr\/wp-json\/wp\/v2\/tags?post=553353"}],"curies":[{"name":"wp","href":"https:\/\/api.w.org\/{rel}","templated":true}]}}