{"id":553355,"date":"2025-11-23T12:33:14","date_gmt":"2025-11-23T12:33:14","guid":{"rendered":"https:\/\/www.europesays.com\/fr\/553355\/"},"modified":"2025-11-23T12:33:14","modified_gmt":"2025-11-23T12:33:14","slug":"les-elus-interpellent-la-prefete","status":"publish","type":"post","link":"https:\/\/www.europesays.com\/fr\/553355\/","title":{"rendered":"les \u00e9lus interpellent la pr\u00e9f\u00e8te"},"content":{"rendered":"<p>Jusqu\u2019\u00e0 150 personnes, notamment des enfants en bas \u00e2ge, occupent, depuis mercredi dernier, une salle de r\u00e9union <a href=\"https:\/\/www.ledauphine.com\/social\/2025\/11\/19\/les-locaux-de-la-metropole-occupes-par-droit-au-logement\" target=\"_blank\" rel=\"noopener\">du si\u00e8ge de la M\u00e9tropole de Grenoble<\/a>, place Malraux. Des personnes en grande pr\u00e9carit\u00e9, sans-abri, dont plusieurs femmes enceintes et un grand nombre de travailleurs \u00e0 v\u00e9lo, accompagn\u00e9s par des associations comme le DAL38 et des b\u00e9n\u00e9voles. \u00ab\u00a0Tous ont \u00e9t\u00e9 <a href=\"https:\/\/www.ledauphine.com\/social\/2025\/11\/20\/isere-grenoble-expulses-des-logements-vides-qu-ils-occupaient-ils-ont-dormi-dans-les-locaux-de-la-metropole\" target=\"_blank\" rel=\"noopener\">expuls\u00e9s des logements qu\u2019ils occupaient<\/a>, place des G\u00e9ants dans le quartier de la Villeneuve, le 28\u00a0octobre et le 18\u00a0novembre dernier, par Actis\u00a0\u00bb, indiquait mercredi sur place, Rapha\u00ebl Beth, militant au sein du DAL.<\/p>\n<p>Le bailleur social pr\u00e9cisait de son c\u00f4t\u00e9 que \u00ab\u00a0ses services ou prestataires sont pass\u00e9s \u00e0 plusieurs reprises pour rencontrer les squatteurs, leur expliquer l\u2019ill\u00e9galit\u00e9 de leur situation et faciliter leur orientation vers les services comp\u00e9tents, afin de trouver une solution d\u2019h\u00e9bergement d\u2019urgence\u00a0\u00bb.<\/p>\n<p>\u00ab\u00a0Ces personnes fuient des marchands de sommeil\u00a0\u00bb<\/p>\n<p>Dans une lettre adress\u00e9e ce samedi 22\u00a0novembre \u00e0 la pr\u00e9f\u00e8te de l\u2019Is\u00e8re, Catherine S\u00e9guin, le pr\u00e9sident de Grenoble Alpes m\u00e9tropole, <a href=\"https:\/\/www.ledauphine.com\/p\/christophe-ferrari\" target=\"_blank\" rel=\"noopener\">Christophe Ferrari<\/a>, et son vice-pr\u00e9sident en charge du logement, J\u00e9r\u00f4me Rubes, pr\u00e9cisent que la collectivit\u00e9 a \u201c\u00e9videmment accept\u00e9 de les accueillir au sein de nos locaux, de les h\u00e9berger temporairement, ind\u00e9pendamment de leur statut, de leur origine, notamment pour deux raisons\u00a0: le froid qui s\u2019installe et des situations inacceptables d\u00e9peintes \u00e0 l\u2019occasion des rencontres formelles ou informelles depuis mercredi. Ces personnes fuient des marchands de sommeil, un syst\u00e8me mafieux, le racket, les menaces de mort et les violences physiques qui en r\u00e9sultent\u201d, \u00e9crivent les \u00e9lus. Les personnes accueillies d\u00e9noncent en effet des intimidations de la part de \u00ab\u00a0quelques habitants du quartier\u00a0\u00bb. \u00ab\u00a0Ils viennent avec des machettes nous demander de l\u2019argent. Il y a trois bandes, chacune demande cinquante euros ou plus\u00a0\u00bb, confiait Hanafiou, un homme d\u2019une quarantaine d\u2019ann\u00e9es, logeant encore au quartier de la Villeneuve. Une sorte de loyer \u00e0 payer pour occuper ces logements vacants.<\/p>\n<p>  \u00ab\u00a0L\u2019\u00c9tat, en charge de l\u2019h\u00e9bergement d\u2019urgence, ne peut pas \u00eatre absent\u00a0\u00bb<\/p>\n<p>\u201cFace \u00e0 l\u2019inacceptable [\u2026] nous croyons en la solidarit\u00e9. Notamment en la solidarit\u00e9 des \u00e9lus. L\u2019ensemble des maires de la M\u00e9tropole ont en ce sens \u00e9t\u00e9 sollicit\u00e9s pour apporter, autant que faire se peut, des solutions [\u2026.]. Car, la r\u00e9ponse ne pourra qu\u2019\u00eatre collective, partenariale et nous souhaitons \u00e9videmment que l\u2019\u00c9tat absent jusque-l\u00e0, et nous le regrettons profond\u00e9ment, en prenne toute sa part [\u2026]\u201d, ajoutent Christophe Ferrari et J\u00e9r\u00f4me Rubes qui souhaitent \u201cque des conditions dignes et s\u00e9curis\u00e9es d\u2019h\u00e9bergement, puis de relogement, soient propos\u00e9es dans les plus brefs d\u00e9lais, aucune famille, aucune personne, ne devant rester sans solution\u201d.<\/p>\n<p>La M\u00e9tropole indique b\u00e2tir \u201cpas \u00e0 pas, un \u00e9ventail de solutions mobilisables\u201d [\u2026] \u201cdans des b\u00e2timents m\u00e9tropolitains, des \u00e9quipements communaux, des biens en portage par l\u2019EPFL-D, qu\u2019il s\u2019agisse d\u2019appartements, de maisons, de sites inoccup\u00e9s \u00e0 vocation \u00e9conomique,\u2026\u201d Les deux \u00e9lus indiquent \u00e0 la pr\u00e9f\u00e8te qu\u2019ils la solliciteront \u201cdans les prochains jours\u201d, \u201cpour ouvrir un dialogue \u00e0 la hauteur des enjeux, avec les acteurs comp\u00e9tents et concern\u00e9s \u00e0 l\u2019instar du Conseil d\u00e9partemental, des bailleurs sociaux pour \u00e9changer urgemment autour de telles solutions, les modalit\u00e9s qu\u2019elles impliquent, ainsi que leur prise en charge. [\u2026] Nous comptons sur vous\u00a0; l\u2019\u00c9tat, en charge de l\u2019h\u00e9bergement d\u2019urgence, ne peut pas \u00eatre absent\u201d.<\/p>\n","protected":false},"excerpt":{"rendered":"Jusqu\u2019\u00e0 150 personnes, notamment des enfants en bas \u00e2ge, occupent, depuis mercredi dernier, une salle de r\u00e9union du&hellip;\n","protected":false},"author":2,"featured_media":553356,"comment_status":"","ping_status":"","sticky":false,"template":"","format":"standard","meta":{"footnotes":""},"categories":[9566],"tags":[1111,11,2430,112,1777,674,107,1011,27,2731,2732,108,1985,12,316,25,104],"class_list":{"0":"post-553355","1":"post","2":"type-post","3":"status-publish","4":"format-standard","5":"has-post-thumbnail","7":"category-grenoble","8":"tag-actu","9":"tag-actualites","10":"tag-auvergne-rhone-alpes","11":"tag-edition-grenoble-agglomeration","12":"tag-eu","13":"tag-europe","14":"tag-fil-info","15":"tag-fr","16":"tag-france","17":"tag-grenoble","18":"tag-grenoble-bassin","19":"tag-isere","20":"tag-metropole-de-grenoble","21":"tag-news","22":"tag-politique","23":"tag-republique-francaise","24":"tag-societe"},"share_on_mastodon":{"url":"https:\/\/pubeurope.com\/@fr\/115599035962830144","error":""},"_links":{"self":[{"href":"https:\/\/www.europesays.com\/fr\/wp-json\/wp\/v2\/posts\/553355","targetHints":{"allow":["GET"]}}],"collection":[{"href":"https:\/\/www.europesays.com\/fr\/wp-json\/wp\/v2\/posts"}],"about":[{"href":"https:\/\/www.europesays.com\/fr\/wp-json\/wp\/v2\/types\/post"}],"author":[{"embeddable":true,"href":"https:\/\/www.europesays.com\/fr\/wp-json\/wp\/v2\/users\/2"}],"replies":[{"embeddable":true,"href":"https:\/\/www.europesays.com\/fr\/wp-json\/wp\/v2\/comments?post=553355"}],"version-history":[{"count":0,"href":"https:\/\/www.europesays.com\/fr\/wp-json\/wp\/v2\/posts\/553355\/revisions"}],"wp:featuredmedia":[{"embeddable":true,"href":"https:\/\/www.europesays.com\/fr\/wp-json\/wp\/v2\/media\/553356"}],"wp:attachment":[{"href":"https:\/\/www.europesays.com\/fr\/wp-json\/wp\/v2\/media?parent=553355"}],"wp:term":[{"taxonomy":"category","embeddable":true,"href":"https:\/\/www.europesays.com\/fr\/wp-json\/wp\/v2\/categories?post=553355"},{"taxonomy":"post_tag","embeddable":true,"href":"https:\/\/www.europesays.com\/fr\/wp-json\/wp\/v2\/tags?post=553355"}],"curies":[{"name":"wp","href":"https:\/\/api.w.org\/{rel}","templated":true}]}}