{"id":553368,"date":"2025-11-23T12:41:25","date_gmt":"2025-11-23T12:41:25","guid":{"rendered":"https:\/\/www.europesays.com\/fr\/553368\/"},"modified":"2025-11-23T12:41:25","modified_gmt":"2025-11-23T12:41:25","slug":"ouverture-dune-agence-autoeasy-au-nord-de-nantes-2","status":"publish","type":"post","link":"https:\/\/www.europesays.com\/fr\/553368\/","title":{"rendered":"Ouverture d\u2019une agence AutoEasy au nord de Nantes"},"content":{"rendered":"<p>Situ\u00e9e face \u00e0 l\u2019entr\u00e9e du golf de l\u2019\u00c9pinay, l\u2019agence AutoEasy de Carquefou propose une offre compl\u00e8te pour vendre rapidement et en toute s\u00e9curit\u00e9 des v\u00e9hicules.<\/p>\n<p>Un service cl\u00e9 en main<\/p>\n<p>L\u2019agence AutoEasy de Carquefou s\u2019occupe de toutes les formalit\u00e9s li\u00e9es \u00e0 la vente d\u2019un v\u00e9hicule, telles que les certificats de cession ou de non-gage et l\u2019obtention de la nouvelle &#8230;<\/p>\n<p>\u00a0<\/p>\n","protected":false},"excerpt":{"rendered":"Situ\u00e9e face \u00e0 l\u2019entr\u00e9e du golf de l\u2019\u00c9pinay, l\u2019agence AutoEasy de Carquefou propose une offre compl\u00e8te pour vendre&hellip;\n","protected":false},"author":2,"featured_media":553141,"comment_status":"","ping_status":"","sticky":false,"template":"","format":"standard","meta":{"footnotes":""},"categories":[2818],"tags":[1111,11,54180,67023,1777,674,1011,27,766,12,1308,14570,2636,25],"class_list":{"0":"post-553368","1":"post","2":"type-post","3":"status-publish","4":"format-standard","5":"has-post-thumbnail","7":"category-nantes","8":"tag-actu","9":"tag-actualites","10":"tag-agence","11":"tag-autoeasy","12":"tag-eu","13":"tag-europe","14":"tag-fr","15":"tag-france","16":"tag-nantes","17":"tag-news","18":"tag-nord","19":"tag-ouverture","20":"tag-pays-de-la-loire","21":"tag-republique-francaise"},"share_on_mastodon":{"url":"https:\/\/pubeurope.com\/@fr\/115599067414189622","error":""},"_links":{"self":[{"href":"https:\/\/www.europesays.com\/fr\/wp-json\/wp\/v2\/posts\/553368","targetHints":{"allow":["GET"]}}],"collection":[{"href":"https:\/\/www.europesays.com\/fr\/wp-json\/wp\/v2\/posts"}],"about":[{"href":"https:\/\/www.europesays.com\/fr\/wp-json\/wp\/v2\/types\/post"}],"author":[{"embeddable":true,"href":"https:\/\/www.europesays.com\/fr\/wp-json\/wp\/v2\/users\/2"}],"replies":[{"embeddable":true,"href":"https:\/\/www.europesays.com\/fr\/wp-json\/wp\/v2\/comments?post=553368"}],"version-history":[{"count":0,"href":"https:\/\/www.europesays.com\/fr\/wp-json\/wp\/v2\/posts\/553368\/revisions"}],"wp:featuredmedia":[{"embeddable":true,"href":"https:\/\/www.europesays.com\/fr\/wp-json\/wp\/v2\/media\/553141"}],"wp:attachment":[{"href":"https:\/\/www.europesays.com\/fr\/wp-json\/wp\/v2\/media?parent=553368"}],"wp:term":[{"taxonomy":"category","embeddable":true,"href":"https:\/\/www.europesays.com\/fr\/wp-json\/wp\/v2\/categories?post=553368"},{"taxonomy":"post_tag","embeddable":true,"href":"https:\/\/www.europesays.com\/fr\/wp-json\/wp\/v2\/tags?post=553368"}],"curies":[{"name":"wp","href":"https:\/\/api.w.org\/{rel}","templated":true}]}}