{"id":553375,"date":"2025-11-23T12:47:14","date_gmt":"2025-11-23T12:47:14","guid":{"rendered":"https:\/\/www.europesays.com\/fr\/553375\/"},"modified":"2025-11-23T12:47:14","modified_gmt":"2025-11-23T12:47:14","slug":"ce-que-lon-sait-de-lincendie-qui-sest-declare-ce-matin-a-toulouse","status":"publish","type":"post","link":"https:\/\/www.europesays.com\/fr\/553375\/","title":{"rendered":"ce que l&rsquo;on sait de l&rsquo;incendie qui s&rsquo;est d\u00e9clar\u00e9 ce matin \u00e0 Toulouse"},"content":{"rendered":"<p>                    Par<br \/>\n        <strong><br \/>\n            <a href=\"https:\/\/actu.fr\/auteur\/mareva-laville-actu-fr\" title=\"Consulter tous les articles de Mar\u00e9va Laville\" rel=\"nofollow noopener\" target=\"_blank\">Mar\u00e9va Laville<\/a><br \/>\n                    <\/strong><\/p>\n<p>        Publi\u00e9 le<\/p>\n<p>            23 nov. 2025 \u00e0 13h03        <\/p>\n<p>250\u00a0m2 en proie aux flammes. Depuis ce dimanche 23\u00a0novembre 2025 matin, <a href=\"https:\/\/actu.fr\/occitanie\/toulouse_31555\/violent-feu-de-maison-dans-ce-quartier-de-toulouse-les-habitants-evacues_63475872.html\" rel=\"nofollow noopener\" target=\"_blank\">une maison appartenant \u00e0 Toulouse M\u00e9tropole subit un incendie.<\/a> Le feu qualifi\u00e9 de \u00ab\u2009violent\u2009\u00bb par les sapeurs-pompiers de Haute-Garonne mobilise 22 soldats du feu sur place. Il s\u2019agit d\u2019une <strong>maison squatt\u00e9e depuis plusieurs mois par des familles\u2026<\/strong> Ce que l\u2019on sait.<\/p>\n<p>Un feu de chemin\u00e9e comme origine<\/p>\n<p class=\" wall-content\">L\u2019incendie s\u2019est d\u00e9clench\u00e9 dans la matin\u00e9e, vers 10h, au 18 chemin du Mirail, dans le quartier \u00e9ponyme de Toulouse, juste en face du coll\u00e8ge Nicolas-Louis Vauquelin. D\u2019apr\u00e8s nos informations, le <strong>d\u00e9part du feu<\/strong> tient son origine dans la chemin\u00e9e. Les occupants de ce logement avaient tent\u00e9 d\u2019allumer un <strong>feu de chemin\u00e9e<\/strong>, dans un <strong>conduit non ramon\u00e9,<\/strong> pour se r\u00e9chauffer en ce tr\u00e8s frais dimanche.<\/p>\n<p>    <a href=\"https:\/\/www.google.com\/maps\/embed?pb=!1m18!1m12!1m3!1d2890.1426933135544!2d1.3975165758272516!3d43.58274405698539!2m3!1f0!2f0!3f0!3m2!1i1024!2i768!4f13.1!3m3!1m2!1s0x12aeba5227d39eb5%3A0x8cf992fd3881a86!2s18%20Chem.%20du%20Mirail%2C%2031100%20Toulouse!5e0!3m2!1sfr!2sfr!4v1763898332321!5m2!1sfr!2sfr\" title=\"Ouvrie le lien\" rel=\"nofollow noopener\" target=\"_blank\">Cliquez ici pour visualiser le contenu<\/a><\/p>\n<p>16\u00a0personnes \u00e9vacu\u00e9es dont des enfants en bas \u00e2ge<\/p>\n<p class=\" wall-content\">Au total, <strong>16\u00a0personnes,<\/strong> sans<strong> aucun bless\u00e9,<\/strong> ont d\u00fb \u00eatre \u00e9vacu\u00e9es\u2009: <strong>douze adultes<\/strong> et <strong>quatre enfants<\/strong>, pr\u00e9cise le Sdis 31. Il s\u2019agit de plusieurs familles d\u2019origine \u00e9trang\u00e8re \u00ab\u2009avec des <strong>enfants en bas \u00e2ge\u2009\u00bb<\/strong>, souligne la Mairie de Toulouse.<\/p>\n<p>Une maison squatt\u00e9e depuis cinq mois<\/p>\n<p class=\" wall-content\">\u00ab\u2009Elles squattaient le lieu depuis le mois de juillet\u2009\u00bb, d\u00e9clare le maire de quartier du Mirail, Ga\u00ebtan Cognard, \u00e0 Actu Toulouse. Soit un total de cinq mois.<\/p>\n<p>Vid\u00e9os : en ce moment sur Actu<\/p>\n<p class=\" wall-content\">La maison n\u2019\u00e9tait pas abandonn\u00e9e.<strong> Propri\u00e9t\u00e9 de Toulouse M\u00e9tropole<\/strong>, \u00ab\u2009elle doit faire l\u2019objet de travaux dans le <a href=\"https:\/\/actu.fr\/occitanie\/toulouse_31555\/toulouse-ou-en-est-la-demolition-des-quatre-barres-d-immeuble-de-ce-quartier-en-plein-renouvellement_61780531.html\" rel=\"nofollow noopener\" target=\"_blank\">cadre du projet de renouvellement urbain du Mirail\u2009<\/a>\u00bb, pr\u00e9cise le maire de quartier, soulag\u00e9 que l\u2019incendie n\u2019ait fait aucune victime.<\/p>\n<p>Quelles suites pour les familles\u2009?<\/p>\n<p class=\" wall-content\">La question reste toutefois\u2009: <strong>que vont devenir ces familles d\u00e9munies<\/strong> qui avaient trouv\u00e9 refuge ill\u00e9galement dans ce lieu\u2009? D\u2019apr\u00e8s la Mairie de Toulouse, c\u2019est \u00e0 l\u2019\u00c9tat de prendre le relais. La Pr\u00e9fecture ou le D\u00e9partement\u2009? En fonction de la situation juridique et des personnes impliqu\u00e9es, l\u2019une ou l\u2019autre institution devra, logiquement, agir. Contact\u00e9es, les deux n\u2019ont pour l\u2019heure pas donn\u00e9 d\u2019indications \u00e0 ce sujet.<\/p>\n<p>Votre r\u00e9gion, votre actu !<\/p>\n<p>Recevez chaque jour les infos qui comptent pour vous.<\/p>\n<p>\t<a href=\"https:\/\/actu.fr\/newsletter\" class=\"ac-btn ac-btn--corner ac-btn--medium ac-btn--blue800\" rel=\"nofollow noopener\" target=\"_blank\">S&rsquo;incrire<\/a><\/p>\n<p class=\" wall-content\">Sur place, les pompiers ont r\u00e9ussi \u00e0 <strong>\u00e9teindre le foyer principal<\/strong> en deux heures d\u2019intervention environ, \u00e0 l\u2019aide de deux lances \u00e0 eau, deux fourgons et une \u00e9chelle. Vers 12h ce dimanche, ils poursuivaient \u00ab\u2009leurs actions d\u2019extinction et de s\u00e9curisation des acc\u00e8s \u00e0 la maison\u2009\u00bb, d\u00e9taille le Sdis 31.<\/p>\n<p class=\" wall-content\">Personnalisez votre actualit\u00e9 en ajoutant vos villes et m\u00e9dias en favori avec <a href=\"https:\/\/moncompte.actu.fr\" title=\"D\u00e9couvez Mon Actu\" rel=\"nofollow noopener\" data-trk=\"{&quot;cta&quot;:{&quot;action&quot;:&quot;https:\\\/\\\/moncompte.actu.fr&quot;,&quot;category&quot;:&quot;mon compte&quot;,&quot;from&quot;:&quot;article footer&quot;,&quot;name&quot;:&quot;Mon actu&quot;,&quot;type&quot;:&quot;cta&quot;}}\" target=\"_blank\">Mon Actu<\/a>.<\/p>\n","protected":false},"excerpt":{"rendered":"Par Mar\u00e9va Laville Publi\u00e9 le 23 nov. 2025 \u00e0 13h03 250\u00a0m2 en proie aux flammes. Depuis ce dimanche&hellip;\n","protected":false},"author":2,"featured_media":553376,"comment_status":"","ping_status":"","sticky":false,"template":"","format":"standard","meta":{"footnotes":""},"categories":[2816],"tags":[1111,11,1777,674,118,1011,27,1310,12,2680,1311,25,2312],"class_list":{"0":"post-553375","1":"post","2":"type-post","3":"status-publish","4":"format-standard","5":"has-post-thumbnail","7":"category-toulouse","8":"tag-actu","9":"tag-actualites","10":"tag-eu","11":"tag-europe","12":"tag-faits-divers","13":"tag-fr","14":"tag-france","15":"tag-incendie","16":"tag-news","17":"tag-occitanie","18":"tag-pompiers","19":"tag-republique-francaise","20":"tag-toulouse"},"share_on_mastodon":{"url":"https:\/\/pubeurope.com\/@fr\/115599090846261767","error":""},"_links":{"self":[{"href":"https:\/\/www.europesays.com\/fr\/wp-json\/wp\/v2\/posts\/553375","targetHints":{"allow":["GET"]}}],"collection":[{"href":"https:\/\/www.europesays.com\/fr\/wp-json\/wp\/v2\/posts"}],"about":[{"href":"https:\/\/www.europesays.com\/fr\/wp-json\/wp\/v2\/types\/post"}],"author":[{"embeddable":true,"href":"https:\/\/www.europesays.com\/fr\/wp-json\/wp\/v2\/users\/2"}],"replies":[{"embeddable":true,"href":"https:\/\/www.europesays.com\/fr\/wp-json\/wp\/v2\/comments?post=553375"}],"version-history":[{"count":0,"href":"https:\/\/www.europesays.com\/fr\/wp-json\/wp\/v2\/posts\/553375\/revisions"}],"wp:featuredmedia":[{"embeddable":true,"href":"https:\/\/www.europesays.com\/fr\/wp-json\/wp\/v2\/media\/553376"}],"wp:attachment":[{"href":"https:\/\/www.europesays.com\/fr\/wp-json\/wp\/v2\/media?parent=553375"}],"wp:term":[{"taxonomy":"category","embeddable":true,"href":"https:\/\/www.europesays.com\/fr\/wp-json\/wp\/v2\/categories?post=553375"},{"taxonomy":"post_tag","embeddable":true,"href":"https:\/\/www.europesays.com\/fr\/wp-json\/wp\/v2\/tags?post=553375"}],"curies":[{"name":"wp","href":"https:\/\/api.w.org\/{rel}","templated":true}]}}