{"id":553377,"date":"2025-11-23T12:49:19","date_gmt":"2025-11-23T12:49:19","guid":{"rendered":"https:\/\/www.europesays.com\/fr\/553377\/"},"modified":"2025-11-23T12:49:19","modified_gmt":"2025-11-23T12:49:19","slug":"lille-paris-fc-les-compositions-probables","status":"publish","type":"post","link":"https:\/\/www.europesays.com\/fr\/553377\/","title":{"rendered":"Lille-Paris FC : Les compositions probables"},"content":{"rendered":"<p style=\"text-align: justify;\" align=\"justify\"><strong>LIGUE 1 2025-2026 \u2013 Selon L\u2019\u00c9quipe, voici les compositions probables du match entre Lille et le Paris FC pr\u00e9vu ce dimanche.<\/strong><\/p>\n<p style=\"text-align: justify;\">Le <strong>LOSC<\/strong> est sur une mauvaise dynamique avec trois d\u00e9faites lors de ses quatre derniers matchs. <strong>Lille<\/strong>\u00a0reste sur un revers sur la pelouse de <strong>Strasbourg<\/strong> sur le score de deux \u00e0 z\u00e9ro. Le <strong>Paris<\/strong> <strong>FC<\/strong> s\u2019est inclin\u00e9 face au Stade Rennais juste avant la tr\u00eave internationale, une semaine apr\u00e8s avoir fait un gros coup sur la pelouse de <strong>Monaco<\/strong>.<\/p>\n<p>Olivier Giroud titulaire<\/p>\n<p style=\"text-align: justify;\">Alors qu\u2019il n\u2019a pas marqu\u00e9 depuis deux mois, Olivier Giroud garde la confiance de <strong>Bruno<\/strong> <strong>G\u00e9n\u00e9sio<\/strong> et devrait \u00eatre pr\u00e9f\u00e9r\u00e9 \u00e0 <strong>Hamza<\/strong> <strong>Igamane<\/strong> \u00e0 la pointe de l\u2019attaque. <strong>Nabil<\/strong> <strong>Bentaleb<\/strong> et <strong>Ayyoub<\/strong> <strong>Bouaddi<\/strong> devraient \u00eatre associ\u00e9s au milieu de terrain.<\/p>\n<p style=\"text-align: justify;\">Le <strong>PFC<\/strong> devrait aligner sa triplette offensive des derni\u00e8res semaines avec <strong>Jean-Philippe Krasso<\/strong> \u00e0 la pointe de l\u2019attaque. L\u2019ancien <strong>St\u00e9phanois<\/strong> devrait \u00eatre pr\u00e9f\u00e9r\u00e9 \u00e0 <strong>Willem<\/strong> <strong>Geubbels<\/strong>. <strong>Otavio<\/strong> est lui suspendu et c\u2019est <strong>Samir<\/strong> <strong>Chergui<\/strong> qui est attendu \u00e0 sa place en d\u00e9fense centrale.<\/p>\n<p>Les compositions probables de Lille-Paris FC<br \/>\nLa composition de Lille<\/p>\n<p style=\"text-align: justify;\">\u00d6zer \u2013 Meunier, Mbemba, Mandi, Perraud \u2013 Bouaddi, Bentaleb \u2013 Correia, Haraldsson, Sahraoui \u2013 Giroud<\/p>\n<p>La composition du Paris FC<\/p>\n<p style=\"text-align: justify;\">Nkambadio \u2013 Traor\u00e9, Chergui, Mbow, De Smet \u2013 Lopez, Lees-Melou, Camara \u2013 Kebbal, Krasso, Simon<\/p>\n<p>Les cotes de Lille-Paris FC<\/p>\n<tr style=\"height: 16px;\">\n<td style=\"background-color: #404040; border-color: #ededed; width: 840px; text-align: left;\" colspan=\"3\"><strong><img loading=\"lazy\" decoding=\"async\" class=\"alignnone wp-image-512842 perfmatters-lazy\" alt=\"\" width=\"14\" height=\"13\" src=\"https:\/\/www.europesays.com\/fr\/wp-content\/uploads\/2025\/05\/Logo-Winamax.png\"  data-\/> Dimanche 23 novembre 20h45<\/strong><\/td>\n<\/tr>\n<tr style=\"height: 24px;\">\n<td style=\"background-color: #ffffff; border-color: #ededed; vertical-align: middle; text-align: center; width: 266px;\"><strong>Lille<br \/><\/strong><a href=\"https:\/\/www.winamax.fr\/paris-sportifs\/match\/61526204?banid=33423\" class=\"su-button su-button-style-flat su-button-wide\" style=\"color:#fff;background-color:#0860ff;border-color:#074dcc;border-radius:5px\" target=\"_blank\" rel=\"noopener noreferrer\"> 1.58<\/a><\/td>\n<td style=\"background-color: #ffffff; border-color: #ededed; vertical-align: middle; text-align: center; width: 266px;\"><strong>Match nul<\/strong><br \/><a href=\"https:\/\/www.winamax.fr\/paris-sportifs\/match\/61526204?banid=33423\" class=\"su-button su-button-style-flat su-button-wide\" style=\"color:#fff;background-color:#0860ff;border-color:#074dcc;border-radius:5px\" target=\"_blank\" rel=\"noopener noreferrer\"> 4.00<\/a><\/td>\n<td style=\"background-color: #ffffff; border-color: #ededed; vertical-align: middle; text-align: center; width: 266px;\"><strong>Paris FC<\/strong><br \/><a href=\"https:\/\/www.winamax.fr\/paris-sportifs\/match\/61526204?banid=33423\" class=\"su-button su-button-style-flat su-button-wide\" style=\"color:#fff;background-color:#0860ff;border-color:#074dcc;border-radius:5px\" target=\"_blank\" rel=\"noopener noreferrer\"> 4.80<\/a><\/td>\n<\/tr>\n<p style=\"text-align: justify;\">Tentez votre chance en profitant de votre <a href=\"https:\/\/www.winamax.fr\/registration\/landing\/affiliation_Bonus100?banid=33423\" target=\"_blank\" rel=\"noopener\">1er d\u00e9p\u00f4t doubl\u00e9 jusqu\u2019\u00e0 100 \u20ac<\/a> direct en paris gratuits sur Winamax !<\/p>\n","protected":false},"excerpt":{"rendered":"LIGUE 1 2025-2026 \u2013 Selon L\u2019\u00c9quipe, voici les compositions probables du match entre Lille et le Paris FC&hellip;\n","protected":false},"author":2,"featured_media":553378,"comment_status":"","ping_status":"","sticky":false,"template":"","format":"standard","meta":{"footnotes":""},"categories":[2815],"tags":[1111,11,2113,1777,674,63,1011,27,811,1307,44780,12,445,25],"class_list":{"0":"post-553377","1":"post","2":"type-post","3":"status-publish","4":"format-standard","5":"has-post-thumbnail","7":"category-lille","8":"tag-actu","9":"tag-actualites","10":"tag-breve","11":"tag-eu","12":"tag-europe","13":"tag-football","14":"tag-fr","15":"tag-france","16":"tag-hauts-de-france","17":"tag-lille","18":"tag-lille-osc","19":"tag-news","20":"tag-paris-fc","21":"tag-republique-francaise"},"share_on_mastodon":{"url":"https:\/\/pubeurope.com\/@fr\/115599099934511467","error":""},"_links":{"self":[{"href":"https:\/\/www.europesays.com\/fr\/wp-json\/wp\/v2\/posts\/553377","targetHints":{"allow":["GET"]}}],"collection":[{"href":"https:\/\/www.europesays.com\/fr\/wp-json\/wp\/v2\/posts"}],"about":[{"href":"https:\/\/www.europesays.com\/fr\/wp-json\/wp\/v2\/types\/post"}],"author":[{"embeddable":true,"href":"https:\/\/www.europesays.com\/fr\/wp-json\/wp\/v2\/users\/2"}],"replies":[{"embeddable":true,"href":"https:\/\/www.europesays.com\/fr\/wp-json\/wp\/v2\/comments?post=553377"}],"version-history":[{"count":0,"href":"https:\/\/www.europesays.com\/fr\/wp-json\/wp\/v2\/posts\/553377\/revisions"}],"wp:featuredmedia":[{"embeddable":true,"href":"https:\/\/www.europesays.com\/fr\/wp-json\/wp\/v2\/media\/553378"}],"wp:attachment":[{"href":"https:\/\/www.europesays.com\/fr\/wp-json\/wp\/v2\/media?parent=553377"}],"wp:term":[{"taxonomy":"category","embeddable":true,"href":"https:\/\/www.europesays.com\/fr\/wp-json\/wp\/v2\/categories?post=553377"},{"taxonomy":"post_tag","embeddable":true,"href":"https:\/\/www.europesays.com\/fr\/wp-json\/wp\/v2\/tags?post=553377"}],"curies":[{"name":"wp","href":"https:\/\/api.w.org\/{rel}","templated":true}]}}