{"id":553381,"date":"2025-11-23T12:51:14","date_gmt":"2025-11-23T12:51:14","guid":{"rendered":"https:\/\/www.europesays.com\/fr\/553381\/"},"modified":"2025-11-23T12:51:14","modified_gmt":"2025-11-23T12:51:14","slug":"marseille-on-savait-que-le-message-fort-de-barcola","status":"publish","type":"post","link":"https:\/\/www.europesays.com\/fr\/553381\/","title":{"rendered":"\u00ab\u00a0Marseille ? On savait que&#8230;\u00a0\u00bb, le message fort de Barcola !"},"content":{"rendered":"<p>Le Paris Saint-Germain ne tremble pas. Ce<br \/>\nsamedi soir, le club de la capitale s&rsquo;est impos\u00e9 face au HAC sur le<br \/>\nscore de 3 buts \u00e0 0 au Parc des Princes pour le compte de la 13e<br \/>\njourn\u00e9e de Ligue 1.<\/p>\n<p>Lee Kang-In, Joao Neves et Bradley Barcola ont permis aux Rouge<br \/>\net Bleu de prendre les 3 points et de repasser devant l\u2019Olympique<br \/>\nde Marseille et le Racing Club de Lens au classement. Les joueurs<br \/>\nde Luis Enrique ont deux points d\u2019avance sur leurs deux<br \/>\nconcurrents.<\/p>\n<blockquote class=\"twitter-tweet\"><p><a class=\"twitter-link\" rel=\"noindex, nofollow noopener\" href=\"https:\/\/twitter.com\/ligue1plus\/status\/1992357773124796832?s=20\" target=\"_blank\"><\/p><\/blockquote>\n<p>Apr\u00e8s la rencontre, Bradley Barcola s\u2019est montr\u00e9 satisfait de la<br \/>\nvictoire des siens et de sa prestation personnelle avec un but \u00e0 la<br \/>\ncl\u00e9. \u00ab\u00a0C\u2019\u00e9tait important, on savait que l\u2019OM \u00e9tait devant<br \/>\navant le match et il fallait gagner avec la mani\u00e8re. J\u2019ai eu un peu<br \/>\nde repos pendant la tr\u00eave donc je me sentais tr\u00e8s bien et marquer,<br \/>\n\u00e7a me permet de retrouver de la confiance.\u00a0On<br \/>\ntravaille beaucoup le fait de ne pas \u00eatre hors-jeu et quand j\u2019ai vu<br \/>\nKvara dans l\u2019axe, j\u2019ai d\u00e9clench\u00e9 l\u2019appel parce que je savais qu\u2019il<br \/>\nallait me la mettre. C\u2019est l\u2019exp\u00e9rience,\u00a0\u00bb a-t-il l\u00e2ch\u00e9<br \/>\nau micro de Ligue 1+.\u00a0<\/p>\n<p><strong>En confiance pour la C1<\/strong><\/p>\n<p>Le PSG a fait le travail en Ligue 1 face \u00e0 la formation du Havre<br \/>\nen s\u2019imposant assez facilement face aux hommes de Didier Digard.<br \/>\nD\u00e9sormais, les Franciliens sont tourn\u00e9s vers la rencontre de Ligue<br \/>\ndes Champions face \u00e0 Tottenham au Parc des Princes pour le compte<br \/>\nde la 5e journ\u00e9e de la phase r\u00e9guli\u00e8re.<\/p>\n<p>Sut le banc ce samedi soir, Bradley Barcola devrait sauf<br \/>\nsurprise d\u00e9marrer la rencontre face aux Spurs dans le 11 de d\u00e9part<br \/>\nde Luis Enrique. Khvicha Kvaratskhelia et Senny Mayulu devraient<br \/>\nl\u2019accompagner sur le front de l\u2019attaque. A moins que le technicien<br \/>\nespagnol ne d\u00e9cide de titulariser Kang-In Lee qui performe depuis<br \/>\nplusieurs semaines. Affaire \u00e0 suivre\u2026<\/p>\n<p><script async src=\"https:\/\/platform.twitter.com\/widgets.js\" charset=\"utf-8\"><\/script><\/p>\n","protected":false},"excerpt":{"rendered":"Le Paris Saint-Germain ne tremble pas. Ce samedi soir, le club de la capitale s&rsquo;est impos\u00e9 face au&hellip;\n","protected":false},"author":2,"featured_media":553382,"comment_status":"","ping_status":"","sticky":false,"template":"","format":"standard","meta":{"footnotes":""},"categories":[2814],"tags":[1111,11,1777,674,1011,27,884,12,882,25],"class_list":{"0":"post-553381","1":"post","2":"type-post","3":"status-publish","4":"format-standard","5":"has-post-thumbnail","7":"category-marseille","8":"tag-actu","9":"tag-actualites","10":"tag-eu","11":"tag-europe","12":"tag-fr","13":"tag-france","14":"tag-marseille","15":"tag-news","16":"tag-provence-alpes-cote-dazur","17":"tag-republique-francaise"},"share_on_mastodon":{"url":"https:\/\/pubeurope.com\/@fr\/115599107096884840","error":""},"_links":{"self":[{"href":"https:\/\/www.europesays.com\/fr\/wp-json\/wp\/v2\/posts\/553381","targetHints":{"allow":["GET"]}}],"collection":[{"href":"https:\/\/www.europesays.com\/fr\/wp-json\/wp\/v2\/posts"}],"about":[{"href":"https:\/\/www.europesays.com\/fr\/wp-json\/wp\/v2\/types\/post"}],"author":[{"embeddable":true,"href":"https:\/\/www.europesays.com\/fr\/wp-json\/wp\/v2\/users\/2"}],"replies":[{"embeddable":true,"href":"https:\/\/www.europesays.com\/fr\/wp-json\/wp\/v2\/comments?post=553381"}],"version-history":[{"count":0,"href":"https:\/\/www.europesays.com\/fr\/wp-json\/wp\/v2\/posts\/553381\/revisions"}],"wp:featuredmedia":[{"embeddable":true,"href":"https:\/\/www.europesays.com\/fr\/wp-json\/wp\/v2\/media\/553382"}],"wp:attachment":[{"href":"https:\/\/www.europesays.com\/fr\/wp-json\/wp\/v2\/media?parent=553381"}],"wp:term":[{"taxonomy":"category","embeddable":true,"href":"https:\/\/www.europesays.com\/fr\/wp-json\/wp\/v2\/categories?post=553381"},{"taxonomy":"post_tag","embeddable":true,"href":"https:\/\/www.europesays.com\/fr\/wp-json\/wp\/v2\/tags?post=553381"}],"curies":[{"name":"wp","href":"https:\/\/api.w.org\/{rel}","templated":true}]}}