{"id":553383,"date":"2025-11-23T12:52:26","date_gmt":"2025-11-23T12:52:26","guid":{"rendered":"https:\/\/www.europesays.com\/fr\/553383\/"},"modified":"2025-11-23T12:52:26","modified_gmt":"2025-11-23T12:52:26","slug":"la-biojolaise-defend-lart-de-travailler-la-vigne-sans-chimie","status":"publish","type":"post","link":"https:\/\/www.europesays.com\/fr\/553383\/","title":{"rendered":"La Biojolaise d\u00e9fend l&rsquo;art de travailler la vigne sans chimie"},"content":{"rendered":"<p>La Biojolaise est une association qui promeut le vin bio dans la r\u00e9gion. Son objectif premier est de permettre au raisin de s\u2019exprimer pleinement, refl\u00e9tant ainsi l\u2019authenticit\u00e9 et la richesse du terroir d\u2019o\u00f9 il est issu. Reste que peu de domaines se sont convertis au bio dans le Beaujolais\u2026<\/p>\n<p><strong>La Biojolaise <\/strong>d\u00e9fend l\u2019authenticit\u00e9 des vins bio, en organisant r\u00e9guli\u00e8rement des \u00e9v\u00e9nements. Notamment un <strong>salon des vins<\/strong> dans le cadre de \u00ab\u00a0<strong><a href=\"https:\/\/www.bienboireenbeaujolais.fr\/\" target=\"_blank\" rel=\"noreferrer noopener nofollow\">Bien Boire en Beaujolais<\/a><\/strong>\u00ab\u00a0. Mais aussi la <strong>soir\u00e9e du Beaujolais Nouveau<\/strong> dans l\u2019Atrium de l\u2019Hotel de Ville de Lyon.<\/p>\n<p>Nous y avons crois\u00e9 <strong>Oph\u00e9lie Dutraive<\/strong> (vice-pr\u00e9sidente de <strong>la Biojolaise<\/strong>) : \u00ab\u00a0Le <strong>Beaujolais<\/strong>, on a une particularit\u00e9, avec <strong>10 000 pieds hectares<\/strong>. On est en gobelet, on a beaucoup de pentes. Donc \u00e7a freine un peu le <strong>passage au bio<\/strong>. Maintenant, on a quand m\u00eame des outils pour nous aider. Mais quand on est dans les coteaux c\u2019est quand m\u00eame beaucoup plus difficile. Les vins sont pas toujours valoris\u00e9s au juste prix du travail. Tout le monde ne peut se permettre de vendre une bouteille aussi cher et de travailler en bio. Mais derni\u00e8rement on a quand m\u00eame <strong>beaucoup d\u2019installations en bio<\/strong>, c\u2019est assez dynamique\u2026\u00a0\u00bb<\/p>\n<p>Ecoutez le podcast<\/p>\n<p>La Biojolaise<\/p>\n<p><img loading=\"lazy\" decoding=\"async\" width=\"1200\" height=\"675\" src=\"https:\/\/www.europesays.com\/fr\/wp-content\/uploads\/2025\/11\/La-Biojolaise-viticulteurs.jpg\" alt=\"La Biojolaise\" class=\"wp-image-252510\"  \/><\/p>\n<p>Ecoutez aussi : <a href=\"https:\/\/www.lyondemain.fr\/fete-des-lumieres-2025-gastronomie-skate-singa-traditions-lyonnaises\/\" target=\"_blank\" rel=\"noreferrer noopener nofollow\">La F\u00eate des Lumi\u00e8res 2025 va c\u00e9l\u00e9brer des traditions lyonnaises<\/a><\/p>\n<p><strong>La Biojolaise <\/strong>r\u00e9unit 36 domaines \u00a0En 2020, on d\u00e9nombrait <strong>plus de 150 exploitations viticoles<\/strong> en Beaujolais conduites en <strong>Agriculture Biologique<\/strong> ou en cours de <strong>conversion<\/strong>.\u00a0<\/p>\n<p>Il est important de noter que de nombreux viticulteurs du Beaujolais sont \u00e9galement engag\u00e9s dans d\u2019autres d\u00e9marches environnementales comme la <strong>Haute Valeur Environnementale (HVE)<\/strong> ou la <strong>biodynamie<\/strong> (certifi\u00e9e Demeter).<\/p>\n<p>Vignerons adh\u00e9rents \u00e0 la Biojolaise <a href=\"https:\/\/www.bienboireenbeaujolais.fr\/les-vignerons\/labiojolaise\/fiche-association\/\" target=\"_blank\" rel=\"noreferrer noopener nofollow\">ici<\/a><\/p>\n<p>Ecoutez aussi : <a href=\"https:\/\/www.lyondemain.fr\/cafe-lobut-meilleur-bouchon-2025\/\" rel=\"nofollow noopener\" target=\"_blank\">Le Caf\u00e9 Lobut d\u00e9croche le Prix Florent Dessus 2025<\/a><\/p>\n<p><img loading=\"lazy\" decoding=\"async\" width=\"1200\" height=\"675\" src=\"https:\/\/www.europesays.com\/fr\/wp-content\/uploads\/2025\/11\/La-Biojolaise-affiche-tire-bouchon.jpg\" alt=\"affiche tire-bouchon\" class=\"wp-image-252513\"  \/><br \/>\nJ\u2019aime \u00e7a\u00a0:<\/p>\n<p>J\u2019aime chargement\u2026<\/p>\n<p><a class=\"sd-link-color\"\/><\/p>\n<p>\n\tArticles similaires\n<\/p>\n<p>\t\t\t\t<img decoding=\"async\" src=\"https:\/\/www.europesays.com\/fr\/wp-content\/uploads\/2025\/11\/1763902346_319_7866158698e17e8ed633c05e8f8e7fe5d9e057ad78661c4dc34e413abb6b9f19\" alt=\"G\u00e9rald Bouchon\"\/><\/p>\n<p>Pionnier des radios libres, passionn\u00e9 de radio, journaliste et dirigeant de m\u00e9dias \u00e9co-responsables..<\/p>\n","protected":false},"excerpt":{"rendered":"La Biojolaise est une association qui promeut le vin bio dans la r\u00e9gion. Son objectif premier est de&hellip;\n","protected":false},"author":2,"featured_media":553384,"comment_status":"","ping_status":"","sticky":false,"template":"","format":"standard","meta":{"footnotes":""},"categories":[1889],"tags":[1111,11,2430,8079,66453,9897,1777,674,1011,27,67044,66456,2428,12,25,1662,66460],"class_list":{"0":"post-553383","1":"post","2":"type-post","3":"status-publish","4":"format-standard","5":"has-post-thumbnail","7":"category-lyon","8":"tag-actu","9":"tag-actualites","10":"tag-auvergne-rhone-alpes","11":"tag-beaujolais","12":"tag-beaujolais-nouveau","13":"tag-bio","14":"tag-eu","15":"tag-europe","16":"tag-fr","17":"tag-france","18":"tag-hotel-de-ville-de-lyon","19":"tag-la-biojolaise","20":"tag-lyon","21":"tag-news","22":"tag-republique-francaise","23":"tag-vin","24":"tag-viticulteurs"},"share_on_mastodon":{"url":"https:\/\/pubeurope.com\/@fr\/115599111797120720","error":""},"_links":{"self":[{"href":"https:\/\/www.europesays.com\/fr\/wp-json\/wp\/v2\/posts\/553383","targetHints":{"allow":["GET"]}}],"collection":[{"href":"https:\/\/www.europesays.com\/fr\/wp-json\/wp\/v2\/posts"}],"about":[{"href":"https:\/\/www.europesays.com\/fr\/wp-json\/wp\/v2\/types\/post"}],"author":[{"embeddable":true,"href":"https:\/\/www.europesays.com\/fr\/wp-json\/wp\/v2\/users\/2"}],"replies":[{"embeddable":true,"href":"https:\/\/www.europesays.com\/fr\/wp-json\/wp\/v2\/comments?post=553383"}],"version-history":[{"count":0,"href":"https:\/\/www.europesays.com\/fr\/wp-json\/wp\/v2\/posts\/553383\/revisions"}],"wp:featuredmedia":[{"embeddable":true,"href":"https:\/\/www.europesays.com\/fr\/wp-json\/wp\/v2\/media\/553384"}],"wp:attachment":[{"href":"https:\/\/www.europesays.com\/fr\/wp-json\/wp\/v2\/media?parent=553383"}],"wp:term":[{"taxonomy":"category","embeddable":true,"href":"https:\/\/www.europesays.com\/fr\/wp-json\/wp\/v2\/categories?post=553383"},{"taxonomy":"post_tag","embeddable":true,"href":"https:\/\/www.europesays.com\/fr\/wp-json\/wp\/v2\/tags?post=553383"}],"curies":[{"name":"wp","href":"https:\/\/api.w.org\/{rel}","templated":true}]}}