{"id":553385,"date":"2025-11-23T12:53:17","date_gmt":"2025-11-23T12:53:17","guid":{"rendered":"https:\/\/www.europesays.com\/fr\/553385\/"},"modified":"2025-11-23T12:53:17","modified_gmt":"2025-11-23T12:53:17","slug":"deux-incendies-criminels-cette-nuit-a-rillieux-la-pape","status":"publish","type":"post","link":"https:\/\/www.europesays.com\/fr\/553385\/","title":{"rendered":"deux incendies criminels cette nuit \u00e0 Rillieux-la-Pape"},"content":{"rendered":"<p>Les habitants de deux immeubles de Rillieux-la-Pape ont d\u00fb \u00eatre \u00e9vacu\u00e9s en pleine nuit apr\u00e8s deux d\u00e9parts de feu, vraisemblalement d&rsquo;origine criminelle a appris Le Progr\u00e8s.<\/p>\n<p>\u00a0Un premier incendie s&rsquo;est d\u00e9clar\u00e9 au sein d&rsquo;un immeuble de la Ville nouvelle, 1 square Koening. Selon nos informations, le feu est parti de deux compteurs Linky, l&rsquo;un au rez-de-chauss\u00e9e et l&rsquo;autre au premier \u00e9tage.<\/p>\n<p>Ces deux d\u00e9parts de feu auraient \u00e9t\u00e9 constat\u00e9s sur des gaines diff\u00e9rentes.\u00a0<\/p>\n<p>Tous les occupants ont pu regagner leur domicile apr\u00e8s l&rsquo;intervention des pompiers.\u00a0<\/p>\n<p>Ce contenu est bloqu\u00e9 car vous n&rsquo;avez pas accept\u00e9 les cookies et autres traceurs.<\/p>\n<p>En cliquant sur \u00ab J\u2019accepte \u00bb, les cookies et autres traceurs seront d\u00e9pos\u00e9s et vous pourrez visualiser les contenus  (<a href=\"\" class=\"consentModule_policy\" target=\"_blank\" title=\"Consulter la politique de protection des donn\u00e9es du fournisseur\">plus d&rsquo;informations<\/a>).<\/p>\n<p>En cliquant sur \u00ab J\u2019accepte tous les cookies \u00bb, vous autorisez des d\u00e9p\u00f4ts de cookies et autres traceurs pour le stockage de vos donn\u00e9es sur nos sites et applications \u00e0 des fins de personnalisation et de ciblage publicitaire.<\/p>\n<p class=\"consentModule_secondaryText\">Vous gardez la possibilit\u00e9 de retirer votre consentement \u00e0 tout moment en consultant notre <a href=\"https:\/\/www.leprogres.fr\/protection-des-donnees\" target=\"_blank\" title=\"Consulter notre politique de protection des donn\u00e9es\" rel=\"noopener\">politique de protection des donn\u00e9es<\/a>. <br \/>&#13;<br \/>\n            <a href=\"https:\/\/www.leprogres.fr\/faits-divers-justice\/2025\/11\/23\/javascript:Didomi.notice.show()\" class=\"consentModule_cmp\" target=\"_blank\" rel=\"noopener\">G\u00e9rer mes choix<\/a>&#13;\n        <\/p>\n<p>&#13;<br \/>\n                        J&rsquo;accepte&#13;<br \/>\n            J&rsquo;accepte tous les cookies&#13;\n        <\/p>\n<p>  Deuxi\u00e8me intervention<\/p>\n<p>Une dizaine de minutes plus tard, aux alentours de 2h10, les pompiers sont intervenus dans un autre immeuble \u00e0 trois cents m\u00e8tres, au 5 rue Jacques Pr\u00e9vert, pour \u00e9teindre un feu dans un hall d&rsquo;entr\u00e9e.\u00a0<\/p>\n<p>Ce contenu est bloqu\u00e9 car vous n&rsquo;avez pas accept\u00e9 les cookies et autres traceurs.<\/p>\n<p>En cliquant sur \u00ab J\u2019accepte \u00bb, les cookies et autres traceurs seront d\u00e9pos\u00e9s et vous pourrez visualiser les contenus  (<a href=\"\" class=\"consentModule_policy\" target=\"_blank\" title=\"Consulter la politique de protection des donn\u00e9es du fournisseur\">plus d&rsquo;informations<\/a>).<\/p>\n<p>En cliquant sur \u00ab J\u2019accepte tous les cookies \u00bb, vous autorisez des d\u00e9p\u00f4ts de cookies et autres traceurs pour le stockage de vos donn\u00e9es sur nos sites et applications \u00e0 des fins de personnalisation et de ciblage publicitaire.<\/p>\n<p class=\"consentModule_secondaryText\">Vous gardez la possibilit\u00e9 de retirer votre consentement \u00e0 tout moment en consultant notre <a href=\"https:\/\/www.leprogres.fr\/protection-des-donnees\" target=\"_blank\" title=\"Consulter notre politique de protection des donn\u00e9es\" rel=\"noopener\">politique de protection des donn\u00e9es<\/a>. <br \/>&#13;<br \/>\n            <a href=\"https:\/\/www.leprogres.fr\/faits-divers-justice\/2025\/11\/23\/javascript:Didomi.notice.show()\" class=\"consentModule_cmp\" target=\"_blank\" rel=\"noopener\">G\u00e9rer mes choix<\/a>&#13;\n        <\/p>\n<p>&#13;<br \/>\n                        J&rsquo;accepte&#13;<br \/>\n            J&rsquo;accepte tous les cookies&#13;\n        <\/p>\n<p>Selon nos informations, un individu cagoul\u00e9 aurait mis le feu \u00e0 des poubelles et des palettes devant le hall. Les fum\u00e9es se sont rapidement propag\u00e9es dans toute la cage d&rsquo;escalier.<\/p>\n<p>\u00ab Les cam\u00e9ras ont permis d\u2019alerter tr\u00e8s rapidement les pompiers car les premi\u00e8res flammes ont \u00e9t\u00e9 rep\u00e9r\u00e9es par les agents de la police municipale qui surveillaient les images au centre de supervision urbaine (CSU) \u00bb, pr\u00e9cise au Progr\u00e8s le maire Alexandre Vincendet (Horizons).<\/p>\n<p>L&rsquo;incendie a \u00e9t\u00e9 rapidement contr\u00f4l\u00e9 mais la fa\u00e7ade du b\u00e2timent a \u00e9t\u00e9 endommag\u00e9e.<\/p>\n<p>Si des familles ont d\u00fb \u00eatre \u00e9vacu\u00e9es de leurs appartements cette nuit, toutes ont pu regagner leur logement ce dimanche.<\/p>\n<p>Ces deux feux interviennent deux semaines apr\u00e8s l&rsquo;incendie et les violences survenus \u00e0 la suite d&rsquo;un tir de mortier d&rsquo;artifice li\u00e9 au tournage d&rsquo;un clip de rap dans la Ville nouvelle.<\/p>\n<p>\u00a0<\/p>\n","protected":false},"excerpt":{"rendered":"Les habitants de deux immeubles de Rillieux-la-Pape ont d\u00fb \u00eatre \u00e9vacu\u00e9s en pleine nuit apr\u00e8s deux d\u00e9parts de&hellip;\n","protected":false},"author":2,"featured_media":553386,"comment_status":"","ping_status":"","sticky":false,"template":"","format":"standard","meta":{"footnotes":""},"categories":[1889],"tags":[1111,11,2430,3153,1777,674,274,107,1011,27,1310,2428,12,25,2429,17092],"class_list":{"0":"post-553385","1":"post","2":"type-post","3":"status-publish","4":"format-standard","5":"has-post-thumbnail","7":"category-lyon","8":"tag-actu","9":"tag-actualites","10":"tag-auvergne-rhone-alpes","11":"tag-edition-ouest-lyonnais","12":"tag-eu","13":"tag-europe","14":"tag-faits-divers-justice","15":"tag-fil-info","16":"tag-fr","17":"tag-france","18":"tag-incendie","19":"tag-lyon","20":"tag-news","21":"tag-republique-francaise","22":"tag-rhone","23":"tag-rillieux-la-pape"},"share_on_mastodon":{"url":"https:\/\/pubeurope.com\/@fr\/115599114491894939","error":""},"_links":{"self":[{"href":"https:\/\/www.europesays.com\/fr\/wp-json\/wp\/v2\/posts\/553385","targetHints":{"allow":["GET"]}}],"collection":[{"href":"https:\/\/www.europesays.com\/fr\/wp-json\/wp\/v2\/posts"}],"about":[{"href":"https:\/\/www.europesays.com\/fr\/wp-json\/wp\/v2\/types\/post"}],"author":[{"embeddable":true,"href":"https:\/\/www.europesays.com\/fr\/wp-json\/wp\/v2\/users\/2"}],"replies":[{"embeddable":true,"href":"https:\/\/www.europesays.com\/fr\/wp-json\/wp\/v2\/comments?post=553385"}],"version-history":[{"count":0,"href":"https:\/\/www.europesays.com\/fr\/wp-json\/wp\/v2\/posts\/553385\/revisions"}],"wp:featuredmedia":[{"embeddable":true,"href":"https:\/\/www.europesays.com\/fr\/wp-json\/wp\/v2\/media\/553386"}],"wp:attachment":[{"href":"https:\/\/www.europesays.com\/fr\/wp-json\/wp\/v2\/media?parent=553385"}],"wp:term":[{"taxonomy":"category","embeddable":true,"href":"https:\/\/www.europesays.com\/fr\/wp-json\/wp\/v2\/categories?post=553385"},{"taxonomy":"post_tag","embeddable":true,"href":"https:\/\/www.europesays.com\/fr\/wp-json\/wp\/v2\/tags?post=553385"}],"curies":[{"name":"wp","href":"https:\/\/api.w.org\/{rel}","templated":true}]}}