{"id":553393,"date":"2025-11-23T12:58:11","date_gmt":"2025-11-23T12:58:11","guid":{"rendered":"https:\/\/www.europesays.com\/fr\/553393\/"},"modified":"2025-11-23T12:58:11","modified_gmt":"2025-11-23T12:58:11","slug":"le-resistant-robert-birenbaum-compagnon-de-route-de-missak-manouchian-est-mort-a-99-ans","status":"publish","type":"post","link":"https:\/\/www.europesays.com\/fr\/553393\/","title":{"rendered":"le r\u00e9sistant Robert Birenbaum, compagnon de route de Missak Manouchian, est mort \u00e0 99 ans"},"content":{"rendered":"<p>                    Par<br \/>\n        <strong><br \/>\n            <a href=\"https:\/\/actu.fr\/auteur\/redaction-paris\" title=\"Consulter tous les articles de R\u00e9daction Paris\" target=\"_blank\" rel=\"noopener\">R\u00e9daction Paris<\/a><br \/>\n                    <\/strong><\/p>\n<p>        Publi\u00e9 le<\/p>\n<p>            23 nov. 2025 \u00e0 13h15        <\/p>\n<p>Le r\u00e9sistant parisien<strong> Robert Birenbaum<\/strong>, compagnon de route de <a href=\"https:\/\/actu.fr\/ile-de-france\/paris_75056\/a-paris-une-fresque-en-hommage-a-missak-manouchian-vandalisee-cela-ne-visait-pas-une-simple-exposition_62643147.html\" target=\"_blank\" rel=\"noopener\">Missak Manouchian<\/a> <a href=\"https:\/\/actu.fr\/ile-de-france\/paris_75056\/paris-pourquoi-la-date-de-naissance-de-missak-manouchian-au-pantheon-n-est-pas-la-bonne_60798635.html\" target=\"_blank\" rel=\"noopener\">panth\u00e9onis\u00e9 en 2024<\/a>, est mort samedi 23\u00a0novembre \u00e0 <strong>99\u00a0ans<\/strong> dans la capitale. Le pr\u00e9sident de la R\u00e9publique <a href=\"https:\/\/actu.fr\/tag\/emmanuel-macron\" target=\"_blank\" rel=\"noopener\">Emmanuel Macron<\/a> a honor\u00e9 sa m\u00e9moire ce dimanche, \u00e9voquant un \u00ab\u2009homme de d\u00e9vouement\u2009\u00bb et \u00ab\u2009un exemple pour tous\u2009\u00bb.<\/p>\n<p>Au bras d\u2019Emmanuel Macron lors de la c\u00e9r\u00e9monie de panth\u00e9onisation<\/p>\n<p class=\" wall-content\">Robert Birenbaum \u00e9tait issu comme Missak Manouchian du groupe des <strong>Francs-tireurs et partisans \u2013 Main-d\u2019\u0153uvre immigr\u00e9e (FTP-MOI)<\/strong>. Quatre-vingts ans jour pour jour apr\u00e8s leur ex\u00e9cution par les nazis, au <a href=\"https:\/\/actu.fr\/ile-de-france\/suresnes_92073\/pres-de-paris-les-derniers-pigeons-militaires-d-europe-s-envolent-toujours-depuis-le-mont-valerien_62899577.html\" target=\"_blank\" rel=\"noopener\">mont Val\u00e9rien<\/a>, pr\u00e8s de Paris, le r\u00e9sistant communiste arm\u00e9nien puis apatride Missak Manouchian et 23 de ses compagnons d\u2019armes sont entr\u00e9s au Panth\u00e9on le 21\u00a0f\u00e9vrier 2024.<\/p>\n<p class=\" wall-content\">\n<p class=\" wall-content\">Robert Birenbaum avait alors eu \u00ab\u2009l\u2019immense honneur de gravir les marches du Panth\u00e9on au bras du pr\u00e9sident de la R\u00e9publique\u2009\u00bb, a rappel\u00e9 <a href=\"https:\/\/x.com\/guybirenbaum\/status\/1992231137360466176?s=20\">sur X<\/a> son fils, Guy Birenbaum.<\/p>\n<p class=\" wall-content\">N\u00e9 \u00e0 Paris dans une famille juive originaire de Pologne, Robert Birenbaum \u00e9tait entr\u00e9 dans la R\u00e9sistance en juillet\u00a01942. Apr\u00e8s la guerre, il avait tenu un <strong>magasin de maroquineri<\/strong>e \u00e0 dans la capitale. \u00ab\u2009Il va rejoindre enfin sa Tauba bien-aim\u00e9e\u2009\u00bb, son \u00e9pouse qu\u2019il avait rencontr\u00e9e \u00ab\u2009le jour de la Lib\u00e9ration de Paris, le 25\u00a0ao\u00fbt 1944\u2009\u00bb, a aussi \u00e9crit Guy Birenbaum.<\/p>\n<p class=\" wall-content\">Avec AFP.<\/p>\n<p class=\" wall-content\">Personnalisez votre actualit\u00e9 en ajoutant vos villes et m\u00e9dias en favori avec <a href=\"https:\/\/moncompte.actu.fr\" title=\"D\u00e9couvez Mon Actu\" rel=\"nofollow noopener\" data-trk=\"{&quot;cta&quot;:{&quot;action&quot;:&quot;https:\\\/\\\/moncompte.actu.fr&quot;,&quot;category&quot;:&quot;mon compte&quot;,&quot;from&quot;:&quot;article footer&quot;,&quot;name&quot;:&quot;Mon actu&quot;,&quot;type&quot;:&quot;cta&quot;}}\" target=\"_blank\">Mon Actu<\/a>.<\/p>\n","protected":false},"excerpt":{"rendered":"Par R\u00e9daction Paris Publi\u00e9 le 23 nov. 2025 \u00e0 13h15 Le r\u00e9sistant parisien Robert Birenbaum, compagnon de route&hellip;\n","protected":false},"author":2,"featured_media":553394,"comment_status":"","ping_status":"","sticky":false,"template":"","format":"standard","meta":{"footnotes":""},"categories":[1888],"tags":[11,1073,1777,674,1011,27,12,626,25,935,104],"class_list":{"0":"post-553393","1":"post","2":"type-post","3":"status-publish","4":"format-standard","5":"has-post-thumbnail","7":"category-paris","8":"tag-actualites","9":"tag-emmanuel-macron","10":"tag-eu","11":"tag-europe","12":"tag-fr","13":"tag-france","14":"tag-news","15":"tag-paris","16":"tag-republique-francaise","17":"tag-seconde-guerre-mondiale","18":"tag-societe"},"share_on_mastodon":{"url":"https:\/\/pubeurope.com\/@fr\/115599134265907553","error":""},"_links":{"self":[{"href":"https:\/\/www.europesays.com\/fr\/wp-json\/wp\/v2\/posts\/553393","targetHints":{"allow":["GET"]}}],"collection":[{"href":"https:\/\/www.europesays.com\/fr\/wp-json\/wp\/v2\/posts"}],"about":[{"href":"https:\/\/www.europesays.com\/fr\/wp-json\/wp\/v2\/types\/post"}],"author":[{"embeddable":true,"href":"https:\/\/www.europesays.com\/fr\/wp-json\/wp\/v2\/users\/2"}],"replies":[{"embeddable":true,"href":"https:\/\/www.europesays.com\/fr\/wp-json\/wp\/v2\/comments?post=553393"}],"version-history":[{"count":0,"href":"https:\/\/www.europesays.com\/fr\/wp-json\/wp\/v2\/posts\/553393\/revisions"}],"wp:featuredmedia":[{"embeddable":true,"href":"https:\/\/www.europesays.com\/fr\/wp-json\/wp\/v2\/media\/553394"}],"wp:attachment":[{"href":"https:\/\/www.europesays.com\/fr\/wp-json\/wp\/v2\/media?parent=553393"}],"wp:term":[{"taxonomy":"category","embeddable":true,"href":"https:\/\/www.europesays.com\/fr\/wp-json\/wp\/v2\/categories?post=553393"},{"taxonomy":"post_tag","embeddable":true,"href":"https:\/\/www.europesays.com\/fr\/wp-json\/wp\/v2\/tags?post=553393"}],"curies":[{"name":"wp","href":"https:\/\/api.w.org\/{rel}","templated":true}]}}