{"id":553395,"date":"2025-11-23T12:59:21","date_gmt":"2025-11-23T12:59:21","guid":{"rendered":"https:\/\/www.europesays.com\/fr\/553395\/"},"modified":"2025-11-23T12:59:21","modified_gmt":"2025-11-23T12:59:21","slug":"la-famille-arnault-proprietaire-du-paris-fc-interessee-par-le-rachat-dune-part-du-real-madrid","status":"publish","type":"post","link":"https:\/\/www.europesays.com\/fr\/553395\/","title":{"rendered":"La famille Arnault, propri\u00e9taire du Paris FC, int\u00e9ress\u00e9e par le rachat d\u2019une part du Real Madrid"},"content":{"rendered":"<p>\n    Selon la presse espagnole, la famille Arnault, propri\u00e9taire du Paris FC, serait pr\u00eate \u00e0 investir au sein du club espagnol.<\/p>\n<p class=\"fig-paragraph\"><a href=\"https:\/\/www.lefigaro.fr\/sports\/football\/ligue-1\/ligue-1-le-paris-fc-propriete-de-la-famille-arnault-rejoint-le-psg-dans-l-elite-du-football-francais-20250502?msockid=2338e949ff1a6caa28edff13fe766dd0\" target=\"_blank\" data-fig-type=\"NewsFlash\" rel=\"sponsored noopener\" data-gtm-custom-categorie=\"navigation\" data-gtm-custom-action=\"crossclick\" data-gtm-custom-label=\"Contextuel\" data-gtm-event=\"customEventSPE\" data-fig-domain=\"LEFIGARO\">La famille Arnault<\/a>\u00a0pr\u00eate \u00e0 s\u2019attaquer au<a href=\"http:\/\/www.lefigaro.fr\/sports\/football\/transferts\/psg-le-real-madrid-est-sa-maison-l-etonnante-declaration-de-l-agent-d-achraf-hakimi-20251121\" data-fig-type=\"NewsFlash\" data-gtm-custom-categorie=\"navigation\" data-gtm-custom-action=\"crossclick\" data-gtm-custom-label=\"Contextuel\" data-gtm-event=\"customEventSPE\" data-fig-domain=\"LEFIGARO\" target=\"_blank\" rel=\"noopener\">\u00a0Real Madrid<\/a>\u00a0? Selon plusieurs m\u00e9dias espagnols, Florentino Perez, pr\u00e9sident du club madril\u00e8ne, compte accueillir plusieurs investisseurs externes au sein d\u2019une nouvelle structure, pour assurer la puissance \u00e9conomique du Real Madrid. Une d\u00e9cision qui fait d\u00e9bat et qui sera \u00e9voqu\u00e9 dimanche, lors de l\u2019assembl\u00e9e g\u00e9n\u00e9rale des \u00absocios\u00bb. Le but serait de cr\u00e9er une nouvelle soci\u00e9t\u00e9 alors qu\u2019en 2022 le Real Madrid avait sign\u00e9 un accord de 360 millions d\u2019euros avec le fonds d\u2019investissement am\u00e9ricain Sixth Street et la soci\u00e9t\u00e9 am\u00e9ricaine Legends.<\/p>\n<p>N\u00e9gociations \u00e0 venir\u00a0?<\/p>\n<p class=\"fig-paragraph\">Bernard Arnault, \u00e0 la t\u00eate du groupe de luxe LVMH, ferait partie des investisseurs sond\u00e9s. D\u2019autant plus que LVMH a d\u00e9j\u00e0 un lien avec le club de la capitale espagnole, l\u2019entreprise \u00e9tant l\u2019habilleur officiel des \u00e9quipes de football et de basket du club.\u00a0<a href=\"https:\/\/www.lefigaro.fr\/sports\/football\/ligue-des-champions\/ligue-des-champions-f-la-tres-precieuse-victoire-du-paris-fc-face-a-benfica-20251120?msockid=2338e949ff1a6caa28edff13fe766dd0\" target=\"_blank\" data-fig-type=\"NewsFlash\" rel=\"sponsored noopener\" data-gtm-custom-categorie=\"navigation\" data-gtm-custom-action=\"crossclick\" data-gtm-custom-label=\"Contextuel\" data-gtm-event=\"customEventSPE\" data-fig-domain=\"LEFIGARO\">Le propri\u00e9taire du Paris FC<\/a>\u00a0verrait d\u2019un bon \u0153il cette association avec un club prestigieux. Mais pour le moment, aucune n\u00e9gociation ni processus n\u2019ont eu lieu.<\/p>\n<p>                                    <a class=\"fig-a11y-skip a11y-hidden\" href=\"#fig-a11y-skip-main-inarticle\"><br \/>\n        Passer la publicit\u00e9<br \/>\n    <\/a><\/p>\n<p class=\"fig-paragraph\"><strong>\u00c0 VOIR AUSSI &#8211; <\/strong>Tous les buts de l\u2019incroyable remont\u00e9e du Paris\u00a0FC contre Lyon le 29 octobre dernier (3-3)<\/p>\n","protected":false},"excerpt":{"rendered":"Selon la presse espagnole, la famille Arnault, propri\u00e9taire du Paris FC, serait pr\u00eate \u00e0 investir au sein du&hellip;\n","protected":false},"author":2,"featured_media":553396,"comment_status":"","ping_status":"","sticky":false,"template":"","format":"standard","meta":{"footnotes":""},"categories":[1888],"tags":[11,18011,3820,1777,674,1011,27,12,626,445,4790,25],"class_list":{"0":"post-553395","1":"post","2":"type-post","3":"status-publish","4":"format-standard","5":"has-post-thumbnail","7":"category-paris","8":"tag-actualites","9":"tag-antoine-arnault","10":"tag-bernard-arnault","11":"tag-eu","12":"tag-europe","13":"tag-fr","14":"tag-france","15":"tag-news","16":"tag-paris","17":"tag-paris-fc","18":"tag-real-madrid","19":"tag-republique-francaise"},"share_on_mastodon":{"url":"https:\/\/pubeurope.com\/@fr\/115599138236464041","error":""},"_links":{"self":[{"href":"https:\/\/www.europesays.com\/fr\/wp-json\/wp\/v2\/posts\/553395","targetHints":{"allow":["GET"]}}],"collection":[{"href":"https:\/\/www.europesays.com\/fr\/wp-json\/wp\/v2\/posts"}],"about":[{"href":"https:\/\/www.europesays.com\/fr\/wp-json\/wp\/v2\/types\/post"}],"author":[{"embeddable":true,"href":"https:\/\/www.europesays.com\/fr\/wp-json\/wp\/v2\/users\/2"}],"replies":[{"embeddable":true,"href":"https:\/\/www.europesays.com\/fr\/wp-json\/wp\/v2\/comments?post=553395"}],"version-history":[{"count":0,"href":"https:\/\/www.europesays.com\/fr\/wp-json\/wp\/v2\/posts\/553395\/revisions"}],"wp:featuredmedia":[{"embeddable":true,"href":"https:\/\/www.europesays.com\/fr\/wp-json\/wp\/v2\/media\/553396"}],"wp:attachment":[{"href":"https:\/\/www.europesays.com\/fr\/wp-json\/wp\/v2\/media?parent=553395"}],"wp:term":[{"taxonomy":"category","embeddable":true,"href":"https:\/\/www.europesays.com\/fr\/wp-json\/wp\/v2\/categories?post=553395"},{"taxonomy":"post_tag","embeddable":true,"href":"https:\/\/www.europesays.com\/fr\/wp-json\/wp\/v2\/tags?post=553395"}],"curies":[{"name":"wp","href":"https:\/\/api.w.org\/{rel}","templated":true}]}}