{"id":553401,"date":"2025-11-23T13:03:23","date_gmt":"2025-11-23T13:03:23","guid":{"rendered":"https:\/\/www.europesays.com\/fr\/553401\/"},"modified":"2025-11-23T13:03:23","modified_gmt":"2025-11-23T13:03:23","slug":"lexplosion-des-prix-des-loyers-aux-etats-unis-est-un-facteur-majeur-dans-leffondrement-de-la-natalite","status":"publish","type":"post","link":"https:\/\/www.europesays.com\/fr\/553401\/","title":{"rendered":"l&rsquo;explosion des prix des loyers aux Etats-Unis est un facteur majeur dans l&rsquo;effondrement de la natalit\u00e9"},"content":{"rendered":"<p>Le co\u00fbt du logement est un facteur majeur du d\u00e9clin de la f\u00e9condit\u00e9, selon une \u00e9tude de l&rsquo;universit\u00e9 de Toronto. L&rsquo;un de ses chercheurs estime que leur hausse a fait baisser les naissances de 11%.<\/p>\n<p>La hausse des prix du logement est une cause majeure de la chute de la natalit\u00e9 aux \u00c9tats-Unis, selon une r\u00e9cente <a href=\"https:\/\/drive.google.com\/file\/d\/1BK6jNy9jqCXS0c7PYakrkSqoFxJY2XCS\/view\" target=\"_blank\" class=\"external_link\" rel=\"noopener\">\u00e9tude de l&rsquo;universit\u00e9 de Toronto<\/a>, rep\u00e9r\u00e9e par l&rsquo;\u00e9conomiste <a href=\"https:\/\/x.com\/MxSba\/status\/1991101898120892666\" target=\"_blank\" class=\"external_link\">Maxime Sbaihi<\/a>.<\/p>\n<p>\u00ab\u00a0Mes r\u00e9sultats montrent que la hausse des co\u00fbts du logement depuis 1990 est responsable d&rsquo;une baisse des naissances de 11% et de 51% de la baisse du taux de f\u00e9condit\u00e9 total entre les ann\u00e9es 2000 et 2010\u00a0\u00bb, explique le chercheur Benjamin Couillard, <a href=\"https:\/\/sites.google.com\/view\/ben-couillard\/home\" target=\"_blank\" class=\"external_link\" rel=\"noopener\">auteur de l&rsquo;\u00e9tude<\/a>.<\/p>\n<p>Selon ses calculs, \u00ab\u00a013 millions d&rsquo;enfants suppl\u00e9mentaires seraient n\u00e9s entre 1990 et 2020\u00a0\u00bb, si les loyers n&rsquo;avaient pas augment\u00e9. En moyenne, les loyers ont plus que doubl\u00e9 sur la p\u00e9riode (+149%). Le taux de f\u00e9condit\u00e9 est tomb\u00e9 \u00e0 1,62 enfant par femme (comme en France), quand le taux de renouvellement naturel de la population est de 2,1.<\/p>\n<blockquote class=\"embed embed_quote\"><p>\u00ab\u00a0Le co\u00fbt du logement est un facteur majeur du d\u00e9clin de la f\u00e9condit\u00e9. L&rsquo;abondance de logements (&#8230;) est essentielle \u00e0 la viabilit\u00e9 d\u00e9mographique \u00e0 long terme\u00a0\u00bb, estime le chercheur sur le site de son <a href=\"https:\/\/newsletter.economics.utoronto.ca\/build-baby-build-benjamin-couillards-research-links-housing-and-fertility\/\" target=\"_blank\" class=\"external_link\" rel=\"noopener\">universit\u00e9<\/a>.<\/p><\/blockquote>\n<p>La taille des logements est \u00e9videmment un facteur important. \u00ab\u00a0Le taux de f\u00e9condit\u00e9 actuel aux \u00c9tats-Unis augmenterait sensiblement avec des logements de trois chambres ou plus \u00e0 prix plus abordable; en revanche, subventionner la construction de logements d\u2019une chambre suppl\u00e9mentaire ne contribuerait que tr\u00e8s peu \u00e0 la viabilit\u00e9 d\u00e9mographique\u00a0\u00bb, \u00e9crit Benjamin Couillard.<\/p>\n<p>\u00ab\u00a0D\u00e9clin \u00e0 long terme\u00a0\u00bb<\/p>\n<p>3,6 millions de b\u00e9b\u00e9s sont n\u00e9s aux \u00c9tats-Unis l&rsquo;an pass\u00e9, soit un niveau historiquement bas. \u00ab\u00a0Ces donn\u00e9es t\u00e9moignent de la poursuite d\u2019un d\u00e9clin \u00e0 long terme des naissances aux \u00c9tats-Unis, qui a v\u00e9ritablement commenc\u00e9 avec la Grande R\u00e9cession de 2007\u00a0\u00bb, estime Ken Johnson, d\u00e9mographe \u00e0 l\u2019universit\u00e9 du New Hampshire, dans le <a href=\"https:\/\/www.nytimes.com\/2025\/04\/23\/health\/birth-rates-cdc.html\" target=\"_blank\" class=\"external_link\" rel=\"noopener\">New York Times<\/a>.<\/p>\n<p>Outre le prix des logements, la natalit\u00e9 semble \u00eatre plomb\u00e9e aux \u00c9tats-Unis par l&rsquo;importance des pr\u00eats contract\u00e9s pour les \u00e9tudes sup\u00e9rieures, le co\u00fbt \u00e9lev\u00e9 des gardes d&rsquo;enfants ou encore la faiblesse des cong\u00e9s familiaux. Le New York Times note aussi que la baisse de la f\u00e9condit\u00e9 am\u00e9ricaine s&rsquo;explique aussi par d&rsquo;autres facterus, comme une nette r\u00e9duction du nombre de grossesses chez les adolescentes.<\/p>\n<p><a href=\"https:\/\/www.bfmtv.com\/economie\/economie-social\/france\/travailler-plus-et-automatiser-davantage-les-recommandations-du-haut-commissariat-au-plan-pour-faire-face-a-l-effondrement-de-la-natalite-en-france_AD-202509050332.html\" title=\"&quot;Travailler plus et automatiser davantage&quot;: les recommandations du Haut commissariat au plan pour faire face \u00e0 l&#039;effondrement de la natalit\u00e9 en France\" class=\"internal_link\" target=\"_blank\" rel=\"noopener\">La France est \u00e9galement concern\u00e9e<\/a>. Avec 663.000 b\u00e9b\u00e9s n\u00e9s l&rsquo;an pass\u00e9, le nombre de naissances dans le pays a recul\u00e9 de plus de 20% en 15 ans, d&rsquo;apr\u00e8s l&rsquo;Insee. L&rsquo;indice conjoncturel de f\u00e9condit\u00e9 s&rsquo;est lui \u00e9tabli \u00e0 1,62 enfant par femme en 2024, soit son plus bas niveau depuis la fin de la Premi\u00e8re guerre mondiale. Et cela risque d&rsquo;avoir des cons\u00e9quences sur le syst\u00e8me de retraites, comme <a href=\"https:\/\/www.bfmtv.com\/economie\/patrimoine\/retraite\/une-degradation-de-60-a-horizon-2070-la-chute-des-naissances-risque-d-aggraver-le-deficit-des-retraites-de-30-milliards-d-euros_AN-202511010163.html\" title=\"Une d\u00e9gradation &quot;de 60% \u00e0 horizon 2070&quot;: la chute des naissances risque d&#039;aggraver le d\u00e9ficit des retraites de 30 milliards d&#039;euros\" class=\"internal_link\" target=\"_blank\" rel=\"noopener\">BFM Business l&rsquo;expliquait dans cet article<\/a>.<\/p>\n","protected":false},"excerpt":{"rendered":"Le co\u00fbt du logement est un facteur majeur du d\u00e9clin de la f\u00e9condit\u00e9, selon une \u00e9tude de l&rsquo;universit\u00e9&hellip;\n","protected":false},"author":2,"featured_media":553402,"comment_status":"","ping_status":"","sticky":false,"template":"","format":"standard","meta":{"footnotes":""},"categories":[1589],"tags":[11,73,1866,12,1864,1865,1863,308],"class_list":{"0":"post-553401","1":"post","2":"type-post","3":"status-publish","4":"format-standard","5":"has-post-thumbnail","7":"category-etats-unis","8":"tag-actualites","9":"tag-etats-unis","10":"tag-etats-unis-damerique","11":"tag-news","12":"tag-united-states","13":"tag-united-states-of-america","14":"tag-us","15":"tag-usa"},"share_on_mastodon":{"url":"https:\/\/pubeurope.com\/@fr\/115599153974912103","error":""},"_links":{"self":[{"href":"https:\/\/www.europesays.com\/fr\/wp-json\/wp\/v2\/posts\/553401","targetHints":{"allow":["GET"]}}],"collection":[{"href":"https:\/\/www.europesays.com\/fr\/wp-json\/wp\/v2\/posts"}],"about":[{"href":"https:\/\/www.europesays.com\/fr\/wp-json\/wp\/v2\/types\/post"}],"author":[{"embeddable":true,"href":"https:\/\/www.europesays.com\/fr\/wp-json\/wp\/v2\/users\/2"}],"replies":[{"embeddable":true,"href":"https:\/\/www.europesays.com\/fr\/wp-json\/wp\/v2\/comments?post=553401"}],"version-history":[{"count":0,"href":"https:\/\/www.europesays.com\/fr\/wp-json\/wp\/v2\/posts\/553401\/revisions"}],"wp:featuredmedia":[{"embeddable":true,"href":"https:\/\/www.europesays.com\/fr\/wp-json\/wp\/v2\/media\/553402"}],"wp:attachment":[{"href":"https:\/\/www.europesays.com\/fr\/wp-json\/wp\/v2\/media?parent=553401"}],"wp:term":[{"taxonomy":"category","embeddable":true,"href":"https:\/\/www.europesays.com\/fr\/wp-json\/wp\/v2\/categories?post=553401"},{"taxonomy":"post_tag","embeddable":true,"href":"https:\/\/www.europesays.com\/fr\/wp-json\/wp\/v2\/tags?post=553401"}],"curies":[{"name":"wp","href":"https:\/\/api.w.org\/{rel}","templated":true}]}}