{"id":553405,"date":"2025-11-23T13:05:19","date_gmt":"2025-11-23T13:05:19","guid":{"rendered":"https:\/\/www.europesays.com\/fr\/553405\/"},"modified":"2025-11-23T13:05:19","modified_gmt":"2025-11-23T13:05:19","slug":"les-suisses-sinclinent-devant-lallemagne-2","status":"publish","type":"post","link":"https:\/\/www.europesays.com\/fr\/553405\/","title":{"rendered":"Les Suisses s&rsquo;inclinent devant l&rsquo;Allemagne"},"content":{"rendered":"<p>L&rsquo;\u00e9quipe de Suisse masculine a subi une premi\u00e8re d\u00e9faite d\u00e8s son deuxi\u00e8me match aux Europ\u00e9ens de Lohja. Le \u00ab\u00a0CC3C\u00a0\u00bb du skip Yannick Schwaller s&rsquo;est inclin\u00e9 8-6 devant l&rsquo;Allemagne dimanche matin.<\/p>\n<p>La formation genevoise a pourtant parfaitement su se reprendre apr\u00e8s avoir manqu\u00e9 son d\u00e9but de match. Men\u00e9s 5-1 apr\u00e8s le quatri\u00e8me end, Schwaller, Pablo Lachat-Couchepin, Sven Michel et Beno\u00eet Schwarz-van Berkel ont \u00e9galis\u00e9 \u00e0 5-5 \u00e0 la mi-match gr\u00e2ce \u00e0 un coup de quatre. Mais ils ont flanch\u00e9 dans le \u00ab\u00a0money time\u00a0\u00bb.<\/p>\n<p>Les Helv\u00e8tes, qui ont encaiss\u00e9 un point au cours de trois manches successives pour se retrouver men\u00e9s 8-5 avant l&rsquo;ultime end, auront l&rsquo;occasion de se reprendre en soir\u00e9e avec un 3e tour programm\u00e9 \u00e0 19h. Ils se frotteront \u00e0 la Pologne.<\/p>\n<p class=\"sources\">ats\/tzing<\/p>\n","protected":false},"excerpt":{"rendered":"L&rsquo;\u00e9quipe de Suisse masculine a subi une premi\u00e8re d\u00e9faite d\u00e8s son deuxi\u00e8me match aux Europ\u00e9ens de Lohja. Le&hellip;\n","protected":false},"author":2,"featured_media":553406,"comment_status":"","ping_status":"","sticky":false,"template":"","format":"standard","meta":{"footnotes":""},"categories":[1587],"tags":[11,672,67045,3062,1804,67046,67047,14306,14350,1805,8484,1803,1777,674,1801,12,1802,517,3067,67048,67049],"class_list":{"0":"post-553405","1":"post","2":"type-post","3":"status-publish","4":"format-standard","5":"has-post-thumbnail","7":"category-allemagne","8":"tag-actualites","9":"tag-allemagne","10":"tag-allemagne-suisse","11":"tag-autres-sports","12":"tag-bundesrepublik-deutschland","13":"tag-championnat-deurope-1ere-phase-2e-journee","14":"tag-championnats-deurope-de-curling","15":"tag-competition-sportive","16":"tag-curling","17":"tag-de","18":"tag-defaite","19":"tag-deutschland","20":"tag-eu","21":"tag-europe","22":"tag-germany","23":"tag-news","24":"tag-republique-federale-dallemagne","25":"tag-sport","26":"tag-suisse","27":"tag-sven-michel","28":"tag-yannick-schwaller"},"share_on_mastodon":{"url":"https:\/\/pubeurope.com\/@fr\/115599161748161680","error":""},"_links":{"self":[{"href":"https:\/\/www.europesays.com\/fr\/wp-json\/wp\/v2\/posts\/553405","targetHints":{"allow":["GET"]}}],"collection":[{"href":"https:\/\/www.europesays.com\/fr\/wp-json\/wp\/v2\/posts"}],"about":[{"href":"https:\/\/www.europesays.com\/fr\/wp-json\/wp\/v2\/types\/post"}],"author":[{"embeddable":true,"href":"https:\/\/www.europesays.com\/fr\/wp-json\/wp\/v2\/users\/2"}],"replies":[{"embeddable":true,"href":"https:\/\/www.europesays.com\/fr\/wp-json\/wp\/v2\/comments?post=553405"}],"version-history":[{"count":0,"href":"https:\/\/www.europesays.com\/fr\/wp-json\/wp\/v2\/posts\/553405\/revisions"}],"wp:featuredmedia":[{"embeddable":true,"href":"https:\/\/www.europesays.com\/fr\/wp-json\/wp\/v2\/media\/553406"}],"wp:attachment":[{"href":"https:\/\/www.europesays.com\/fr\/wp-json\/wp\/v2\/media?parent=553405"}],"wp:term":[{"taxonomy":"category","embeddable":true,"href":"https:\/\/www.europesays.com\/fr\/wp-json\/wp\/v2\/categories?post=553405"},{"taxonomy":"post_tag","embeddable":true,"href":"https:\/\/www.europesays.com\/fr\/wp-json\/wp\/v2\/tags?post=553405"}],"curies":[{"name":"wp","href":"https:\/\/api.w.org\/{rel}","templated":true}]}}