{"id":553407,"date":"2025-11-23T13:06:13","date_gmt":"2025-11-23T13:06:13","guid":{"rendered":"https:\/\/www.europesays.com\/fr\/553407\/"},"modified":"2025-11-23T13:06:13","modified_gmt":"2025-11-23T13:06:13","slug":"pourquoi-il-faut-entre-10-et-15-ans-pour-rouvrir-des-mines-en-france-et-en-europe","status":"publish","type":"post","link":"https:\/\/www.europesays.com\/fr\/553407\/","title":{"rendered":"pourquoi il faut entre 10 et 15 ans pour rouvrir des mines en France et en Europe"},"content":{"rendered":"<p>La France et l&rsquo;Europe projettent de relancer l&rsquo;extraction de minerais, afin que l&rsquo;industrie soit moins d\u00e9pendante des autres pays, notamment de la Chine. Mais entre souverainet\u00e9 strat\u00e9gique, oppositions locales et craintes pour l&rsquo;environnement, le chemin est encore long.<\/p>\n<p>La France et l&rsquo;Europe ont longtemps laiss\u00e9 \u00e0 d&rsquo;autres le soin d&rsquo;extraire des minerais essentiels \u00e0 leur prosp\u00e9rit\u00e9. Mais au vu des tensions g\u00e9opolitiques, <a href=\"https:\/\/www.bfmtv.com\/economie\/entreprises\/industries\/mine-de-lithium-dans-l-allier-un-projet-reconnu-d-interet-national-majeur_AD-202407070232.html\" title=\"Mine de lithium dans l&#039;Allier: un projet reconnu d&#039;&quot;int\u00e9r\u00eat national majeur&quot;\" class=\"internal_link\" rel=\"nofollow noopener\" target=\"_blank\">les autorit\u00e9s entendent d\u00e9sormais davantage exploiter le sous-sol<\/a>, ce qui prendra du temps et se heurte d\u00e9j\u00e0 \u00e0 des oppositions. \u00ab\u00a0Quand on descend, soit on est mineur, soit on ne l&rsquo;est pas, on le sent\u00a0\u00bb. S\u00e9bastien Chone, \u00e9lectrom\u00e9canicien de 36 ans, lui, l&rsquo;est. Depuis 15 ans. \u00ab\u00a0Je ne me verrais pas travailler ailleurs\u00a0\u00bb que dans la mine de sel de Varang\u00e9ville (Meurthe-et-Moselle), la derni\u00e8re mine souterraine en activit\u00e9 en France.<\/p>\n<p>Le site du groupe Salins du Midi et Salines de l&rsquo;Est, qui emploie une quarantaine de personnes, est \u00ab\u00a0une petite ville\u00a0\u00bb \u00e0 160 m\u00e8tres sous terre: 300 kilom\u00e8tres de galeries, 4 m\u00e8tres de hauteur sous plafond et jusqu&rsquo;\u00e0 500.000 tonnes de sel alimentaire, d&rsquo;entretien et de d\u00e9neigement remont\u00e9es chaque ann\u00e9e. \u00ab\u00a0C&rsquo;est un travail vari\u00e9, hors du commun\u00a0\u00bb, t\u00e9moigne S\u00e9bastien Chone devant un gros engin en m\u00e9tal jaune qu&rsquo;il r\u00e9pare.<\/p>\n<blockquote class=\"embed embed_quote\"><p>\u00ab\u00a0On est les derniers de France, c&rsquo;est vraiment une fiert\u00e9 de vivre \u00e7a.\u00a0\u00bb<\/p><\/blockquote>\n<p>\u00ab\u00a0Absolument indispensable\u00a0\u00bb<\/p>\n<p>D\u00e9but septembre, l&rsquo;alors ministre de l&rsquo;Industrie, Marc Ferracci, \u00e9tait venu visiter la mine, appelant \u00e0 ce qu&rsquo;elle ne soit plus la seule. \u00ab\u00a0Sans activit\u00e9 mini\u00e8re, sans mati\u00e8res premi\u00e8res, au fond, il n&rsquo;y a pas d&rsquo;industrie\u00a0\u00bb, disait-il, jugeant \u00ab\u00a0absolument indispensable\u00a0\u00bb de d\u00e9velopper \u00e0 nouveau l&rsquo;activit\u00e9. Une annonce \u00ab\u00a0tr\u00e8s positive\u00a0\u00bb pour le directeur du site, St\u00e9phane Bel, qui \u00ab\u00a0commen\u00e7ait \u00e0 se sentir un petit peu isol\u00e9.\u00a0\u00bb<\/p>\n<p>Le constat est partag\u00e9 \u00e0 Bruxelles. En mars, la Commission europ\u00e9enne a lanc\u00e9 un programme visant \u00e0 <a href=\"https:\/\/www.bfmtv.com\/economie\/international\/faire-du-secteur-minier-une-priorite-strategique-la-france-signe-un-accord-avec-l-argentine-sur-les-minerais-critiques_AD-202506280158.html\" title=\"&quot;Faire du secteur minier une priorit\u00e9 strat\u00e9gique&quot; : la France signe un accord avec l&#039;Argentine sur les &quot;minerais critiques&quot;\" class=\"internal_link\" rel=\"nofollow noopener\" target=\"_blank\">r\u00e9duire la d\u00e9pendance aux importations de mati\u00e8res premi\u00e8res jug\u00e9es critiques<\/a>. \u00ab\u00a0Pas de d\u00e9carbonation possible\u00a0\u00bb, voire \u00ab\u00a0pas d&rsquo;industrie tout court\u00a0\u00bb sans ces m\u00e9taux strat\u00e9giques, disait alors le commissaire europ\u00e9en \u00e0 l&rsquo;Industrie St\u00e9phane S\u00e9journ\u00e9. Il avait annonc\u00e9 47 projets prioritaires: du recyclage mais aussi des ouvertures de mines qui doivent b\u00e9n\u00e9ficier de proc\u00e9dures d&rsquo;autorisation simplifi\u00e9es et d&rsquo;un soutien financier europ\u00e9en.<\/p>\n<p>Un \u00ab\u00a0activisme juridique, de plus en plus compliqu\u00e9 \u00e0 g\u00e9rer\u00a0\u00bb<\/p>\n<p>Mais les d\u00e9fis sont nombreux, au premier rang desquels l&rsquo;acceptabilit\u00e9: les citoyens peuvent voir d&rsquo;un bon oeil <a href=\"https:\/\/www.bfmtv.com\/economie\/international\/la-plus-grande-reserve-de-terres-rares-du-pays-cachee-dans-un-bunker-l-allemagne-securise-ses-stocks-face-aux-craintes-sur-l-approvisionnement-chinois_AD-202511100101.html\" title=\"La plus grande r\u00e9serve de terres rares du pays cach\u00e9e dans un bunker: l&#039;Allemagne s\u00e9curise ses stocks face aux craintes sur l&#039;approvisionnement chinois\" class=\"internal_link\" rel=\"nofollow noopener\" target=\"_blank\">une r\u00e9duction de la d\u00e9pendance \u00e0 la Chine<\/a>, mais pas forc\u00e9ment l&rsquo;installation d&rsquo;une mine pr\u00e8s de chez eux. Mines et carri\u00e8res sont \u00ab\u00a0mal accept\u00e9es\u00a0\u00bb, \u00ab\u00a0on ne peut que le d\u00e9plorer\u00a0\u00bb, t\u00e9moignait un repr\u00e9sentant du groupe fran\u00e7ais Imerys, Vincent Dufief, lors d&rsquo;une conf\u00e9rence organis\u00e9e par le Bureau de recherches g\u00e9ologiques et mini\u00e8res (BRGM) mi-octobre \u00e0 Orl\u00e9ans (Loiret).<\/p>\n<p>Les candidats \u00e0 l&rsquo;extraction, qui mettent en avant une exploitation bien plus \u00ab\u00a0propre\u00a0\u00bb que par le pass\u00e9, font face \u00e0 un \u00ab\u00a0activisme sur place g\u00e9rable\u00a0\u00bb, selon Vincent Dufief, et \u00e0 un \u00ab\u00a0activisme juridique, de plus en plus compliqu\u00e9 \u00e0 g\u00e9rer\u00a0\u00bb. Il s&rsquo;exprimait alors que le BRGM pr\u00e9sentait un point d&rsquo;\u00e9tape d&rsquo;un vaste programme de d\u00e9tection, dans cinq r\u00e9gions fran\u00e7aises et \u00e0 horizon de cinq ans, des zones \u00ab\u00a0les plus favorables \u00e0 la pr\u00e9sence de gisements profonds\u00a0\u00bb d&rsquo;une cinquantaine de mat\u00e9riaux prioritaires. Les recours judiciaires rallongent encore le temps d\u00e9j\u00e0 long pour rouvrir une mine, estim\u00e9 entre 10 et 15 ans par les professionnels.<\/p>\n<p>\u00ab\u00a0Il faut donner la priorit\u00e9 \u00e0 la sobri\u00e9t\u00e9\u00a0\u00bb<\/p>\n<p>Juliette Renaud, de l&rsquo;association des Amis de la Terre, justifie ces recours aussi bien par la crainte d&rsquo;impact local que par une opposition plus syst\u00e9mique \u00e0 \u00ab\u00a0une forme de fuite en avant sur la consommation de mati\u00e8res premi\u00e8res\u00a0\u00bb. Pour prot\u00e9ger l&rsquo;environnement, \u00ab\u00a0il faut donner la priorit\u00e9 \u00e0 la sobri\u00e9t\u00e9\u00a0\u00bb. Dans tous les cas, le mouvement de r\u00e9ouverture n&rsquo;en est qu&rsquo;aux \u00ab\u00a0fr\u00e9missements\u00a0\u00bb, temp\u00e8re Catherine Lagneau. La PDG du BRGM observe qu&rsquo;il n&rsquo;y a qu&rsquo;une demi-douzaine de permis exclusifs de recherche d\u00e9pos\u00e9s pour le sous-sol m\u00e9tropolitain. Mais le poids de l&rsquo;histoire est l\u00e0:<\/p>\n<blockquote class=\"embed embed_quote\"><p>\u00ab\u00a0La France a \u00e9t\u00e9 un grand pays minier, certains territoires s&rsquo;en souviennent et c&rsquo;est une activit\u00e9 qui a apport\u00e9 beaucoup de richesses\u00a0\u00bb, dit-elle, m\u00eame s&rsquo;il s&rsquo;agissait \u00e0 l&rsquo;\u00e9poque d&rsquo;une <a href=\"https:\/\/www.bfmtv.com\/grand-lille\/le-conseil-constitutionnel-indemnise-des-descendants-de-mineurs-grevistes-de-1948_AD-202009180181.html\" title=\"Le Conseil constitutionnel indemnise des descendants de mineurs gr\u00e9vistes de 1948\" class=\"internal_link\" rel=\"nofollow noopener\" target=\"_blank\">activit\u00e9 tr\u00e8s dangereuse pour les mineurs<\/a>.<\/p><\/blockquote>\n<p>D&rsquo;autant que \u00ab\u00a0l&rsquo;exploitation d&rsquo;aujourd&rsquo;hui n&rsquo;est pas du tout celle d&rsquo;hier\u00a0\u00bb, avec des groupes \u00ab\u00a0tr\u00e8s attentifs aux impacts environnementaux\u00a0\u00bb. A Varang\u00e9ville, Marc Regneri, mineur de 51 ans, fils, petit-fils et arri\u00e8re-petit-fils de mineurs, parle d&rsquo;un m\u00e9tier \u00ab\u00a0merveilleux\u00a0\u00bb, \u00ab\u00a0une belle aventure humaine et technique\u00a0\u00bb dans laquelle \u00ab\u00a0il faut rester humble face aux difficult\u00e9s\u00a0\u00bb. Mais il note une autre difficult\u00e9: avec la quasi extinction de l&rsquo;activit\u00e9, aujourd&rsquo;hui \u00ab\u00a0tr\u00e8s peu de personnes connaissent ce m\u00e9tier: il reste un gros travail \u00e0 faire\u00a0\u00bb pour former de nouveaux mineurs.<\/p>\n","protected":false},"excerpt":{"rendered":"La France et l&rsquo;Europe projettent de relancer l&rsquo;extraction de minerais, afin que l&rsquo;industrie soit moins d\u00e9pendante des autres&hellip;\n","protected":false},"author":2,"featured_media":553408,"comment_status":"","ping_status":"","sticky":false,"template":"","format":"standard","meta":{"footnotes":""},"categories":[1586],"tags":[11,1777,674,1011,27,12,25],"class_list":{"0":"post-553407","1":"post","2":"type-post","3":"status-publish","4":"format-standard","5":"has-post-thumbnail","7":"category-europe","8":"tag-actualites","9":"tag-eu","10":"tag-europe","11":"tag-fr","12":"tag-france","13":"tag-news","14":"tag-republique-francaise"},"share_on_mastodon":{"url":"https:\/\/pubeurope.com\/@fr\/115599165666616752","error":""},"_links":{"self":[{"href":"https:\/\/www.europesays.com\/fr\/wp-json\/wp\/v2\/posts\/553407","targetHints":{"allow":["GET"]}}],"collection":[{"href":"https:\/\/www.europesays.com\/fr\/wp-json\/wp\/v2\/posts"}],"about":[{"href":"https:\/\/www.europesays.com\/fr\/wp-json\/wp\/v2\/types\/post"}],"author":[{"embeddable":true,"href":"https:\/\/www.europesays.com\/fr\/wp-json\/wp\/v2\/users\/2"}],"replies":[{"embeddable":true,"href":"https:\/\/www.europesays.com\/fr\/wp-json\/wp\/v2\/comments?post=553407"}],"version-history":[{"count":0,"href":"https:\/\/www.europesays.com\/fr\/wp-json\/wp\/v2\/posts\/553407\/revisions"}],"wp:featuredmedia":[{"embeddable":true,"href":"https:\/\/www.europesays.com\/fr\/wp-json\/wp\/v2\/media\/553408"}],"wp:attachment":[{"href":"https:\/\/www.europesays.com\/fr\/wp-json\/wp\/v2\/media?parent=553407"}],"wp:term":[{"taxonomy":"category","embeddable":true,"href":"https:\/\/www.europesays.com\/fr\/wp-json\/wp\/v2\/categories?post=553407"},{"taxonomy":"post_tag","embeddable":true,"href":"https:\/\/www.europesays.com\/fr\/wp-json\/wp\/v2\/tags?post=553407"}],"curies":[{"name":"wp","href":"https:\/\/api.w.org\/{rel}","templated":true}]}}