{"id":553409,"date":"2025-11-23T13:07:17","date_gmt":"2025-11-23T13:07:17","guid":{"rendered":"https:\/\/www.europesays.com\/fr\/553409\/"},"modified":"2025-11-23T13:07:17","modified_gmt":"2025-11-23T13:07:17","slug":"loup-dans-les-ardennes-les-premiers-arrets-delevages-ont-deja-eu-lieu-alerte-leleveur-bruno-miser","status":"publish","type":"post","link":"https:\/\/www.europesays.com\/fr\/553409\/","title":{"rendered":"Loup dans les Ardennes\u00a0: \u00ab\u00a0les premiers arr\u00eats d&rsquo;\u00e9levages ont d\u00e9j\u00e0 eu lieu\u00a0\u00bb, alerte l&rsquo;\u00e9leveur Bruno Miser"},"content":{"rendered":"<p>Dans les prochaines semaines, le niveau de protection face aux loups doit augmenter dans quelques communes des Ardennes. Cela doit permettre le remboursement de mesures de protection mais aussi obliger les agriculteurs \u00e0 mettre deux mesures en place, au lieu d&rsquo;une aujourd&rsquo;hui, pour \u00eatre indemnis\u00e9s.<\/p>\n<p>Apr\u00e8s plusieurs attaques de loups dans les Ardennes, certaines communes vont maintenant <strong>\u00eatre class\u00e9es en \u00ab\u00a0cercle 1\u00a0\u00bb, syst\u00e8me de classification adapt\u00e9 aux risques.<\/strong> Ce changement ouvre droit \u00e0 plus d&rsquo;aides pour mettre en place des syst\u00e8mes de protection mais oblige aussi les agriculteurs \u00e0 en installer deux afin d&rsquo;\u00eatre indemnis\u00e9s en cas d&rsquo;attaques.<\/p>\n<p>Parmi les options propos\u00e9es, <strong>grillages \u00e9lectriques, chien de protection et gardiennage<\/strong>, deux doivent donc \u00eatre choisies par les \u00e9leveurs. Elles ne sont cependant pas adapt\u00e9es aux \u00e9levages ardennais pour\u00a0<a class=\"IciLink ici-link IciArticleLink g-ici-body-regular-1 underline brand svelte-1chfe2s\" href=\"https:\/\/www.francebleu.fr\/emissions\/l-invite-de-la-redaction-de-ici-champagne-ardenne\/les-nouvelles-regles-pour-tuer-le-loup-ne-sont-pas-suffisantes-estime-un-representant-des-eleveurs-des-ardennes-4929160\" rel=\"nofollow noopener\" target=\"_blank\">Bruno Miser,\u00a0\u00e9leveur \u00e0 Blanchefosse-et-Bay et vice-pr\u00e9sident des \u00e9leveurs de moutons des Ardennes.<\/a>\u00a0\u00ab\u00a0En alpage, vous avez une seule troupe de moutons, explique-t-il. Chez nous, c&rsquo;est quatre ou cinq troupes dans chaque ferme donc il va falloir multiplier les moyens de protection.\u00a0\u00bb<\/p>\n<p>loading<\/p>\n<p>28 attaques imputables au loup depuis le d\u00e9but de l&rsquo;ann\u00e9e<\/p>\n<p>Autre probl\u00e8me pour l&rsquo;\u00e9leveur, le co\u00fbt de ces mesures. Bruno Miser a estim\u00e9 \u00e0 <strong>environ 17 000 euros l&rsquo;installation d&rsquo;un grillage \u00e9lectrique sur son exploitation<\/strong>. \u00ab\u00a0Certes, c&rsquo;est en partie pris en charge par l&rsquo;\u00c9tat mais il faut monter ce grillage, l&rsquo;entretenir, avancer l&rsquo;argent\u00a0\u00bb, d\u00e9plore l&rsquo;\u00e9leveur. \u00ab\u00a0Les premiers arr\u00eats d&rsquo;\u00e9levages ont d\u00e9j\u00e0 eu lieu et on est qu&rsquo;au d\u00e9but de la probl\u00e9matique du loup dans les Ardennes.\u00a0\u00bb\u00a0Avec le reste de la f\u00e9d\u00e9ration des \u00e9leveurs de moutons des Ardennes, l&rsquo;\u00e9leveur a demand\u00e9 \u00e0 reporter les projets d&rsquo;installation de jeunes \u00e9leveurs pour ne pas \u00ab\u00a0conduire des gens dans le mur\u00a0\u00bb.<\/p>\n<p>Plus que des contraintes pour les \u00e9leveurs, Bruno Miser reproche <strong>une mauvaise communication avec la pr\u00e9fecture du d\u00e9partement.<\/strong> \u00ab\u00a0On a d\u00e9cid\u00e9 de faire une \u00e9tude de vuln\u00e9rabilit\u00e9 territoriale, pour que \u00e7a coute moins cher et qu&rsquo;on y passe moins de temps. Depuis six mois, on lutte pour la faire valider, on va nous reprocher jusqu&rsquo;aux fautes d&rsquo;orthographes.\u00a0\u00bb \u00c0 l&rsquo;issue d&rsquo;une r\u00e9union avec de nombreux \u00e9lus, les \u00e9leveurs ont aussi envoy\u00e9 une lettre au pr\u00e9fet afin d&rsquo;alerter sur la situation, une lettre toujours sans r\u00e9ponse.<\/p>\n<p>loading<\/p>\n<p>Depuis le d\u00e9but de l&rsquo;ann\u00e9e, la pr\u00e9fecture des Ardennes a <strong>d\u00e9nombr\u00e9 28 attaques dans lesquelles le r\u00f4le du loup n&rsquo;a pas pu \u00eatre \u00e9cart\u00e9.<\/strong> En mai 2025, 76 communes des Ardennes ont \u00e9t\u00e9 class\u00e9es en zone de cercle 2. Le reste du d\u00e9partement est class\u00e9 en niveau\u00a03.<\/p>\n<p>\u00c0 \u00e9couter aussi   <img decoding=\"async\" src=\"https:\/\/www.europesays.com\/fr\/wp-content\/uploads\/2025\/11\/1763903237_727_400x400\" alt=\"\" style=\"--_image-preview:url('data:image\/jpeg;base64,data:image\/jpeg;base64,\/9j\/2wBDACgcHiMeGSgjISMtKygwPGRBPDc3PHtYXUlkkYCZlo+AjIqgtObDoKrarYqMyP\/L2u71\/\/\/\/m8H\/\/\/\/6\/+b9\/\/j\/2wBDASstLTw1PHZBQXb4pYyl+Pj4+Pj4+Pj4+Pj4+Pj4+Pj4+Pj4+Pj4+Pj4+Pj4+Pj4+Pj4+Pj4+Pj4+Pj4+Pj4+Pj\/wAARCAAXACoDASIAAhEBAxEB\/8QAFgABAQEAAAAAAAAAAAAAAAAAAAEC\/8QAFRABAQAAAAAAAAAAAAAAAAAAAAH\/xAAXAQEBAQEAAAAAAAAAAAAAAAAAAQID\/8QAFBEBAAAAAAAAAAAAAAAAAAAAAP\/aAAwDAQACEQMRAD8AoiuQogAgiCgNCqCDNQAf\/9k=');\" loading=\"lazy\" fetchpriority=\"low\" aria-hidden=\"true\" class=\"svelte-1cksh76 rounded\" onload=\"this.__e=event\" onerror=\"this.__e=event\"\/><\/p>\n","protected":false},"excerpt":{"rendered":"Dans les prochaines semaines, le niveau de protection face aux loups doit augmenter dans quelques communes des Ardennes.&hellip;\n","protected":false},"author":2,"featured_media":553410,"comment_status":"","ping_status":"","sticky":false,"template":"","format":"standard","meta":{"footnotes":""},"categories":[1586],"tags":[11,1777,674,1779,1011,27,12,25,1778,364],"class_list":{"0":"post-553409","1":"post","2":"type-post","3":"status-publish","4":"format-standard","5":"has-post-thumbnail","7":"category-europe","8":"tag-actualites","9":"tag-eu","10":"tag-europe","11":"tag-european-union","12":"tag-fr","13":"tag-france","14":"tag-news","15":"tag-republique-francaise","16":"tag-ue","17":"tag-union-europeenne"},"share_on_mastodon":{"url":"https:\/\/pubeurope.com\/@fr\/115599170584974448","error":""},"_links":{"self":[{"href":"https:\/\/www.europesays.com\/fr\/wp-json\/wp\/v2\/posts\/553409","targetHints":{"allow":["GET"]}}],"collection":[{"href":"https:\/\/www.europesays.com\/fr\/wp-json\/wp\/v2\/posts"}],"about":[{"href":"https:\/\/www.europesays.com\/fr\/wp-json\/wp\/v2\/types\/post"}],"author":[{"embeddable":true,"href":"https:\/\/www.europesays.com\/fr\/wp-json\/wp\/v2\/users\/2"}],"replies":[{"embeddable":true,"href":"https:\/\/www.europesays.com\/fr\/wp-json\/wp\/v2\/comments?post=553409"}],"version-history":[{"count":0,"href":"https:\/\/www.europesays.com\/fr\/wp-json\/wp\/v2\/posts\/553409\/revisions"}],"wp:featuredmedia":[{"embeddable":true,"href":"https:\/\/www.europesays.com\/fr\/wp-json\/wp\/v2\/media\/553410"}],"wp:attachment":[{"href":"https:\/\/www.europesays.com\/fr\/wp-json\/wp\/v2\/media?parent=553409"}],"wp:term":[{"taxonomy":"category","embeddable":true,"href":"https:\/\/www.europesays.com\/fr\/wp-json\/wp\/v2\/categories?post=553409"},{"taxonomy":"post_tag","embeddable":true,"href":"https:\/\/www.europesays.com\/fr\/wp-json\/wp\/v2\/tags?post=553409"}],"curies":[{"name":"wp","href":"https:\/\/api.w.org\/{rel}","templated":true}]}}