{"id":553411,"date":"2025-11-23T13:08:14","date_gmt":"2025-11-23T13:08:14","guid":{"rendered":"https:\/\/www.europesays.com\/fr\/553411\/"},"modified":"2025-11-23T13:08:14","modified_gmt":"2025-11-23T13:08:14","slug":"deux-adolescents-mortellement-fauches-par-une-voiture-le-pere-dune-victime-percute-en-tentant-de-les-secourir","status":"publish","type":"post","link":"https:\/\/www.europesays.com\/fr\/553411\/","title":{"rendered":"deux adolescents mortellement fauch\u00e9s par une voiture, le p\u00e8re d&rsquo;une victime percut\u00e9 en tentant de les secourir"},"content":{"rendered":"<p class=\"article__intro\">Deux jeunes de 15 ans sont morts samedi 22 novembre 2025 \u00e0 Saint-Br\u00e8s (Gard), fauch\u00e9s par une voiture alors qu&rsquo;ils marchaient le long de la d\u00e9partementale. Dans la foul\u00e9e, le p\u00e8re d&rsquo;une des victimes a \u00e9t\u00e9 percut\u00e9 par un autre v\u00e9hicule en tentant de les secourir. Un suspect a \u00e9t\u00e9 mis en garde \u00e0 vue.<\/p>\n<p>\n      L\u2019actu des r\u00e9gions\n    <\/p>\n<p>\n      Chaque jour, un tour d\u2019horizon des principales infos de toutes les r\u00e9gions.\n    <\/p>\n<p>    France T\u00e9l\u00e9visions utilise votre adresse e-mail afin de vous envoyer la newsletter \u00ab\u00a0L\u2019actu des r\u00e9gions\u00a0\u00bb. Vous pouvez vous d\u00e9sinscrire \u00e0 tout moment via le lien en bas de cette newsletter. <a target=\"_blank\" href=\"https:\/\/www.francetelevisions.fr\/groupe\/confidentialite\/politique-de-confidentialite\/politique-de-confidentialite-de-france-televisions-6503\" rel=\"nofollow noopener\">Notre politique de confidentialit\u00e9<\/a><\/p>\n<p>Samedi 22 novembre 2025 en fin d&rsquo;apr\u00e8s-midi, deux adolescents de 15 ans ont \u00e9t\u00e9 mortellement fauch\u00e9s par une voiture alors qu&rsquo;ils marchaient le long de la d\u00e9partementale 904, au niveau de Saint-Br\u00e8s (Gard).<\/p>\n<p>Le p\u00e8re de l\u2019une des victimes, t\u00e9moin de l\u2019accident, s&rsquo;est lui aussi fait percuter par un v\u00e9hicule alors qu&rsquo;il se pr\u00e9cipitait pour leur venir en aide. Il est gri\u00e8vement bless\u00e9.<\/p>\n<\/p>\n<p>Vers 18h30 samedi, une fille et un gar\u00e7on tous deux \u00e2g\u00e9s de 15 ans marchaient le long de la D904, alors qu&rsquo;ils sortaient d&rsquo;un restaurant o\u00f9 ils f\u00eataient un anniversaire.<\/p>\n<p>Fauch\u00e9s par une voiture, ils sont morts sur le coup.<\/p>\n<p>Le papa de l\u2019un d\u2019entre eux, \u00e2g\u00e9 d&rsquo;une cinquantaine d&rsquo;ann\u00e9es, s&rsquo;est pr\u00e9cipit\u00e9 pour leur venir en aide et a \u00e9t\u00e9 percut\u00e9 par un autre v\u00e9hicule en circulation.<\/p>\n<p>Les sapeurs-pompiers du Gard (SDIS 30) l&rsquo;ont retrouv\u00e9 \u00ab\u00a0polytraumatis\u00e9\u00a0\u00bb et il a \u00e9t\u00e9 \u00e9vacu\u00e9 au centre hospitalier d&rsquo;Al\u00e8s.<\/p>\n<p>Trois autres personnes pr\u00e9sentes sur place ont \u00e9galement \u00e9t\u00e9 transport\u00e9es pour examen au centre hospitalier d&rsquo;Al\u00e8s.<\/p>\n<p>Des moyens importants ont \u00e9t\u00e9 d\u00e9ploy\u00e9s sur place pour venir en aide aux victimes\u00a0: quatre ambulances, un v\u00e9hicule de secours routier, le SMUR (Structure mobile d&rsquo;urgence et de r\u00e9animation) d&rsquo;Al\u00e8s ainsi qu&rsquo;un \u00e9chelon de commandement du SDIS\u00a030.<\/p>\n<p>22 pompiers ont \u00e9t\u00e9 d\u00e9p\u00each\u00e9s sur place.<\/p>\n<p>Selon nos informations, un jeune conducteur de 24 ans a \u00e9t\u00e9 plac\u00e9 en garde \u00e0 vue. Une enqu\u00eate de gendarmerie est en cours pour tenter de d\u00e9terminer les circonstances exacte de cette accident.<\/p>\n<p>Plus d&rsquo;informations \u00e0 suivre.<\/p>\n","protected":false},"excerpt":{"rendered":"Deux jeunes de 15 ans sont morts samedi 22 novembre 2025 \u00e0 Saint-Br\u00e8s (Gard), fauch\u00e9s par une voiture&hellip;\n","protected":false},"author":2,"featured_media":553412,"comment_status":"","ping_status":"","sticky":false,"template":"","format":"standard","meta":{"footnotes":""},"categories":[2],"tags":[11,1011,27,12,25],"class_list":{"0":"post-553411","1":"post","2":"type-post","3":"status-publish","4":"format-standard","5":"has-post-thumbnail","7":"category-actualites","8":"tag-actualites","9":"tag-fr","10":"tag-france","11":"tag-news","12":"tag-republique-francaise"},"share_on_mastodon":{"url":"https:\/\/pubeurope.com\/@fr\/115599173513756891","error":""},"_links":{"self":[{"href":"https:\/\/www.europesays.com\/fr\/wp-json\/wp\/v2\/posts\/553411","targetHints":{"allow":["GET"]}}],"collection":[{"href":"https:\/\/www.europesays.com\/fr\/wp-json\/wp\/v2\/posts"}],"about":[{"href":"https:\/\/www.europesays.com\/fr\/wp-json\/wp\/v2\/types\/post"}],"author":[{"embeddable":true,"href":"https:\/\/www.europesays.com\/fr\/wp-json\/wp\/v2\/users\/2"}],"replies":[{"embeddable":true,"href":"https:\/\/www.europesays.com\/fr\/wp-json\/wp\/v2\/comments?post=553411"}],"version-history":[{"count":0,"href":"https:\/\/www.europesays.com\/fr\/wp-json\/wp\/v2\/posts\/553411\/revisions"}],"wp:featuredmedia":[{"embeddable":true,"href":"https:\/\/www.europesays.com\/fr\/wp-json\/wp\/v2\/media\/553412"}],"wp:attachment":[{"href":"https:\/\/www.europesays.com\/fr\/wp-json\/wp\/v2\/media?parent=553411"}],"wp:term":[{"taxonomy":"category","embeddable":true,"href":"https:\/\/www.europesays.com\/fr\/wp-json\/wp\/v2\/categories?post=553411"},{"taxonomy":"post_tag","embeddable":true,"href":"https:\/\/www.europesays.com\/fr\/wp-json\/wp\/v2\/tags?post=553411"}],"curies":[{"name":"wp","href":"https:\/\/api.w.org\/{rel}","templated":true}]}}