{"id":553417,"date":"2025-11-23T13:12:19","date_gmt":"2025-11-23T13:12:19","guid":{"rendered":"https:\/\/www.europesays.com\/fr\/553417\/"},"modified":"2025-11-23T13:12:19","modified_gmt":"2025-11-23T13:12:19","slug":"teo-rotar-et-arnaud-gauthier-rat-en-bronze-aux-mondiaux","status":"publish","type":"post","link":"https:\/\/www.europesays.com\/fr\/553417\/","title":{"rendered":"T\u00e9o Rotar et Arnaud Gauthier-Rat en bronze aux Mondiaux !"},"content":{"rendered":"<p style=\"text-align: justify;\"><strong>CHAMPIONNATS DU MONDE DE BEACH VOLLEY 2025 \u2013 L\u2019histoire a \u00e9t\u00e9 \u00e9crite : T\u00e9o Rotar et Arnaud Gauthier-Rat remportent le bronze, la premi\u00e8re m\u00e9daille mondiale du beach-volley fran\u00e7ais.<\/strong><\/p>\n<p style=\"text-align: justify;\">Apr\u00e8s une comp\u00e9tition de feu, <strong>T\u00e9o Rotar<\/strong> et <strong>Arnaud Gauthier-Rat\u00a0<\/strong>n\u2019avaient pas r\u00e9ussi \u00e0 renverser la paire su\u00e9doise\u00a0<strong>Jacob H\u00f6lting Nilsson \u2013 Elmer Andersson<\/strong>, et avaient \u00e9chou\u00e9 aux portes de la finale. Une d\u00e9faite forc\u00e9ment rageante, mais il restait une chance d\u2019aller chercher la toute premi\u00e8re m\u00e9daille fran\u00e7aise aux Championnats du monde de beach-volley. \u00c0 condition de battre la paire allemande <strong>Nils Ehlers \u2013 Clemens Wickler<\/strong>\u2026 soit <a href=\"https:\/\/dicodusport.fr\/blog\/beach-volley-jo-2024-david-ahman-et-jonatan-hellvig-sacres-chez-les-hommes\/\" rel=\"nofollow noopener\" target=\"_blank\">les vice-champions olympiques en titre<\/a> !<\/p>\n<p><a href=\"https:\/\/dicodusport.fr\/blog\/teo-rotar-et-arnaud-gauthier-rat-niront-pas-en-finale-des-mondiaux-de-beach-volley\/\" class=\"vlp-link\" title=\"T\u00e9o Rotar et Arnaud Gauthier-Rat n&#039;iront pas en finale des Mondiaux de beach-volley\" rel=\"nofollow noopener\" target=\"_blank\"><img loading=\"lazy\" decoding=\"async\" style=\"max-width: 792px;\" width=\"792\" height=\"445\" class=\"attachment-800x445 size-800x445 perfmatters-lazy\" alt=\"T\u00e9o Rotar et Arnaud Gauthier-Rat n'iront pas en finale des Mondiaux de beach-volley\" src=\"https:\/\/www.europesays.com\/fr\/wp-content\/uploads\/2025\/11\/Teo-Rotar-et-Arnaud-Gauthier-Rat-niront-pas-en-finale-des-Mondiaux-de-beach-volley.png\"  data-\/><\/p>\n<p>T\u00e9o Rotar et Arnaud Gauthier-Rat n&rsquo;iront pas en finale des Mondiaux de beach-volley<\/p>\n<p>CHAMPIONNATS DU MONDE DE BEACH VOLLEY 2025 &#8211; Battus par plus forts en demi-finale, T\u00e9o Rotar et Arnaud Gauthier-Rat tenteront toutefois d&rsquo;aller chercher le bronze demain.<\/p>\n<p>Lire l&rsquo;article<\/p>\n<p>dicodusport.fr<\/p>\n<p>L\u2019histoire \u00e9crite par T\u00e9o Rotar et Arnaud Gauthier-Rat<\/p>\n<p style=\"text-align: justify;\">Rapidement agressifs au filet, les Bleus \u00e9taient les premiers \u00e0 prendre deux longueurs d\u2019avance. Un matelas tr\u00e8s mince, mais qu\u2019ils s\u2019appliquaient \u00e0 conserver, et m\u00eame \u00e0 faire cro\u00eetre. Toujours en mouvement sur le sable, ils faisaient d\u00e9jouer leurs rivaux, et avaient en plus de la r\u00e9ussite. Impressionnants, <strong>T\u00e9o Rotar<\/strong> et <strong>Arnaud Gauthier-Rat<\/strong> allaient d\u00e9rouler un beach-volley spectaculaire, mais efficace, et rafler la premi\u00e8re manche sans trembler.<\/p>\n<p style=\"text-align: justify;\">Plus qu\u2019un set \u00e0 gagner. Mais les Bleus semblaient avoir fait le plus dur, et leur pr\u00e9sence au block, notamment celle d\u2019un <strong>T\u00e9o Rotar<\/strong> exceptionnel dans ce domaine, les repla\u00e7aient en t\u00eate. Quand ils prenaient cinq longueurs de marge, on ne les imaginait plus perdre la rencontre. D\u2019autant qu\u2019ils continuaient leur travail de sape en d\u00e9fense, et affrontaient en serrant les dents le baroud d\u2019honneur allemand. Et sur une derni\u00e8re faute allemande, ils pouvaient exploser de choix : le bronze \u00e9tait une r\u00e9alit\u00e9.<\/p>\n<blockquote class=\"instagram-media\" style=\"background: #FFF; border: 0; border-radius: 3px; box-shadow: 0 0 1px 0 rgba(0,0,0,0.5),0 1px 10px 0 rgba(0,0,0,0.15); margin: 1px; max-width: 540px; min-width: 326px; padding: 0; width: calc(100% - 2px);\" data-instgrm-captioned=\"\" data-instgrm-permalink=\"https:\/\/www.instagram.com\/reel\/DRYwGjdAdEn\/?utm_source=ig_embed&amp;utm_campaign=loading\" data-instgrm-version=\"14\">\n<\/blockquote>\n<p style=\"text-align: justify;\"><strong>T\u00e9o Rotar<\/strong> et <strong>Arnaud Gauthier-Rat\u00a0<\/strong>s\u2019imposent donc <strong>21-15, 21-15<\/strong> et d\u00e9crochent la premi\u00e8re m\u00e9daille mondiale de l\u2019histoire du beach-volley fran\u00e7ais. Une paire avec peu de v\u00e9cu ensemble qui a fait un travail ph\u00e9nom\u00e9nal, notamment ce dimanche contre un duo bien plus exp\u00e9riment\u00e9 et titr\u00e9 au niveau mondial. Une ann\u00e9e incroyable pour le beach tricolore, avec notamment <a href=\"https:\/\/dicodusport.fr\/blog\/beach-volley-euro-2025-aline-chamereau-et-clemence-vieira-craquent-en-finale\/\" rel=\"nofollow noopener\" target=\"_blank\">la finale europ\u00e9enne d\u2019<strong>Aline Chamereau<\/strong> et <strong>Cl\u00e9mence Vieira<\/strong><\/a>, qui trouve une splendide conclusion \u00e0 Ad\u00e9la\u00efde !<\/p>\n<p><script async src=\"\/\/www.instagram.com\/embed.js\"><\/script><\/p>\n","protected":false},"excerpt":{"rendered":"CHAMPIONNATS DU MONDE DE BEACH VOLLEY 2025 \u2013 L\u2019histoire a \u00e9t\u00e9 \u00e9crite : T\u00e9o Rotar et Arnaud Gauthier-Rat&hellip;\n","protected":false},"author":2,"featured_media":553418,"comment_status":"","ping_status":"","sticky":false,"template":"","format":"standard","meta":{"footnotes":""},"categories":[1417],"tags":[27306,2113,1011,27,517,60,1470,1469],"class_list":{"0":"post-553417","1":"post","2":"type-post","3":"status-publish","4":"format-standard","5":"has-post-thumbnail","7":"category-volley","8":"tag-beach-volley","9":"tag-breve","10":"tag-fr","11":"tag-france","12":"tag-sport","13":"tag-sports","14":"tag-volley","15":"tag-volleyball"},"share_on_mastodon":{"url":"https:\/\/pubeurope.com\/@fr\/115599190378473752","error":""},"_links":{"self":[{"href":"https:\/\/www.europesays.com\/fr\/wp-json\/wp\/v2\/posts\/553417","targetHints":{"allow":["GET"]}}],"collection":[{"href":"https:\/\/www.europesays.com\/fr\/wp-json\/wp\/v2\/posts"}],"about":[{"href":"https:\/\/www.europesays.com\/fr\/wp-json\/wp\/v2\/types\/post"}],"author":[{"embeddable":true,"href":"https:\/\/www.europesays.com\/fr\/wp-json\/wp\/v2\/users\/2"}],"replies":[{"embeddable":true,"href":"https:\/\/www.europesays.com\/fr\/wp-json\/wp\/v2\/comments?post=553417"}],"version-history":[{"count":0,"href":"https:\/\/www.europesays.com\/fr\/wp-json\/wp\/v2\/posts\/553417\/revisions"}],"wp:featuredmedia":[{"embeddable":true,"href":"https:\/\/www.europesays.com\/fr\/wp-json\/wp\/v2\/media\/553418"}],"wp:attachment":[{"href":"https:\/\/www.europesays.com\/fr\/wp-json\/wp\/v2\/media?parent=553417"}],"wp:term":[{"taxonomy":"category","embeddable":true,"href":"https:\/\/www.europesays.com\/fr\/wp-json\/wp\/v2\/categories?post=553417"},{"taxonomy":"post_tag","embeddable":true,"href":"https:\/\/www.europesays.com\/fr\/wp-json\/wp\/v2\/tags?post=553417"}],"curies":[{"name":"wp","href":"https:\/\/api.w.org\/{rel}","templated":true}]}}