{"id":553419,"date":"2025-11-23T13:13:12","date_gmt":"2025-11-23T13:13:12","guid":{"rendered":"https:\/\/www.europesays.com\/fr\/553419\/"},"modified":"2025-11-23T13:13:12","modified_gmt":"2025-11-23T13:13:12","slug":"le-trophee-christophe-dominici-lhommage-au-style-spectaculaire-de-lancien-ailier-qui-rassemble-toulon-et-le-stade-francais-lequipe","status":"publish","type":"post","link":"https:\/\/www.europesays.com\/fr\/553419\/","title":{"rendered":"Le troph\u00e9e Christophe-Dominici, l&#039;hommage au style spectaculaire de l&#039;ancien ailier qui rassemble Toulon et le Stade Fran\u00e7ais &#8211; L&#039;\u00c9quipe"},"content":{"rendered":"<ol>\n<li><a href=\"https:\/\/news.google.com\/rss\/articles\/CBMiggJBVV95cUxQTGE5eThLbjFLS2hVRmFza3JEUXUxZVBkQV9la1B5WElMV2VyeFJucl82ZnREbHN1QTRfQ0F1XzhSVmlZeDlhY3puX0x6THU2c3J4SVA1S1o3VTlDaVZzYVpaVVpSWU5SdnpfUXprSWJ1ZlZGVXV6WmUycWNRd0Q0RlliLUs4TVF3M05vVlJzbFZ4Y1ZyZ3hmdXBLMjdCcTlmNV9xeDhSYWpHUHRvaGpZaURYalVNVTJxUllodEZJTDAxZWR6dHNqZC1kUXpMekZYbDJVcndhXzR4WHhMQlQ2dzFxQWlUd1BlaXo4VS0tcmtnZGZSb2c4YWxlZzRJd1BGQnc?oc=5\" target=\"_blank\" rel=\"nofollow noopener\">Le troph\u00e9e Christophe-Dominici, l&rsquo;hommage au style spectaculaire de l&rsquo;ancien ailier qui rassemble Toulon et le Stade Fran\u00e7ais<\/a>&nbsp;&nbsp;L&rsquo;\u00c9quipe<\/li>\n<li><a href=\"https:\/\/news.google.com\/rss\/articles\/CBMi7wFBVV95cUxPWVJYakxpMFBpSU5Sb0NrUDd5Y2FvSnJqbnU4V0t4UE1tZlN6S0FUWXJNNnFkM0xxaWFUeW1OY0QzWjRwV29jdThSUVZtRENMRzF1ZV90dlpoM2h2XzkzZ0k5T3RNSzBHc0stU2c5dlJXZU03NU5aT3A5eTU1Ukx4ZUJ1WW1TN0tzakZ6cUVXeElGcmJnTV9BN1lWd0p0QVVjVEQ0WE5fcDVkTUtoVXZ4OTVKdXpVMExFWkRCU3ZDYS05WTFwN0paYXFVTDRfamt5R19ra0d0WUp4TTRjaGg1MWJicjExSEgyUlVFSC1pOA?oc=5\" target=\"_blank\" rel=\"nofollow noopener\">\u00ab\u00a0Je veux que la v\u00e9rit\u00e9 sorte\u00a0\u00bb : cinq ans apr\u00e8s la mort de Christophe Dominci, Loretta Denaro, sa compagne, se confie<\/a>&nbsp;&nbsp;Midi Libre<\/li>\n<li><a href=\"https:\/\/news.google.com\/rss\/articles\/CBMisgFBVV95cUxOSmtvSUlac01RNkJDb0JrOHdMUGM2OVRDTEdZYVhkeXI3a0tKX3JIWHVfRXZNQjZsb09VUVhBWkNDdExtRlRtakR2SUF1QzFwX0VMc2F6eDVGeHI3VWdvM0pmeWY0TDZEU2pTX2k1TzBPLVFrR09jbGw1bTBjdHdBRnNUUHdhVWxTWUpBLXpNX3VKUnhBc1h1Qk1tQ3NYN0RmSkNqc2JJM0hRSEk0ekp5RjBn?oc=5\" target=\"_blank\" rel=\"nofollow noopener\">Il y a 5 ans disparaissait le joueur de rugby Christophe Dominici<\/a>&nbsp;&nbsp;Radio France<\/li>\n<li><a href=\"https:\/\/news.google.com\/rss\/articles\/CBMikgJBVV95cUxQNjl0bTZZQUZGbXlvUVNhS0VGM2VXNzRVSXZjMjNEQTNTMkQ4dzVNN3ppZUxrS1IzMVdJZk1LeFR5ZUwwdjYwUHZHcjc1b2dwZFBLVDQ4Nm9MZVJhY2laQlJJdlRPb0JtX2k2OU9mMXFIb0hHOGNacVhSRDBNN3lDTjJZSzVYOVVRUmpudDNRTXQwTVFPcTJneUtfZjZ5LXBfcG96U0FrUS04UUF1TUo3b2Y1TG43eTV2XzhXSC1tTndtaEsxQlZCLXhOTU5Jd05Fd0E5WVpMU1I1SGlKRS1IY29pUXBfQVBpTGhjQml0M3ZUSkFyUjcta2RwUy1RSmVvZG9WSmZrcHJWdU1GWFJJUDdR?oc=5\" target=\"_blank\" rel=\"nofollow noopener\">Mort de Dominici, cinq ans apr\u00e8s : rachat de B\u00e9ziers, escroquerie, burn-out\u2026 Cet \u00e9t\u00e9 2020 qui \u00ab lui a co\u00fbt\u00e9 la vie<\/a>&nbsp;&nbsp;Le Parisien<\/li>\n<li><a href=\"https:\/\/news.google.com\/rss\/articles\/CBMiiwJBVV95cUxNQXlib09iX2RXUjV4RWI3S3pXZUFFNXZFLXNOeThHaEQ0YVdKTFlFc3YxVHNpY19peExLc0p6bzlZcVYyS3d4Y3hZQXEtWDgzUTdiTWJrcFgtZl9WVEZxTUk3TkZWTjlkblh3Zjl1M2Q2eEl0U1pYdVRQckw1Wm9wS2xMbkJ0WnloNkNaZHZmWmJZQnNlZUFIOS1ILXpYYU9KRklITkRMY3Z0VXVtVXJ4MUJneHppcl9qNGp5b1pTS3cxWVNxZ2ZTZjZoYVlZekZvQ1JJdXBrOTJNNXdTZklnbW5ya1RSNS1SNDRINW5CX3hBODZxeUpabTY0aEQyb1FNMDg3TURrQ3BQTWc?oc=5\" target=\"_blank\" rel=\"nofollow noopener\">Christophe Dominici : \u00ab\u00a0il n&rsquo;a presque plus parl\u00e9&#8230;\u00a0\u00bb, les derniers mois de l&rsquo;ancien rugbyman fran\u00e7ais marqu\u00e9s par un \u00e9v\u00e9nement qui a tout chang\u00e9<\/a>&nbsp;&nbsp;Purepeople<\/li>\n<\/ol>\n","protected":false},"excerpt":{"rendered":"Le troph\u00e9e Christophe-Dominici, l&rsquo;hommage au style spectaculaire de l&rsquo;ancien ailier qui rassemble Toulon et le Stade Fran\u00e7ais&nbsp;&nbsp;L&rsquo;\u00c9quipe \u00ab\u00a0Je&hellip;\n","protected":false},"author":2,"featured_media":553420,"comment_status":"","ping_status":"","sticky":false,"template":"","format":"standard","meta":{"footnotes":""},"categories":[1416],"tags":[1011,27,479,1468,60],"class_list":{"0":"post-553419","1":"post","2":"type-post","3":"status-publish","4":"format-standard","5":"has-post-thumbnail","7":"category-rugby","8":"tag-fr","9":"tag-france","10":"tag-rugby","11":"tag-rugby-football","12":"tag-sports"},"share_on_mastodon":{"url":"https:\/\/pubeurope.com\/@fr\/115599193180262770","error":""},"_links":{"self":[{"href":"https:\/\/www.europesays.com\/fr\/wp-json\/wp\/v2\/posts\/553419","targetHints":{"allow":["GET"]}}],"collection":[{"href":"https:\/\/www.europesays.com\/fr\/wp-json\/wp\/v2\/posts"}],"about":[{"href":"https:\/\/www.europesays.com\/fr\/wp-json\/wp\/v2\/types\/post"}],"author":[{"embeddable":true,"href":"https:\/\/www.europesays.com\/fr\/wp-json\/wp\/v2\/users\/2"}],"replies":[{"embeddable":true,"href":"https:\/\/www.europesays.com\/fr\/wp-json\/wp\/v2\/comments?post=553419"}],"version-history":[{"count":0,"href":"https:\/\/www.europesays.com\/fr\/wp-json\/wp\/v2\/posts\/553419\/revisions"}],"wp:featuredmedia":[{"embeddable":true,"href":"https:\/\/www.europesays.com\/fr\/wp-json\/wp\/v2\/media\/553420"}],"wp:attachment":[{"href":"https:\/\/www.europesays.com\/fr\/wp-json\/wp\/v2\/media?parent=553419"}],"wp:term":[{"taxonomy":"category","embeddable":true,"href":"https:\/\/www.europesays.com\/fr\/wp-json\/wp\/v2\/categories?post=553419"},{"taxonomy":"post_tag","embeddable":true,"href":"https:\/\/www.europesays.com\/fr\/wp-json\/wp\/v2\/tags?post=553419"}],"curies":[{"name":"wp","href":"https:\/\/api.w.org\/{rel}","templated":true}]}}