{"id":553421,"date":"2025-11-23T13:14:15","date_gmt":"2025-11-23T13:14:15","guid":{"rendered":"https:\/\/www.europesays.com\/fr\/553421\/"},"modified":"2025-11-23T13:14:15","modified_gmt":"2025-11-23T13:14:15","slug":"coupe-davis-2026-on-connait-ladversaire-de-la-belgique-au-premier-tour-des-qualifications-et-il-y-a-une-mauvaise-nouvelle","status":"publish","type":"post","link":"https:\/\/www.europesays.com\/fr\/553421\/","title":{"rendered":"Coupe Davis 2026\u00a0: on conna\u00eet l&rsquo;adversaire de la Belgique au premier tour des qualifications et il y a une mauvaise nouvelle"},"content":{"rendered":"<p class=\"ap-StoryElement ap-StoryElement--mb ap-StoryText\">\u00c0 quatre heures de la finale Italie\u2013Espagne de cette \u00e9dition 2025, l&rsquo;ITF a proc\u00e9d\u00e9 ce dimanche midi au tirage au sort des qualifications de la Coupe Davis 2026. T\u00eate de s\u00e9rie n\u00b04, la Belgique affrontera la Bulgarie de Grigor Dimitrov (ATP 44). Le vainqueur du Masters 2017 n&rsquo;a toutefois plus jouer pour son pays depuis 2015 : le deuxi\u00e8me joueur bulgare, Dimitar Kuzmanov, \u00e9marge au 259e rang mondial, tandis que leur meilleur sp\u00e9cialiste de double, Alexander Donski, pointe \u00e0 la 133e place.<\/p>\n","protected":false},"excerpt":{"rendered":"\u00c0 quatre heures de la finale Italie\u2013Espagne de cette \u00e9dition 2025, l&rsquo;ITF a proc\u00e9d\u00e9 ce dimanche midi au&hellip;\n","protected":false},"author":2,"featured_media":553422,"comment_status":"","ping_status":"","sticky":false,"template":"","format":"standard","meta":{"footnotes":""},"categories":[1415],"tags":[1011,27,1227,60,1467],"class_list":{"0":"post-553421","1":"post","2":"type-post","3":"status-publish","4":"format-standard","5":"has-post-thumbnail","7":"category-tennis","8":"tag-fr","9":"tag-france","10":"tag-horizontal","11":"tag-sports","12":"tag-tennis"},"share_on_mastodon":{"url":"https:\/\/pubeurope.com\/@fr\/115599197012062255","error":""},"_links":{"self":[{"href":"https:\/\/www.europesays.com\/fr\/wp-json\/wp\/v2\/posts\/553421","targetHints":{"allow":["GET"]}}],"collection":[{"href":"https:\/\/www.europesays.com\/fr\/wp-json\/wp\/v2\/posts"}],"about":[{"href":"https:\/\/www.europesays.com\/fr\/wp-json\/wp\/v2\/types\/post"}],"author":[{"embeddable":true,"href":"https:\/\/www.europesays.com\/fr\/wp-json\/wp\/v2\/users\/2"}],"replies":[{"embeddable":true,"href":"https:\/\/www.europesays.com\/fr\/wp-json\/wp\/v2\/comments?post=553421"}],"version-history":[{"count":0,"href":"https:\/\/www.europesays.com\/fr\/wp-json\/wp\/v2\/posts\/553421\/revisions"}],"wp:featuredmedia":[{"embeddable":true,"href":"https:\/\/www.europesays.com\/fr\/wp-json\/wp\/v2\/media\/553422"}],"wp:attachment":[{"href":"https:\/\/www.europesays.com\/fr\/wp-json\/wp\/v2\/media?parent=553421"}],"wp:term":[{"taxonomy":"category","embeddable":true,"href":"https:\/\/www.europesays.com\/fr\/wp-json\/wp\/v2\/categories?post=553421"},{"taxonomy":"post_tag","embeddable":true,"href":"https:\/\/www.europesays.com\/fr\/wp-json\/wp\/v2\/tags?post=553421"}],"curies":[{"name":"wp","href":"https:\/\/api.w.org\/{rel}","templated":true}]}}