{"id":553423,"date":"2025-11-23T13:18:14","date_gmt":"2025-11-23T13:18:14","guid":{"rendered":"https:\/\/www.europesays.com\/fr\/553423\/"},"modified":"2025-11-23T13:18:14","modified_gmt":"2025-11-23T13:18:14","slug":"tabor-23-novembre-2025-classement-coupe-du-monde-cyclo-cross-velopressecollection","status":"publish","type":"post","link":"https:\/\/www.europesays.com\/fr\/553423\/","title":{"rendered":"Tabor 23 novembre 2025 classement coupe du monde cyclo cross &#8211; Velopressecollection"},"content":{"rendered":"<ol>\n<li><a href=\"https:\/\/news.google.com\/rss\/articles\/CBMi1wFBVV95cUxNdjZnUjJEM3ZFQTJUWnJDeUNFSUF0OXMzWHhhalkzZmVtSDNuN2YtOWc5TkNKVGNxRzNraDhXanlrVFB1dFg4b2ZkS2tBR1hYc2FzYmxzZkV3RjlmUVFsR3lLTFJxRV9CUUhkZDBSeENKeURzNVllZXY0dTVMRnpNWjMxVEs4VjlzUVNhNFBfeDVfSWVlN1JMYlZMWElLX1QxM2ZhVTBDYlVHb1NUNlNDS2plRGR5dXhWNjJ0NTVOM2xRMDlJcXZIZkFDa0dmVTRkUE41dVM3dw?oc=5\" target=\"_blank\" rel=\"nofollow noopener\">Tabor 23 novembre 2025 classement coupe du monde cyclo cross<\/a>&nbsp;&nbsp;Velopressecollection<\/li>\n<li><a href=\"https:\/\/news.google.com\/rss\/articles\/CBMimAFBVV95cUxOdDdKbHZuTHJpeHpmY2JnYVVFRGwtNm9aV29hWmFHb3dEd2EybXJJOUcyNlhvbHYxckx6ek9zOUZnRU95QkFpOHdTUXpLa1kyMDVaQ2t1bWRpNTFHVUktUC1udkdYblV1ZEhEMlRDcHI3NHJYNkpNclRSQ2liVGJHSkJ1R0gwb1NYaDJ3cE85UGJXNTlETGpfcQ?oc=5\" target=\"_blank\" rel=\"nofollow noopener\">CC &#8211; Coupe du Monde &#8211; \u00c9lite Femmes &#8211; Tabor : Les engag\u00e9es<\/a>&nbsp;&nbsp;DirectVelo<\/li>\n<li><a href=\"https:\/\/news.google.com\/rss\/articles\/CBMiwAFBVV95cUxPWDdEdHRzNXlMajI4VnpDYlA3dVVnNHloTHc5dEVKczV0OXFoU3pva1QzOXcwUFB6UXI1NGZqaEdoM01VWHJlaTE0bk9uNmE4a0xfX0k3ZnhaZWVyV2U5NkZNbHJvQTExVkYtVUR4Mkg4OUN5ODdaVGp1c1M2Q1pvVl9ScWt1WWlRbkdVT3VFdDJUVWI1c0RDMVJRZ3lpYmc1NDRIUVhhVjQtdmtDQkZmamJiNmhDc1FRbzJ3Ny1xZ3Q?oc=5\" target=\"_blank\" rel=\"nofollow noopener\">Cyclo-cross. Coupe du monde U23 : le Vosgien Aubin Sparfel \u00e0 un souffle de la victoire \u00e0 Tabor !<\/a>&nbsp;&nbsp;Vosges Matin<\/li>\n<li><a href=\"https:\/\/news.google.com\/rss\/articles\/CBMiywFBVV95cUxPTnN4ZV8wWFNfRzFLODFPQlVPS3pTWFQ2SlhFYjRlWVJ1LTAyMWlrUVJTTzJQRnIyR281TkRXeUtTYzM0ZDRQeHJFd21rMm9HQ2FDYjVGUkhXUkVaQ1FsVDlLbllYc1VMNlNwLXJlVm5SS3dNOTB5dU10ZjU1dW1oazVDTnBnYlhMUVRGd2dtQzRRTDltYmgzbk9RU2RXLTJDeVVXQllFNDMwWVJJTEE0RGpqSnNKeS1MR0hJLVFMU2VpY3BCMkwybDNLaw?oc=5\" target=\"_blank\" rel=\"nofollow noopener\">Cyclo-cross &#8211; Coupe du monde. L&rsquo;Is\u00e9rois Soren Bruy\u00e8re Joumard s&rsquo;impose \u00e0 Tabor, la Vauclusienne Lise Revol 2e<\/a>&nbsp;&nbsp;Le Dauphin\u00e9 Lib\u00e9r\u00e9<\/li>\n<li><a href=\"https:\/\/news.google.com\/rss\/articles\/CBMivAFBVV95cUxQdkZnN3VtREVKTkVyelNfLXMwQzlvVkViRjNpZWhzcTU5YTJoSjBfTkpPekx4US1KN1JyVlNkZ0dRTWxIeGl6M3dEdnBPVXZETGxqOUhpNGlRWENSM2J3R2FnVWJfeDFDckF2M3J4SEhPS3Z4cHVhWVB5eXI1VzI3QlhkRlMxcU5GU20wNmRHdUpfZ196YUVGU0hMUUxQTkxsSXAxTWFaUUVSOE1zMERDazhTWC1aWmhHcmYzbg?oc=5\" target=\"_blank\" rel=\"nofollow noopener\">Coupe du monde de cyclo-cross: en attendant Van der Poel et Van Aert<\/a>&nbsp;&nbsp;France 24<\/li>\n<\/ol>\n","protected":false},"excerpt":{"rendered":"Tabor 23 novembre 2025 classement coupe du monde cyclo cross&nbsp;&nbsp;Velopressecollection CC &#8211; Coupe du Monde &#8211; \u00c9lite Femmes&hellip;\n","protected":false},"author":2,"featured_media":553424,"comment_status":"","ping_status":"","sticky":false,"template":"","format":"standard","meta":{"footnotes":""},"categories":[1411],"tags":[1154,207,1011,27,60],"class_list":{"0":"post-553423","1":"post","2":"type-post","3":"status-publish","4":"format-standard","5":"has-post-thumbnail","7":"category-cyclisme","8":"tag-cycling","9":"tag-cyclisme","10":"tag-fr","11":"tag-france","12":"tag-sports"},"share_on_mastodon":{"url":"https:\/\/pubeurope.com\/@fr\/115599212903623263","error":""},"_links":{"self":[{"href":"https:\/\/www.europesays.com\/fr\/wp-json\/wp\/v2\/posts\/553423","targetHints":{"allow":["GET"]}}],"collection":[{"href":"https:\/\/www.europesays.com\/fr\/wp-json\/wp\/v2\/posts"}],"about":[{"href":"https:\/\/www.europesays.com\/fr\/wp-json\/wp\/v2\/types\/post"}],"author":[{"embeddable":true,"href":"https:\/\/www.europesays.com\/fr\/wp-json\/wp\/v2\/users\/2"}],"replies":[{"embeddable":true,"href":"https:\/\/www.europesays.com\/fr\/wp-json\/wp\/v2\/comments?post=553423"}],"version-history":[{"count":0,"href":"https:\/\/www.europesays.com\/fr\/wp-json\/wp\/v2\/posts\/553423\/revisions"}],"wp:featuredmedia":[{"embeddable":true,"href":"https:\/\/www.europesays.com\/fr\/wp-json\/wp\/v2\/media\/553424"}],"wp:attachment":[{"href":"https:\/\/www.europesays.com\/fr\/wp-json\/wp\/v2\/media?parent=553423"}],"wp:term":[{"taxonomy":"category","embeddable":true,"href":"https:\/\/www.europesays.com\/fr\/wp-json\/wp\/v2\/categories?post=553423"},{"taxonomy":"post_tag","embeddable":true,"href":"https:\/\/www.europesays.com\/fr\/wp-json\/wp\/v2\/tags?post=553423"}],"curies":[{"name":"wp","href":"https:\/\/api.w.org\/{rel}","templated":true}]}}