{"id":553425,"date":"2025-11-23T13:19:15","date_gmt":"2025-11-23T13:19:15","guid":{"rendered":"https:\/\/www.europesays.com\/fr\/553425\/"},"modified":"2025-11-23T13:19:15","modified_gmt":"2025-11-23T13:19:15","slug":"arsenal-et-chelsea-contactent-lom-pour-un-transfert-sensationnel","status":"publish","type":"post","link":"https:\/\/www.europesays.com\/fr\/553425\/","title":{"rendered":"Arsenal et Chelsea contactent l&rsquo;OM pour un transfert sensationnel"},"content":{"rendered":"<p><b>Auteur d\u2019un d\u00e9but de saison \u00e9patant, Robinio Vaz attise d\u00e9j\u00e0 les convoitises de plusieurs gros clubs europ\u00e9ens. Chelsea, Arsenal mais aussi le Bayern Munich sont tr\u00e8s attentifs \u00e0 l\u2019\u00e9volution du buteur de l\u2019OM.<\/b><\/p>\n<p>Il fallait s\u2019en douter, <a href=\"https:\/\/www.foot01.com\/marseille\/om-robinio-vaz-vendu-une-fortune-par-marseille-\" target=\"_self\" rel=\"nofollow noopener\">Robinio Vaz a d\u00e9j\u00e0 tap\u00e9 dans l\u2019oeil de plusieurs gros clubs europ\u00e9ens<\/a> apr\u00e8s son excellent d\u00e9but de saison sous les couleurs de l\u2019Olympique de Marseille. Auteur de 4 buts et de 2 passes d\u00e9cisives en <a href=\"https:\/\/www.foot01.com\/ligue1\" title=\"Ligue 1\" rel=\"nofollow noopener\" target=\"_blank\">Ligue 1<\/a>, le buteur de 18 ans est le joker pr\u00e9f\u00e9r\u00e9 de Roberto De Zerbi, qui en fait sa doublure \u00e0 Pierre-Emerick Aubameyang depuis la blessure \u00e0 l\u2019\u00e9paule d\u2019Amine Gouiri. Capable de jouer en pointe ou sur un c\u00f4t\u00e9, dot\u00e9 d\u2019une puissance et d\u2019une vitesse bien au-dessus de la moyenne, l\u2019ancien Sochalien est d\u00e9j\u00e0 cibl\u00e9 par les plus grands clubs europ\u00e9ens.Selon les informations du site Africa Foot, Chelsea, le Bayern Munich, Arsenal ainsi que Naples ont coch\u00e9 son nom dans l\u2019optique du prochain <a href=\"https:\/\/www.foot01.com\/mercato\" title=\"Mercato\" rel=\"nofollow noopener\" target=\"_blank\">mercato<\/a> estival. Il n\u2019est pas \u00e9tonnant de voir Robinio Vaz d\u00e9j\u00e0 associ\u00e9 \u00e0 des cadors de <a href=\"https:\/\/www.foot01.com\/angleterre\" title=\"Premier League\" rel=\"nofollow noopener\" target=\"_blank\">Premier League<\/a>, tant son profil semble parfaitement correspondre au championnat anglais. Ce n\u2019est d\u2019ailleurs pas un hasard si le club le plus chaud dans ce dossier se nomme Chelsea.<\/p>\n<p>Les Blues, tr\u00e8s friands de recruter les jeunes joueurs les plus prometteurs de la plan\u00e8te, se montrent les plus actifs et envisagent de recruter l\u2019attaquant\u2026 d\u00e8s le mercato hivernal, selon le m\u00e9dia. Un premier contact aurait \u00e9t\u00e9 \u00e9tabli entre les dirigeants de Chelsea et l\u2019entourage de Robinio Vaz. Reste que pour Marseille, un d\u00e9part de l\u2019attaquant de 18 ans au mois de janvier n\u2019est clairement pas une option. Et pour cause, Pierre-Emerick Aubameyang n\u2019a plus les jambes pour encha\u00eener les matchs tous les trois jours tandis qu\u2019Amine Gouiri est toujours bless\u00e9 et ne reviendra pas avant mi-janvier.<\/p>\n<p>Un d\u00e9part de Robinio Vaz en janvier n\u2019aurait donc aucun sens, d\u2019autant que le natif de Mantes-la-Jolie est sous contrat jusqu\u2019en 2028 et les n\u00e9gociations pour une prolongation avancent bien. Reste maintenant \u00e0 voir la somme que Chelsea sera pr\u00eat \u00e0 poser sur la table pour recruter Robinio Vaz, un crit\u00e8re d\u00e9terminant pour savoir si un d\u00e9part de l\u2019international U20 de l\u2019\u00e9quipe de France a des chances de voir le jour. Car m\u00eame s\u2019il veut garder son buteur, l\u2019OM ne pourra pas se permettre de refuser une offre totalement d\u00e9connect\u00e9e du march\u00e9 si celle-ci venait \u00e0 arriver.<\/p>\n","protected":false},"excerpt":{"rendered":"Auteur d\u2019un d\u00e9but de saison \u00e9patant, Robinio Vaz attise d\u00e9j\u00e0 les convoitises de plusieurs gros clubs europ\u00e9ens. Chelsea,&hellip;\n","protected":false},"author":2,"featured_media":553426,"comment_status":"","ping_status":"","sticky":false,"template":"","format":"standard","meta":{"footnotes":""},"categories":[1410],"tags":[63,1011,27,66,1434,149,70,60],"class_list":{"0":"post-553425","1":"post","2":"type-post","3":"status-publish","4":"format-standard","5":"has-post-thumbnail","7":"category-football","8":"tag-football","9":"tag-fr","10":"tag-france","11":"tag-ligue-1","12":"tag-mercato","13":"tag-om","14":"tag-premier-league","15":"tag-sports"},"share_on_mastodon":{"url":"https:\/\/pubeurope.com\/@fr\/115599216863457240","error":""},"_links":{"self":[{"href":"https:\/\/www.europesays.com\/fr\/wp-json\/wp\/v2\/posts\/553425","targetHints":{"allow":["GET"]}}],"collection":[{"href":"https:\/\/www.europesays.com\/fr\/wp-json\/wp\/v2\/posts"}],"about":[{"href":"https:\/\/www.europesays.com\/fr\/wp-json\/wp\/v2\/types\/post"}],"author":[{"embeddable":true,"href":"https:\/\/www.europesays.com\/fr\/wp-json\/wp\/v2\/users\/2"}],"replies":[{"embeddable":true,"href":"https:\/\/www.europesays.com\/fr\/wp-json\/wp\/v2\/comments?post=553425"}],"version-history":[{"count":0,"href":"https:\/\/www.europesays.com\/fr\/wp-json\/wp\/v2\/posts\/553425\/revisions"}],"wp:featuredmedia":[{"embeddable":true,"href":"https:\/\/www.europesays.com\/fr\/wp-json\/wp\/v2\/media\/553426"}],"wp:attachment":[{"href":"https:\/\/www.europesays.com\/fr\/wp-json\/wp\/v2\/media?parent=553425"}],"wp:term":[{"taxonomy":"category","embeddable":true,"href":"https:\/\/www.europesays.com\/fr\/wp-json\/wp\/v2\/categories?post=553425"},{"taxonomy":"post_tag","embeddable":true,"href":"https:\/\/www.europesays.com\/fr\/wp-json\/wp\/v2\/tags?post=553425"}],"curies":[{"name":"wp","href":"https:\/\/api.w.org\/{rel}","templated":true}]}}