{"id":553443,"date":"2025-11-23T13:29:12","date_gmt":"2025-11-23T13:29:12","guid":{"rendered":"https:\/\/www.europesays.com\/fr\/553443\/"},"modified":"2025-11-23T13:29:12","modified_gmt":"2025-11-23T13:29:12","slug":"ce-qui-se-passe-vraiment-quand-on-decide-de-faire-ses-courses-ailleurs-que-dans-un-supermarche","status":"publish","type":"post","link":"https:\/\/www.europesays.com\/fr\/553443\/","title":{"rendered":"Ce qui se passe (vraiment) quand on d\u00e9cide de faire ses courses ailleurs que dans un supermarch\u00e9"},"content":{"rendered":"<p>Un samedi matin de fin novembre, en plein c\u0153ur de la grisaille, l\u2019ambiance typique d\u2019un supermarch\u00e9 fran\u00e7ais bat son plein. Les rayons sur\u00e9clair\u00e9s, les promotions clinquantes sur des dindes \u00e0 farcir et la rituelle bousculade autour de la file de caisses : voil\u00e0 le d\u00e9cor bien connu de la grande distribution \u00e0 l\u2019approche de l\u2019hiver et des f\u00eates. Mais certains consommateurs, lass\u00e9s par le tourbillon du caddie, choisissent d\u2019explorer d\u2019autres chemins : direction le march\u00e9 du quartier, l\u2019\u00e9picerie locale, ou une AMAP. Derri\u00e8re cette d\u00e9cision, bien plus qu\u2019une simple variation dans la routine. Que se passe-t-il r\u00e9ellement lorsque l\u2019on <strong>s\u2019\u00e9mancipe des supermarch\u00e9s<\/strong> ? Un simple changement de d\u00e9cor ou une r\u00e9volution du quotidien ? La r\u00e9ponse se cache l\u00e0 o\u00f9 on l\u2019attend le moins, entre l\u00e9gumes caboss\u00e9s et sourires partag\u00e9s.<\/p>\n<p>\u00c0 la recherche d\u2019un nouveau souffle : pourquoi quitter le supermarch\u00e9 ?<\/p>\n<p>Le supermarch\u00e9 est devenu la norme, presque un passage oblig\u00e9. Pourtant, nombreux sont ceux qui ressentent un ras-le-bol grandissant face \u00e0 ce parcours fl\u00e9ch\u00e9, orchestr\u00e9 au millim\u00e8tre : des rayons r\u00e9organis\u00e9s \u00e0 chaque changement de saison pour mieux forcer l\u2019achat, une profusion de choix aussi vertigineuse qu\u2019impersonnelle, de la lessive \u00e0 la cl\u00e9mentine espagnole en plein mois de novembre. Faire ses courses l\u00e0-bas, c\u2019est souvent naviguer en <strong>pilote automatique<\/strong>, zappant d\u2019un produit \u00e0 l\u2019autre sans vraiment se souvenir pourquoi.<\/p>\n<p>Au-del\u00e0 de cette m\u00e9canisation des achats, le besoin de renouer avec un certain plaisir \u00e9merge. Le simple fait de choisir une carotte ou un fromage aupr\u00e8s d\u2019un visage familier, de humer l\u2019air du march\u00e9 ou d\u2019\u00e9changer quelques mots devient alors un luxe insoup\u00e7onn\u00e9. C\u2019est la qu\u00eate d\u2019une exp\u00e9rience plus <strong>authentique<\/strong>, o\u00f9 l\u2019acte d\u2019acheter retrouve une part de spontan\u00e9it\u00e9 et d\u2019\u00e9motion.<\/p>\n<p>Le grand plongeon : premi\u00e8res fois et petits chocs<\/p>\n<p>Changer ses habitudes, ce n\u2019est jamais anodin. Le premier passage hors supermarch\u00e9 oscille entre la fra\u00eecheur d\u2019une d\u00e9couverte et l\u2019appr\u00e9hension d\u2019un territoire inconnu. On h\u00e9site : saura-t-on tout trouver ? N\u2019est-ce pas r\u00e9serv\u00e9 aux initi\u00e9s, ceux qui tutoient les mara\u00eechers et disent bonjour sans d\u00e9tour ? Pourtant, chaque tour de march\u00e9 ou visite d\u2019\u00e9picerie ind\u00e9pendante prouve qu\u2019on se fait vite \u00e0 la nouveaut\u00e9, m\u00eame avec un <strong>cabas un peu r\u00e9calcitrant<\/strong>.<\/p>\n<p>Vient alors la crainte du \u00ab trop cher \u00bb : l\u2019id\u00e9e re\u00e7ue veut que hors du supermarch\u00e9, tout co\u00fbte un bras. Mais derri\u00e8re les \u00e9tiquettes, une autre r\u00e9alit\u00e9 appara\u00eet, celle des produits de saison, sans suremballage ni publicit\u00e9 tapageuse, et surtout des achats plus r\u00e9fl\u00e9chis. Au final, le panier ne p\u00e8se pas forc\u00e9ment plus lourd \u2013 <strong>ni pour le portefeuille, ni pour la conscience<\/strong>\u2026<\/p>\n<p>Moins de stress, plus d\u2019humain : l\u2019exp\u00e9rience sensorielle du march\u00e9 ou de l\u2019\u00e9picerie<\/p>\n<p>Il y a la bande-son d\u2019un supermarch\u00e9 (le \u00ab bip \u00bb du scan, la playlist commerciale en boucle), et celle d\u2019un march\u00e9 sous la bruine de novembre : le brouhaha joyeux, les appels des commer\u00e7ants, les discussions impromptues, les conseils glan\u00e9s pr\u00e8s de l\u2019\u00e9tal de pommes. L\u2019exp\u00e9rience sensorielle change du tout au tout. Fini le n\u00e9on et les files d\u2019attente sans fin. \u00c0 la place, <strong>un sourire en \u00e9change d\u2019un l\u00e9gume<\/strong>, parfois m\u00eame une petite blague sur la m\u00e9t\u00e9o ou la recette qui mettra tout le monde d\u2019accord.<\/p>\n<p>Et puis, il faut le reconna\u00eetre : acheter en dehors du supermarch\u00e9 rime souvent avec <strong>retour des cinq sens<\/strong>. Odeur des herbes fra\u00eeches, \u00e9chantillons \u00e0 go\u00fbter, \u0153il qui jauge la rosette ou la poire William d\u2019un producteur local\u2026 C\u2019est un vrai festival visuel et gustatif, loin de l\u2019anonymat du code-barres. Pour beaucoup, ce plaisir retrouv\u00e9 compense largement la moindre \u00ab efficacit\u00e9 \u00bb du grand magasin.<\/p>\n<p>Ce que l\u2019on met dans son panier, ce que l\u2019on met dans sa vie<\/p>\n<p>En changeant la mani\u00e8re de faire ses courses, on transforme \u00e9galement le contenu de son panier. Fini l\u2019accumulation de produits transform\u00e9s attrap\u00e9s \u00ab au cas o\u00f9 \u00bb. Place \u00e0 <strong>plus de qualit\u00e9, moins de quantit\u00e9<\/strong>. Le fait de choisir en direct incite \u00e0 prioriser les envies, \u00e0 privil\u00e9gier les produits frais et \u00e0 (re)d\u00e9couvrir une simplicit\u00e9 parfois oubli\u00e9e. Qui n\u2019a jamais red\u00e9couvert la carotte ou la poire d\u2019hiver \u00e0 travers le regard d\u2019un producteur passionn\u00e9 ?<\/p>\n<p>Pour certains, ces courses deviennent un acte militant. Soutenir une \u00e9picerie ind\u00e9pendante ou une AMAP, c\u2019est faire vivre une autre \u00e9conomie : celle qui privil\u00e9gie l\u2019humain et la proximit\u00e9 plut\u00f4t que la course au volume. Mais il n\u2019est pas obligatoire de brandir le drapeau de la r\u00e9volution verte \u00e0 chaque panier : il arrive simplement qu\u2019un <strong>bon fromage fermier ou une tranche de pain chaud<\/strong> prennent la t\u00eate du mouvement, sans slogan particulier.<\/p>\n<p>Le vrai visage de la proximit\u00e9 : petit commerce, nouveaux liens<\/p>\n<p>L\u00e0 o\u00f9 la grande surface propose l\u2019anonymat, la petite \u00e9choppe ou le march\u00e9 redonnent une place au lien social. Au d\u00e9tour d\u2019un \u00e9tal, on \u00e9change des nouvelles du quartier, on rencontre parfois celui ou celle qui a r\u00e9colt\u00e9, moulin\u00e9, ou tranch\u00e9 le produit. Cet <strong>ancrage local<\/strong> finit par tisser une toile d\u2019habitudes et de solidarit\u00e9 : le poissonnier qui d\u00e9panne d\u2019un citron, la commer\u00e7ante qui donne une astuce pour cuisiner le panais, l\u2019agriculteur qui vendra directement sa premi\u00e8re r\u00e9colte hivernale de kiwis fran\u00e7ais.<\/p>\n<p>Les courses se transforment ainsi en moments de partage. C\u2019est dans ces \u00e9changes que na\u00eet la solidarit\u00e9 : un coup de main pour porter un sac, un mot gentil, des histoires partag\u00e9es au fil des saisons. Non, ce n\u2019est pas un conte de village, mais le retour \u00e0 une <strong>vie de quartier plus dense<\/strong>, plus humaine, \u00e0 l\u2019image de ces march\u00e9s de No\u00ebl qui pars\u00e8ment les villes en novembre, apportant r\u00e9confort et chaleur au c\u0153ur de la grisaille.<\/p>\n<p>Ma\u00eetriser son argent, remettre du sens dans ses choix<\/p>\n<p>L\u00e0 o\u00f9 dispara\u00eet l\u2019effet \u00ab \u00e9vaporation \u00bb du portefeuille en grande surface, l\u2019achat en <a href=\"https:\/\/sciencepost.fr\/pourquoi-les-humains-ne-mettront-jamais-fin-a-lelevage-animal-et-pourquoi-ils-auraient-tort-de-le-faire\/\" target=\"_blank\" rel=\"noopener\">circuit court<\/a> remet chacune de ses pi\u00e8ces \u00e0 leur juste place. On sait <strong>exactement o\u00f9 va son euro<\/strong>, \u00e0 qui il profite, et comment il participe \u00e0 la p\u00e9rennit\u00e9 d\u2019un commerce ou d\u2019un producteur local. Ce n\u2019est pas tant une question de payer plus ou moins cher, mais bien de donner un sens \u00e0 l\u2019argent d\u00e9pens\u00e9.<\/p>\n<p>Redonner de la valeur \u00e0 chaque achat, c\u2019est aussi arr\u00eater de culpabiliser devant la caisse. Pas de tentation d\u2019achats superflus, moins de gaspillage. Chacun adapte la d\u00e9marche \u00e0 son rythme, en toute simplicit\u00e9, sans pression de la perfection. Et ce <strong>petit pas, r\u00e9p\u00e9t\u00e9 semaine apr\u00e8s semaine<\/strong>, fait toute la diff\u00e9rence.<\/p>\n<p>Un quotidien \u00e0 r\u00e9inventer : bilan et pistes pour aller plus loin<\/p>\n<p>Au bout de quelques courses r\u00e9alis\u00e9es autrement, le bilan saute aux yeux : <strong>moins de stress<\/strong>, plus de lien social et une sensation de ma\u00eetriser \u00e0 nouveau ses choix. Certes, il faut parfois renoncer \u00e0 l\u2019ouverture non-stop du supermarch\u00e9 ou \u00e0 la large palette de produits venus d\u2019ailleurs, particuli\u00e8rement en hiver o\u00f9 l\u2019offre locale se concentre sur les poireaux, les pommes ou le fromage affin\u00e9 du coin. Mais le plaisir est ailleurs : dans l\u2019apprentissage de la saisonnalit\u00e9, la cr\u00e9ativit\u00e9 en cuisine et la convivialit\u00e9 retrouv\u00e9e.<\/p>\n<p>Quelques astuces pour dompter sa nouvelle routine : \u00e9tablir une liste de courses cibl\u00e9e, explorer le march\u00e9 en d\u00e9but de matin\u00e9e pour profiter des produits les plus frais, ne pas h\u00e9siter \u00e0 demander conseil aux commer\u00e7ants, et tester r\u00e9guli\u00e8rement une recette de saison pour varier les plaisirs. Les alternatives au supermarch\u00e9 ne manquent pas, et <strong>chaque quartier regorge de p\u00e9pites<\/strong> \u00e0 d\u00e9couvrir sur un coup de t\u00eate ou au gr\u00e9 du bouche-\u00e0-oreille.<\/p>\n<p>En choisissant de faire ses courses diff\u00e9remment, on ne se contente pas de remplir son panier : on transforme son quotidien et, par petites touches, le monde qui nous entoure. Alors, \u00e0 la veille de l\u2019hiver et des grandes tabl\u00e9es festives, pourquoi ne pas tenter l\u2019exp\u00e9rience pour mettre un peu plus de chaleur humaine au menu ?<\/p>\n","protected":false},"excerpt":{"rendered":"Un samedi matin de fin novembre, en plein c\u0153ur de la grisaille, l\u2019ambiance typique d\u2019un supermarch\u00e9 fran\u00e7ais bat&hellip;\n","protected":false},"author":2,"featured_media":553444,"comment_status":"","ping_status":"","sticky":false,"template":"","format":"standard","meta":{"footnotes":""},"categories":[7],"tags":[1011,27,43,40,41,39,42,44],"class_list":{"0":"post-553443","1":"post","2":"type-post","3":"status-publish","4":"format-standard","5":"has-post-thumbnail","7":"category-sciences-et-technologies","8":"tag-fr","9":"tag-france","10":"tag-science","11":"tag-science-and-technology","12":"tag-sciences","13":"tag-sciences-et-technologies","14":"tag-technologies","15":"tag-technology"},"share_on_mastodon":{"url":"https:\/\/pubeurope.com\/@fr\/115599256197576874","error":""},"_links":{"self":[{"href":"https:\/\/www.europesays.com\/fr\/wp-json\/wp\/v2\/posts\/553443","targetHints":{"allow":["GET"]}}],"collection":[{"href":"https:\/\/www.europesays.com\/fr\/wp-json\/wp\/v2\/posts"}],"about":[{"href":"https:\/\/www.europesays.com\/fr\/wp-json\/wp\/v2\/types\/post"}],"author":[{"embeddable":true,"href":"https:\/\/www.europesays.com\/fr\/wp-json\/wp\/v2\/users\/2"}],"replies":[{"embeddable":true,"href":"https:\/\/www.europesays.com\/fr\/wp-json\/wp\/v2\/comments?post=553443"}],"version-history":[{"count":0,"href":"https:\/\/www.europesays.com\/fr\/wp-json\/wp\/v2\/posts\/553443\/revisions"}],"wp:featuredmedia":[{"embeddable":true,"href":"https:\/\/www.europesays.com\/fr\/wp-json\/wp\/v2\/media\/553444"}],"wp:attachment":[{"href":"https:\/\/www.europesays.com\/fr\/wp-json\/wp\/v2\/media?parent=553443"}],"wp:term":[{"taxonomy":"category","embeddable":true,"href":"https:\/\/www.europesays.com\/fr\/wp-json\/wp\/v2\/categories?post=553443"},{"taxonomy":"post_tag","embeddable":true,"href":"https:\/\/www.europesays.com\/fr\/wp-json\/wp\/v2\/tags?post=553443"}],"curies":[{"name":"wp","href":"https:\/\/api.w.org\/{rel}","templated":true}]}}