{"id":553445,"date":"2025-11-23T13:30:17","date_gmt":"2025-11-23T13:30:17","guid":{"rendered":"https:\/\/www.europesays.com\/fr\/553445\/"},"modified":"2025-11-23T13:30:17","modified_gmt":"2025-11-23T13:30:17","slug":"la-loi-speciale-est-un-parachute-de-dernier-ressort-pour-eviter-le-defaut-de-paiement-selon-amelie-de-montchalin","status":"publish","type":"post","link":"https:\/\/www.europesays.com\/fr\/553445\/","title":{"rendered":"la loi sp\u00e9ciale est un \u00ab\u00a0parachute de dernier ressort\u00a0\u00bb pour \u00e9viter \u00ab\u00a0le d\u00e9faut\u00a0\u00bb de paiement, selon Am\u00e9lie de Montchalin"},"content":{"rendered":"<p>                      <img loading=\"lazy\" decoding=\"async\" src=\"https:\/\/www.europesays.com\/fr\/wp-content\/uploads\/2025\/11\/d042de0_upload-1-z5jdj9wwuad8-jmug251122055.jpg\" alt=\"La ministre de l\u2019action et des comptes publics, Am\u00e9lie de Montchalin, \u00e0 la tribune lors de la suite de la discussion du projet de loi de finances pour 2026 (premi\u00e8re partie), \u00e0 l\u2019Assembl\u00e9e nationale, \u00e0 Paris, le 22 novembre 2025.\"   width=\"664\" height=\"443\"\/>    La ministre de l\u2019action et des comptes publics, Am\u00e9lie de Montchalin, \u00e0 la tribune lors de la suite de la discussion du projet de loi de finances pour 2026 (premi\u00e8re partie), \u00e0 l\u2019Assembl\u00e9e nationale, \u00e0 Paris, le 22 novembre 2025.  JULIEN MUGUET POUR \u00ab\u00a0LE MONDE \u00bb                        <\/p>\n<p class=\"article__paragraph  \">La ministre des comptes publics, Am\u00e9lie de Montchalin, a exhort\u00e9, dimanche 23\u00a0novembre, <a href=\"https:\/\/www.tf1info.fr\/politique\/en-direct-budget-2026-vote-plf-plfss-texte-rejete-assemble-senat-les-dernieres-informations-aujourd-hui-samedi-22-novembre-2025-2408225.html\" target=\"_blank\" rel=\"noopener nofollow\" title=\"Nouvelle fen\u00eatre\">dans une \u00e9mission LCI\/Le Parisien<\/a> \u00e0 d\u00e9gager un compromis sur le budget, qu\u2019elle croit encore faisable, et mis en garde contre la perspective d\u2019une loi sp\u00e9ciale (qui consiste simplement \u00e0 reconduire le budget de l\u2019ann\u00e9e pr\u00e9c\u00e9dente) pour assurer la continuit\u00e9 des finances publiques.<\/p>\n<p>                                          Lire aussi |  Article r\u00e9serv\u00e9 \u00e0 nos abonn\u00e9s  <a href=\"https:\/\/www.lemonde.fr\/politique\/article\/2025\/11\/22\/dans-la-poubelle-de-l-assemblee-un-texte-heteroclite-qui-aurait-fait-bondir-les-impots_6654413_823448.html\" class=\"js-article-read-also catcher--favoris__link\" data-premium=\"1\" id=\"article-title-3447635\" rel=\"nofollow noopener\" target=\"_blank\">Budget\u00a02026\u00a0rejet\u00e9\u00a0: un projet\u00a0h\u00e9t\u00e9roclite qui aurait fait bondir les imp\u00f4ts<\/a>    <\/p>\n<p>   Lire plus tard  <\/p>\n<p class=\"article__paragraph  \">La ministre a dit croire un \u00ab\u00a0compromis possible\u00a0\u00bb, citant notamment le vote favorable sur la partie recettes du projet de loi de finance de la s\u00e9curit\u00e9 sociale. \u00ab\u00a0Il n\u2019y a pas d\u2019alternatives pour trouver un budget \u00e0 un compromis parlementaire et \u00e0 un vote\u00a0\u00bb, selon la ministre, qui a \u00e9vacu\u00e9 la perspective d\u2019utiliser l\u2019article\u00a049.3 ou des ordonnances pour adopter les textes budg\u00e9taires en soulignant que le premier ministre, S\u00e9bastien Lecornu, \u00e9tait oppos\u00e9 \u00e0 ces deux solutions.<\/p>\n<p class=\"article__paragraph  \">Soit le rejet du budget survenu dans la nuit de vendredi \u00e0 samedi est \u00ab\u00a0une \u00e9tape et un moment difficile dans la construction d\u2019un compromis qui est n\u00e9cessaire au pays\u00a0\u00bb, soit \u00ab\u00a0c\u2019est le moment o\u00f9 les forces politiques, certaines par cynisme (\u2026) se laissent aller \u00e0 ne pas prendre de responsabilit\u00e9 dans la construction du compromis\u00a0\u00bb, ce qui serait un \u00ab\u00a0affaiblissement de la France\u00a0\u00bb, a d\u00e9clar\u00e9 Am\u00e9lie de Montchalin, s\u2019inqui\u00e9tant dans un tel cas d\u2019un risque de \u00ab\u00a0crise financi\u00e8re et \u00e9conomique qui sera tr\u00e8s grave\u00a0\u00bb.<\/p>\n<p>                                     Lire aussi |  Article r\u00e9serv\u00e9 \u00e0 nos abonn\u00e9s  <a href=\"https:\/\/www.lemonde.fr\/politique\/article\/2025\/11\/20\/budget-2026-des-deputes-socialistes-cultivent-la-nostalgie-du-49-3_6654162_823448.html\" class=\"js-article-read-also catcher--favoris__link\" data-premium=\"1\" id=\"article-title-3447320\" rel=\"nofollow noopener\" target=\"_blank\">Budget 2026\u00a0: des d\u00e9put\u00e9s socialistes cultivent la nostalgie du 49.3<\/a>    <\/p>\n<p>   Lire plus tard  <\/p>\n<p>                        \u00ab\u00a0On se met dans une position o\u00f9 on s\u2019affaiblit nous-m\u00eames\u00a0\u00bb                  <\/p>\n<p class=\"article__paragraph  \">L\u2019examen de la partie \u00ab\u00a0recettes\u00a0\u00bb du budget de l\u2019Etat par la commission des finances du S\u00e9nat doit d\u00e9buter lundi. Apr\u00e8s le rejet quasi unanime du texte \u00e0 l\u2019Assembl\u00e9e nationale, l\u2019hypoth\u00e8se d\u2019une loi de finances sp\u00e9ciale prend corps. Elle est jug\u00e9e \u00ab\u00a0la plus probable\u00a0\u00bb par le pr\u00e9sident de la commission des finances de l\u2019Assembl\u00e9e nationale, Eric Coquerel (LFI).<\/p>\n<p class=\"article__paragraph  \">La loi sp\u00e9ciale consiste en une sorte de reconduction du budget 2025 qui permettrait de percevoir les imp\u00f4ts existants avant de reprendre les d\u00e9bats parlementaires en d\u00e9but d\u2019ann\u00e9e. Mais il s\u2019agit d\u2019un \u00ab\u00a0parachute de dernier ressort\u00a0\u00bb, a estim\u00e9 Am\u00e9lie de Montchalin. C\u2019est \u00ab\u00a0un outil\u00a0\u00bb pour \u00e9viter \u00ab\u00a0le d\u00e9faut\u00a0\u00bb de paiement de l\u2019Etat et des collectivit\u00e9s, qui permet de continuer \u00e0 payer les cr\u00e9anciers, les fonctionnaires, les politiques sociales, a-t-elle soulign\u00e9, mais un tel texte signifie \u00ab\u00a0pas d\u2019\u00e9conomies, pas d\u2019investissements, on se met dans une position o\u00f9 on s\u2019affaiblit nous-m\u00eames\u00a0\u00bb. Brandir la loi sp\u00e9ciale aujourd\u2019hui reviendrait \u00e0 \u00ab\u00a0acter d\u00e8s maintenant qu\u2019on n\u2019est pas capable de se mettre d\u2019accord\u00a0\u00bb et \u00ab\u00a0qu\u2019on ne veut pas faire de compromis\u00a0\u00bb, a encore dit la ministre.<\/p>\n<p>                                     Lire aussi |  Article r\u00e9serv\u00e9 \u00e0 nos abonn\u00e9s  <a href=\"https:\/\/www.lemonde.fr\/politique\/article\/2025\/11\/22\/apres-le-rejet-du-budget-par-l-assemblee-nationale-une-nouvelle-course-contre-la-montre-va-s-engager-au-senat_6654381_823448.html\" class=\"js-article-read-also catcher--favoris__link\" data-premium=\"1\" id=\"article-title-3447707\" rel=\"nofollow noopener\" target=\"_blank\">Apr\u00e8s le rejet du budget par l\u2019Assembl\u00e9e nationale, une nouvelle course contre la montre va s\u2019engager au S\u00e9nat<\/a>    <\/p>\n<p>   Lire plus tard  <\/p>\n<p class=\"author__detail\">  Le Monde avec AFP  <\/p>\n<p>                <a href=\"https:\/\/www.lemonde.fr\/syndication\/\" class=\"reuse__content\" title=\"R\u00e9utiliser ce contenu\" target=\"_blank\" rel=\"nofollow noopener\">R\u00e9utiliser ce contenu<\/a>      <\/p>\n","protected":false},"excerpt":{"rendered":"La ministre de l\u2019action et des comptes publics, Am\u00e9lie de Montchalin, \u00e0 la tribune lors de la suite&hellip;\n","protected":false},"author":2,"featured_media":553446,"comment_status":"","ping_status":"","sticky":false,"template":"","format":"standard","meta":{"footnotes":""},"categories":[6],"tags":[35,33,34,1011,27],"class_list":{"0":"post-553445","1":"post","2":"type-post","3":"status-publish","4":"format-standard","5":"has-post-thumbnail","7":"category-economie","8":"tag-business","9":"tag-economie","10":"tag-economy","11":"tag-fr","12":"tag-france"},"share_on_mastodon":{"url":"https:\/\/pubeurope.com\/@fr\/115599260688911933","error":""},"_links":{"self":[{"href":"https:\/\/www.europesays.com\/fr\/wp-json\/wp\/v2\/posts\/553445","targetHints":{"allow":["GET"]}}],"collection":[{"href":"https:\/\/www.europesays.com\/fr\/wp-json\/wp\/v2\/posts"}],"about":[{"href":"https:\/\/www.europesays.com\/fr\/wp-json\/wp\/v2\/types\/post"}],"author":[{"embeddable":true,"href":"https:\/\/www.europesays.com\/fr\/wp-json\/wp\/v2\/users\/2"}],"replies":[{"embeddable":true,"href":"https:\/\/www.europesays.com\/fr\/wp-json\/wp\/v2\/comments?post=553445"}],"version-history":[{"count":0,"href":"https:\/\/www.europesays.com\/fr\/wp-json\/wp\/v2\/posts\/553445\/revisions"}],"wp:featuredmedia":[{"embeddable":true,"href":"https:\/\/www.europesays.com\/fr\/wp-json\/wp\/v2\/media\/553446"}],"wp:attachment":[{"href":"https:\/\/www.europesays.com\/fr\/wp-json\/wp\/v2\/media?parent=553445"}],"wp:term":[{"taxonomy":"category","embeddable":true,"href":"https:\/\/www.europesays.com\/fr\/wp-json\/wp\/v2\/categories?post=553445"},{"taxonomy":"post_tag","embeddable":true,"href":"https:\/\/www.europesays.com\/fr\/wp-json\/wp\/v2\/tags?post=553445"}],"curies":[{"name":"wp","href":"https:\/\/api.w.org\/{rel}","templated":true}]}}