{"id":553447,"date":"2025-11-23T13:32:13","date_gmt":"2025-11-23T13:32:13","guid":{"rendered":"https:\/\/www.europesays.com\/fr\/553447\/"},"modified":"2025-11-23T13:32:13","modified_gmt":"2025-11-23T13:32:13","slug":"un-des-prisonniers-les-plus-dangereux-de-france-obtient-une-autorisation-de-sortie-pour-chercher-du-travail","status":"publish","type":"post","link":"https:\/\/www.europesays.com\/fr\/553447\/","title":{"rendered":"Un des prisonniers les plus dangereux de France obtient une autorisation de sortie\u2026 pour chercher du travail"},"content":{"rendered":"<p>\n                                                                    l&rsquo;essentiel<br \/>\n                                                                Un narcotrafiquant, consid\u00e9r\u00e9 comme l\u2019un des d\u00e9tenus les plus dangereux de France, s\u2019est vu accorder une autorisation de sortie pour aller chercher du travail. Le directeur de la prison et le parquet \u00e9taient pourtant contre.\n                            <\/p>\n<p>L\u2019homme fait partie des 100 d\u00e9tenus les plus dangereux de France. Sa dangerosit\u00e9 a conduit la justice \u00e0 transf\u00e9rer ce narcotrafiquant de Seine Saint-Denis \u00e0 la prison de haute s\u00e9curit\u00e9 de Vendin-le-Vieil dans le Pas-de-Calais. \u00c9crou\u00e9 jusqu\u2019en 2029, il va pourtant pouvoir sortir.<\/p>\n<p>Ce d\u00e9tenu s\u2019appelle Ouaihid Ben Faiza, il est \u00e2g\u00e9 de 52 ans. En 2014, il s\u2019\u00e9tait \u00e9vad\u00e9 de la prison de Villepinte dans laquelle il avait \u00e9t\u00e9 \u00e9crou\u00e9 pour sa participation \u00e0 un vaste r\u00e9seau de trafic de drogue de Seine-Saint-Denis. Sa cavale avait dur\u00e9 deux semaines.<\/p>\n<p>Le directeur de la prison et le parquet contre la permission<\/p>\n<p>Le prisonnier a fait une demande de sortie pour se rendre chez un futur employeur dans le cadre d\u2019une recherche d\u2019emploi, a r\u00e9v\u00e9l\u00e9\u00a0<a href=\"https:\/\/www.tf1info.fr\/justice-faits-divers\/prison-haute-securite-narcotrafiquants-de-vendin-le-vieil-l-un-des-detenus-les-plus-dangereux-de-france-obtient-une-autorisation-de-sortie-2408311.html?at_medium=email&amp;at_emailtype=retention&amp;at_campaign=OWP_NLPERSOTF1INFO&amp;at_send_date=20251123&amp;_ope=eyJndWlkIjoiYzk5MDk4Yjc1MjliNTQ3MGQ3ZTdhZjRiMTNlMThhMzcifQ%3D%3D\" target=\"_blank\" rel=\"nofollow noopener\">TF1 Info<\/a>. Le directeur de la prison s\u2019est oppos\u00e9 \u00e0 cette permission. Tout comme le parquet. Le juge d\u2019application des peines a voulu au contraire autoriser le prisonnier \u00e0\u00a0se rendre au rendez-vous. Le parquet a fait appel mais la chambre d\u2019application de peines de la cour d\u2019appel de Douai a finalement donn\u00e9 raison au juge.<\/p>\n<p>Une d\u00e9cision \u00ab\u00a0incompr\u00e9hensible\u00a0\u00bb<\/p>\n<p>Le syndicat d\u2019agents p\u00e9nitentiaires UFAP-UNSa Justice y voit une d\u00e9cision \u00ab\u00a0incompr\u00e9hensible\u00a0\u00bb et \u00ab\u00a0totalement d\u00e9connect\u00e9e\u00a0\u00bb qui \u00ab\u00a0d\u00e9cr\u00e9dibilise le r\u00e9gime QLCO\u00a0\u00bb, c\u2019est-\u00e0-dire le quartier de lutte contre la criminalit\u00e9 organis\u00e9e.\u00a0Ces d\u00e9tenus \u00ab\u00a0sont cens\u00e9s \u00eatre dangereux pour la soci\u00e9t\u00e9, on les met sous bulle, on met tout ce qu\u2019il faut en termes de s\u00e9curit\u00e9 pour les couper de l\u2019ext\u00e9rieur, et l\u00e0 il va sortir tout seul \u00e0 l\u2019ext\u00e9rieur et rentrer tranquillement le soir \u00e0 21h, on a du mal \u00e0 comprendre\u00a0\u00bb.<\/p>\n<p>La permission de sortie du d\u00e9tenu aura lieu le lundi 24\u00a0novembre. Le domaine d\u2019activit\u00e9 dans lequel souhaite travailler ce d\u00e9tenu, ni le lieu, ne sont connus.<\/p>\n","protected":false},"excerpt":{"rendered":"l&rsquo;essentiel Un narcotrafiquant, consid\u00e9r\u00e9 comme l\u2019un des d\u00e9tenus les plus dangereux de France, s\u2019est vu accorder une autorisation&hellip;\n","protected":false},"author":2,"featured_media":553448,"comment_status":"","ping_status":"","sticky":false,"template":"","format":"standard","meta":{"footnotes":""},"categories":[4],"tags":[11,1011,27,12,25],"class_list":{"0":"post-553447","1":"post","2":"type-post","3":"status-publish","4":"format-standard","5":"has-post-thumbnail","7":"category-france","8":"tag-actualites","9":"tag-fr","10":"tag-france","11":"tag-news","12":"tag-republique-francaise"},"share_on_mastodon":{"url":"","error":""},"_links":{"self":[{"href":"https:\/\/www.europesays.com\/fr\/wp-json\/wp\/v2\/posts\/553447","targetHints":{"allow":["GET"]}}],"collection":[{"href":"https:\/\/www.europesays.com\/fr\/wp-json\/wp\/v2\/posts"}],"about":[{"href":"https:\/\/www.europesays.com\/fr\/wp-json\/wp\/v2\/types\/post"}],"author":[{"embeddable":true,"href":"https:\/\/www.europesays.com\/fr\/wp-json\/wp\/v2\/users\/2"}],"replies":[{"embeddable":true,"href":"https:\/\/www.europesays.com\/fr\/wp-json\/wp\/v2\/comments?post=553447"}],"version-history":[{"count":0,"href":"https:\/\/www.europesays.com\/fr\/wp-json\/wp\/v2\/posts\/553447\/revisions"}],"wp:featuredmedia":[{"embeddable":true,"href":"https:\/\/www.europesays.com\/fr\/wp-json\/wp\/v2\/media\/553448"}],"wp:attachment":[{"href":"https:\/\/www.europesays.com\/fr\/wp-json\/wp\/v2\/media?parent=553447"}],"wp:term":[{"taxonomy":"category","embeddable":true,"href":"https:\/\/www.europesays.com\/fr\/wp-json\/wp\/v2\/categories?post=553447"},{"taxonomy":"post_tag","embeddable":true,"href":"https:\/\/www.europesays.com\/fr\/wp-json\/wp\/v2\/tags?post=553447"}],"curies":[{"name":"wp","href":"https:\/\/api.w.org\/{rel}","templated":true}]}}