{"id":553453,"date":"2025-11-23T13:37:35","date_gmt":"2025-11-23T13:37:35","guid":{"rendered":"https:\/\/www.europesays.com\/fr\/553453\/"},"modified":"2025-11-23T13:37:35","modified_gmt":"2025-11-23T13:37:35","slug":"meurthe-et-moselle-la-viabilite-hivernale-face-au-rechauffement-climatique-du-departement","status":"publish","type":"post","link":"https:\/\/www.europesays.com\/fr\/553453\/","title":{"rendered":"Meurthe-et-Moselle. La viabilit\u00e9 hivernale\u00a0face au r\u00e9chauffement climatique du d\u00e9partement"},"content":{"rendered":"<p>Elle a tout juste commenc\u00e9 cette semaine que les agents \u00e9taient d\u00e9j\u00e0 sur le terrain ce mercredi. Comme chaque ann\u00e9e, le d\u00e9partement de Meurthe-et-Moselle a d\u00e9clench\u00e9 son plan de viabilit\u00e9 hivernale. Il est entr\u00e9 en vigueur ce lundi 17\u00a0novembre et se poursuivra jusqu\u2019au 16\u00a0mars 2026.<\/p>\n<p class=\"chiffre\">3\u00a0215\u00a0km \u00a0: c&rsquo;est le nombre de kilom\u00e8tres de routes\u00a0que le D\u00e9partement a la charge d&rsquo;entretenir<\/p>\n<p>\u00ab\u00a0Nos \u00e9quipes sont sur le pont car on arrive dans les p\u00e9riodes o\u00f9 l\u2019on va \u00eatre confront\u00e9 \u00e0 diff\u00e9rentes conditions exceptionnelles\u00a0\u00bb, d\u00e9taille <a href=\"https:\/\/www.estrepublicain.fr\/culture-loisirs\/2025\/11\/17\/on-a-trop-longtemps-passe-la-guerre-coloniale-sous-silence\" target=\"_blank\" rel=\"noopener\">Chaynesse Khirouni,<\/a> pr\u00e9sidente du conseil d\u00e9partemental de Meurthe-et-Moselle.<\/p>\n<p>La mission est de maintenir des conditions de circulations la majorit\u00e9 du r\u00e9seau routier d\u00e9partemental. Pour rappel, le CD54 est en charge de 3\u00a0215\u00a0km de r\u00e9seau routier, dont <a href=\"https:\/\/www.estrepublicain.fr\/societe\/2025\/08\/17\/bien-que-mal-note-et-malgre-son-etat-degrade-le-pont-gelot-ne-fera-pas-l-objet-de-travaux-immediats\" target=\"_blank\" rel=\"noopener\">1\u00a0000 ponts<\/a>.<\/p>\n<p>Pour r\u00e9aliser cette mission, le dispositif de viabilit\u00e9 hivernale pr\u00e9voit un plan d\u2019action en trois&#8230;<\/p>\n","protected":false},"excerpt":{"rendered":"Elle a tout juste commenc\u00e9 cette semaine que les agents \u00e9taient d\u00e9j\u00e0 sur le terrain ce mercredi. Comme&hellip;\n","protected":false},"author":2,"featured_media":553454,"comment_status":"","ping_status":"","sticky":false,"template":"","format":"standard","meta":{"footnotes":""},"categories":[9635],"tags":[1111,11,17110,1707,1704,1706,1705,436,1777,674,1011,27,775,8423,3457,1702,12,17109,25,104],"class_list":{"0":"post-553453","1":"post","2":"type-post","3":"status-publish","4":"format-standard","5":"has-post-thumbnail","7":"category-nancy","8":"tag-actu","9":"tag-actualites","10":"tag-cc-de-seille-et-grand-couronne-54c","11":"tag-edition-luneville","12":"tag-edition-nancy-et-agglomeration","13":"tag-edition-pont-a-mousson","14":"tag-edition-toul","15":"tag-environnement","16":"tag-eu","17":"tag-europe","18":"tag-fr","19":"tag-france","20":"tag-grand-est","21":"tag-meteorologie-climat","22":"tag-meurthe-et-moselle","23":"tag-nancy","24":"tag-news","25":"tag-nomeny","26":"tag-republique-francaise","27":"tag-societe"},"share_on_mastodon":{"url":"https:\/\/pubeurope.com\/@fr\/115599287658739724","error":""},"_links":{"self":[{"href":"https:\/\/www.europesays.com\/fr\/wp-json\/wp\/v2\/posts\/553453","targetHints":{"allow":["GET"]}}],"collection":[{"href":"https:\/\/www.europesays.com\/fr\/wp-json\/wp\/v2\/posts"}],"about":[{"href":"https:\/\/www.europesays.com\/fr\/wp-json\/wp\/v2\/types\/post"}],"author":[{"embeddable":true,"href":"https:\/\/www.europesays.com\/fr\/wp-json\/wp\/v2\/users\/2"}],"replies":[{"embeddable":true,"href":"https:\/\/www.europesays.com\/fr\/wp-json\/wp\/v2\/comments?post=553453"}],"version-history":[{"count":0,"href":"https:\/\/www.europesays.com\/fr\/wp-json\/wp\/v2\/posts\/553453\/revisions"}],"wp:featuredmedia":[{"embeddable":true,"href":"https:\/\/www.europesays.com\/fr\/wp-json\/wp\/v2\/media\/553454"}],"wp:attachment":[{"href":"https:\/\/www.europesays.com\/fr\/wp-json\/wp\/v2\/media?parent=553453"}],"wp:term":[{"taxonomy":"category","embeddable":true,"href":"https:\/\/www.europesays.com\/fr\/wp-json\/wp\/v2\/categories?post=553453"},{"taxonomy":"post_tag","embeddable":true,"href":"https:\/\/www.europesays.com\/fr\/wp-json\/wp\/v2\/tags?post=553453"}],"curies":[{"name":"wp","href":"https:\/\/api.w.org\/{rel}","templated":true}]}}