{"id":553462,"date":"2025-11-23T13:43:15","date_gmt":"2025-11-23T13:43:15","guid":{"rendered":"https:\/\/www.europesays.com\/fr\/553462\/"},"modified":"2025-11-23T13:43:15","modified_gmt":"2025-11-23T13:43:15","slug":"pres-de-120-animaux-evacues-apres-un-incendie","status":"publish","type":"post","link":"https:\/\/www.europesays.com\/fr\/553462\/","title":{"rendered":"pr\u00e8s de 120 animaux \u00e9vacu\u00e9s apr\u00e8s un incendie"},"content":{"rendered":"<p melodystyle=\"texte\">La ferme de la Br\u00e8che du Bosc-H\u00e9nouville s&rsquo;est embras\u00e9e au milieu de la nuit de dimanche 23 novembre.<\/p>\n<p melodystyle=\"texte\">Les secours ont \u00e9t\u00e9 alert\u00e9s \u00e0 3h58 du d\u00e9part de feu.<\/p>\n<p melodystyle=\"texte\">Un b\u00e2timent agricole de 2 000m2 est touch\u00e9.<\/p>\n<p>120 b\u00eates \u00e9vacu\u00e9es<\/p>\n<p melodystyle=\"texte\">Tous les animaux pr\u00e9sents dans le b\u00e2timent agricole, soit 120 b\u00eates, ont pu \u00eatre \u00e9vacu\u00e9s par le propri\u00e9taire de la ferme. Le b\u00e2timent quant \u00e0 lui n&rsquo;a pas eu autant de chance, il a \u00e9t\u00e9 enti\u00e8rement embras\u00e9 par les flammes. A 7h30 l&rsquo;extinction de l&rsquo;incendie \u00e9tait toujours en cours avec trois engins engag\u00e9s sur place et 31 sapeurs-pompiers.<\/p>\n<p melodystyle=\"texte\">Enedis a s\u00e9curis\u00e9 le r\u00e9seau \u00e9lectrique.\u00a0<\/p>\n<p melodystyle=\"texte\">Pour l&rsquo;instant il n&rsquo;y a aucune victime impact\u00e9e par le sinistre.<\/p>\n","protected":false},"excerpt":{"rendered":"La ferme de la Br\u00e8che du Bosc-H\u00e9nouville s&rsquo;est embras\u00e9e au milieu de la nuit de dimanche 23 novembre.&hellip;\n","protected":false},"author":2,"featured_media":553463,"comment_status":"","ping_status":"","sticky":false,"template":"","format":"standard","meta":{"footnotes":""},"categories":[9587],"tags":[1111,11,1777,674,1011,27,12,5161,25,9590],"class_list":{"0":"post-553462","1":"post","2":"type-post","3":"status-publish","4":"format-standard","5":"has-post-thumbnail","7":"category-rouen","8":"tag-actu","9":"tag-actualites","10":"tag-eu","11":"tag-europe","12":"tag-fr","13":"tag-france","14":"tag-news","15":"tag-normandie","16":"tag-republique-francaise","17":"tag-rouen"},"share_on_mastodon":{"url":"https:\/\/pubeurope.com\/@fr\/115599311164282887","error":""},"_links":{"self":[{"href":"https:\/\/www.europesays.com\/fr\/wp-json\/wp\/v2\/posts\/553462","targetHints":{"allow":["GET"]}}],"collection":[{"href":"https:\/\/www.europesays.com\/fr\/wp-json\/wp\/v2\/posts"}],"about":[{"href":"https:\/\/www.europesays.com\/fr\/wp-json\/wp\/v2\/types\/post"}],"author":[{"embeddable":true,"href":"https:\/\/www.europesays.com\/fr\/wp-json\/wp\/v2\/users\/2"}],"replies":[{"embeddable":true,"href":"https:\/\/www.europesays.com\/fr\/wp-json\/wp\/v2\/comments?post=553462"}],"version-history":[{"count":0,"href":"https:\/\/www.europesays.com\/fr\/wp-json\/wp\/v2\/posts\/553462\/revisions"}],"wp:featuredmedia":[{"embeddable":true,"href":"https:\/\/www.europesays.com\/fr\/wp-json\/wp\/v2\/media\/553463"}],"wp:attachment":[{"href":"https:\/\/www.europesays.com\/fr\/wp-json\/wp\/v2\/media?parent=553462"}],"wp:term":[{"taxonomy":"category","embeddable":true,"href":"https:\/\/www.europesays.com\/fr\/wp-json\/wp\/v2\/categories?post=553462"},{"taxonomy":"post_tag","embeddable":true,"href":"https:\/\/www.europesays.com\/fr\/wp-json\/wp\/v2\/tags?post=553462"}],"curies":[{"name":"wp","href":"https:\/\/api.w.org\/{rel}","templated":true}]}}