{"id":553464,"date":"2025-11-23T13:44:15","date_gmt":"2025-11-23T13:44:15","guid":{"rendered":"https:\/\/www.europesays.com\/fr\/553464\/"},"modified":"2025-11-23T13:44:15","modified_gmt":"2025-11-23T13:44:15","slug":"120-bovins-sauves-des-flammes-dans-lincendie-dune-ferme-a-henouville","status":"publish","type":"post","link":"https:\/\/www.europesays.com\/fr\/553464\/","title":{"rendered":"120 bovins sauv\u00e9s des flammes dans l&rsquo;incendie d&rsquo;une ferme \u00e0 H\u00e9nouville"},"content":{"rendered":"<p>Une ferme a brul\u00e9 dans la nuit de samedi \u00e0 dimanche \u00e0 H\u00e9nouville, \u00e0 l&rsquo;ouest de Rouen. L&rsquo;\u00e9leveur a pu faire sortir ses b\u00eates du hangar agricole avant que les pompiers \u00e9teignent les flammes.<\/p>\n<p>Environ 120 vaches ont \u00e9chapp\u00e9 aux flammes, dans <strong>l&rsquo;incendie de leur ferme<\/strong> ce dimanche 23 d\u00e9cembre \u00e0 H\u00e9nouville,\u00a0\u00e0 l&rsquo;ouest de Rouen. Le feu s&rsquo;est d\u00e9clar\u00e9 juste avant 4h du matin, dans un hangar agricole de 2000 m\u00e8tres carr\u00e9s o\u00f9 \u00e9tait stock\u00e9 du fourrage, sur la route de Montigny.<\/p>\n<p><strong>L&rsquo;agriculteur a pu faire sortir ses b\u00eates<\/strong>, qui sont toutes indemnes, avant de laisser les pompiers s&rsquo;attaquer aux flammes. L&rsquo;incendie a \u00e9t\u00e9 maitris\u00e9 vers 7h30. A 9h, les pompiers noyaient encore les derniers points chauds. Enedis a de son c\u00f4t\u00e9 s\u00e9curis\u00e9 le r\u00e9seau \u00e9lectrique.<\/p>\n","protected":false},"excerpt":{"rendered":"Une ferme a brul\u00e9 dans la nuit de samedi \u00e0 dimanche \u00e0 H\u00e9nouville, \u00e0 l&rsquo;ouest de Rouen. L&rsquo;\u00e9leveur&hellip;\n","protected":false},"author":2,"featured_media":553465,"comment_status":"","ping_status":"","sticky":false,"template":"","format":"standard","meta":{"footnotes":""},"categories":[9587],"tags":[1111,11,1777,674,1011,27,12,5161,25,9590],"class_list":{"0":"post-553464","1":"post","2":"type-post","3":"status-publish","4":"format-standard","5":"has-post-thumbnail","7":"category-rouen","8":"tag-actu","9":"tag-actualites","10":"tag-eu","11":"tag-europe","12":"tag-fr","13":"tag-france","14":"tag-news","15":"tag-normandie","16":"tag-republique-francaise","17":"tag-rouen"},"share_on_mastodon":{"url":"https:\/\/pubeurope.com\/@fr\/115599314993710517","error":""},"_links":{"self":[{"href":"https:\/\/www.europesays.com\/fr\/wp-json\/wp\/v2\/posts\/553464","targetHints":{"allow":["GET"]}}],"collection":[{"href":"https:\/\/www.europesays.com\/fr\/wp-json\/wp\/v2\/posts"}],"about":[{"href":"https:\/\/www.europesays.com\/fr\/wp-json\/wp\/v2\/types\/post"}],"author":[{"embeddable":true,"href":"https:\/\/www.europesays.com\/fr\/wp-json\/wp\/v2\/users\/2"}],"replies":[{"embeddable":true,"href":"https:\/\/www.europesays.com\/fr\/wp-json\/wp\/v2\/comments?post=553464"}],"version-history":[{"count":0,"href":"https:\/\/www.europesays.com\/fr\/wp-json\/wp\/v2\/posts\/553464\/revisions"}],"wp:featuredmedia":[{"embeddable":true,"href":"https:\/\/www.europesays.com\/fr\/wp-json\/wp\/v2\/media\/553465"}],"wp:attachment":[{"href":"https:\/\/www.europesays.com\/fr\/wp-json\/wp\/v2\/media?parent=553464"}],"wp:term":[{"taxonomy":"category","embeddable":true,"href":"https:\/\/www.europesays.com\/fr\/wp-json\/wp\/v2\/categories?post=553464"},{"taxonomy":"post_tag","embeddable":true,"href":"https:\/\/www.europesays.com\/fr\/wp-json\/wp\/v2\/tags?post=553464"}],"curies":[{"name":"wp","href":"https:\/\/api.w.org\/{rel}","templated":true}]}}