{"id":553470,"date":"2025-11-23T13:49:21","date_gmt":"2025-11-23T13:49:21","guid":{"rendered":"https:\/\/www.europesays.com\/fr\/553470\/"},"modified":"2025-11-23T13:49:21","modified_gmt":"2025-11-23T13:49:21","slug":"on-la-fait-a-rennes-il-court-plus-vite-que-le-metro","status":"publish","type":"post","link":"https:\/\/www.europesays.com\/fr\/553470\/","title":{"rendered":"\u00ab\u00a0On l\u2019a fait\u00a0!\u00a0\u00bb \u00e0 Rennes, il court plus vite que le m\u00e9tro"},"content":{"rendered":"<p>Il l\u2019a finalement fait. Neuf mois apr\u00e8s une premi\u00e8re tentative infructueuse, Gabriel Anger, a cette fois relever son challenge : courir plus vite que le m\u00e9tro. Comme en f\u00e9vrier dernier, il s\u2019est \u00e9lanc\u00e9 d\u00e8s l\u2019arr\u00eat de la rame de la ligne b \u00e0 la station Saint-Germain dans le centre-ville. \u00c0 l\u2019ouverture des portes, le jeune homme est parti en trombe \u00e0 l\u2019assaut des escaliers du m\u00e9tro.<\/p>\n<p><img decoding=\"async\" src=\"https:\/\/www.europesays.com\/fr\/wp-content\/uploads\/2025\/11\/69230407049f7d8eae07dbb2.1.jpeg\" width=\"480\" height=\"300\" class=\"web_golden_m\" loading=\"lazy\" alt=\"\u00c0 l\u2019ouverture des portes, le jeune homme est parti en trombe \u00e0 l\u2019assaut des escaliers du m\u00e9tro.\"\/>\u00c0 l\u2019ouverture des portes, le jeune homme est parti en trombe \u00e0 l\u2019assaut des escaliers du m\u00e9tro. (Le T\u00e9l\u00e9gramme\/Erwan Miloux)<\/p>\n<p>Une fois \u00e0 l\u2019ext\u00e9rieur, accompagn\u00e9 de deux autres coureurs pour le booster, il a travers\u00e9 les rues du centre-ville comme une fl\u00e8che pour rejoindre la station Colombier deux arr\u00eats plus loin. Un parcours de 900 m\u00e8tres couvert en moins de trois minutes vingt-cinq. Apr\u00e8s avoir d\u00e9val\u00e9 les marches jusqu\u2019au quai, c\u2019est avec un large sourire et les bras lev\u00e9s que le coureur a pu remonter dans la rame en vainqueur. \u00ab Et il y avait encore du temps avant le d\u00e9part \u00bb souligne l\u2019\u00e9quipe qui le suivait.<\/p>\n<p><img decoding=\"async\" src=\"https:\/\/www.europesays.com\/fr\/wp-content\/uploads\/2025\/11\/692304069b25d3b5ea077782.1.jpeg\" width=\"480\" height=\"300\" class=\"web_golden_m\" loading=\"lazy\" alt=\"\u00ab\u00a0Je suis \u00e9tudiant \u00e0 Paris alors pour m\u2019entra\u00eener je me suis exerc\u00e9 \u00e0 descendre les marches de Montmartre deux par deux. \u00c7a fait gagner du temps\u00a0\u00bb.\"\/>\u00ab\u00a0Je suis \u00e9tudiant \u00e0 Paris alors pour m\u2019entra\u00eener je me suis exerc\u00e9 \u00e0 descendre les marches de Montmartre deux par deux. \u00c7a fait gagner du temps\u00a0\u00bb. (Le T\u00e9l\u00e9gramme\/Erwan Miloux)\u00ab Je suis trop content \u00bb<\/p>\n<p>\u00ab On l\u2019a fait ! Je suis trop content \u00bb lance le jeune homme en s\u2019asseyant \u00e0 m\u00eame le sol apr\u00e8s cet effort intense. \u00ab Je crois avoir mis 3 minutes 22 soit 10 secondes de moins que la derni\u00e8re fois. Je savais que j\u2019\u00e9tais en forme mais c\u2019est aussi un gros travail d\u2019\u00e9quipe. C\u2019est un grand soulagement de l\u2019avoir dit et d\u2019avoir pu le faire au final. Je n\u2019ai pas r\u00e9ussi du premier coup mais, comme dans la vie, j\u2019ai appris de mes erreurs et j\u2019ai fait des choses pour r\u00e9ussir \u00bb explique Gabriel. Il y a neuf mois c\u2019est la descente des escaliers qui l\u2019avait p\u00e9nalis\u00e9 : \u00ab Je suis \u00e9tudiant \u00e0 Paris alors pour m\u2019entra\u00eener je me suis exerc\u00e9 \u00e0 descendre les marches de Montmartre deux par deux. \u00c7a fait gagner du temps \u00bb. Une seconde tentative couronn\u00e9e de succ\u00e8s partag\u00e9e avec son entourage dans les couloirs du m\u00e9tro et quelques admirateurs comme le petit Oscar venu avec ses fr\u00e8res et sa m\u00e8re pour demander un autographe : \u00ab On trouvait \u00e7a marrant de venir voir cette tentative. En plus il a r\u00e9ussi, c\u2019est bien \u00bb souligne la maman.<\/p>\n<p><img decoding=\"async\" src=\"https:\/\/www.europesays.com\/fr\/wp-content\/uploads\/2025\/11\/69230406fa3e603a33044863.1.jpeg\" width=\"480\" height=\"300\" class=\"web_golden_m\" loading=\"lazy\" alt=\"C\u2019est avec un large sourire et les bras lev\u00e9s que le coureur a pu remonter dans la rame en vainqueur.\"\/>C\u2019est avec un large sourire et les bras lev\u00e9s que le coureur a pu remonter dans la rame en vainqueur. (Le T\u00e9l\u00e9gramme\/Erwan Miloux)Un nouveau d\u00e9fi<\/p>\n<p>Courir plus vite que le m\u00e9tro, l\u2019exercice appel\u00e9 \u00ab Race the Tube \u00bb a d\u00e9j\u00e0 des adeptes \u00e0 travers le monde. \u00c0 Rennes deux tentatives en 2014 sur la ligne a et deux autres sur la ligne b en 2022 et celle de Gabriel en f\u00e9vrier dernier \u00e9taient rest\u00e9es vaines. C\u2019est la premi\u00e8re fois qu\u2019un coureur r\u00e9ussi cet exercice dans la capitale bretonne. \u00ab C\u2019est surtout l\u2019occasion de passer un bon moment. Maintenant on passe \u00e0 autre chose \u00bb explique le jeune homme qui a dans ses cartons un nouveau challenge qu\u2019il garde pour l\u2019heure secret.<\/p>\n","protected":false},"excerpt":{"rendered":"Il l\u2019a finalement fait. Neuf mois apr\u00e8s une premi\u00e8re tentative infructueuse, Gabriel Anger, a cette fois relever son&hellip;\n","protected":false},"author":2,"featured_media":553471,"comment_status":"","ping_status":"","sticky":false,"template":"","format":"standard","meta":{"footnotes":""},"categories":[2821],"tags":[1111,11,829,765,1777,674,1011,27,848,12,584,25],"class_list":{"0":"post-553470","1":"post","2":"type-post","3":"status-publish","4":"format-standard","5":"has-post-thumbnail","7":"category-rennes","8":"tag-actu","9":"tag-actualites","10":"tag-bretagne","11":"tag-en-continu","12":"tag-eu","13":"tag-europe","14":"tag-fr","15":"tag-france","16":"tag-ille-et-vilaine","17":"tag-news","18":"tag-rennes","19":"tag-republique-francaise"},"share_on_mastodon":{"url":"https:\/\/pubeurope.com\/@fr\/115599336984898798","error":""},"_links":{"self":[{"href":"https:\/\/www.europesays.com\/fr\/wp-json\/wp\/v2\/posts\/553470","targetHints":{"allow":["GET"]}}],"collection":[{"href":"https:\/\/www.europesays.com\/fr\/wp-json\/wp\/v2\/posts"}],"about":[{"href":"https:\/\/www.europesays.com\/fr\/wp-json\/wp\/v2\/types\/post"}],"author":[{"embeddable":true,"href":"https:\/\/www.europesays.com\/fr\/wp-json\/wp\/v2\/users\/2"}],"replies":[{"embeddable":true,"href":"https:\/\/www.europesays.com\/fr\/wp-json\/wp\/v2\/comments?post=553470"}],"version-history":[{"count":0,"href":"https:\/\/www.europesays.com\/fr\/wp-json\/wp\/v2\/posts\/553470\/revisions"}],"wp:featuredmedia":[{"embeddable":true,"href":"https:\/\/www.europesays.com\/fr\/wp-json\/wp\/v2\/media\/553471"}],"wp:attachment":[{"href":"https:\/\/www.europesays.com\/fr\/wp-json\/wp\/v2\/media?parent=553470"}],"wp:term":[{"taxonomy":"category","embeddable":true,"href":"https:\/\/www.europesays.com\/fr\/wp-json\/wp\/v2\/categories?post=553470"},{"taxonomy":"post_tag","embeddable":true,"href":"https:\/\/www.europesays.com\/fr\/wp-json\/wp\/v2\/tags?post=553470"}],"curies":[{"name":"wp","href":"https:\/\/api.w.org\/{rel}","templated":true}]}}