{"id":553474,"date":"2025-11-23T13:53:17","date_gmt":"2025-11-23T13:53:17","guid":{"rendered":"https:\/\/www.europesays.com\/fr\/553474\/"},"modified":"2025-11-23T13:53:17","modified_gmt":"2025-11-23T13:53:17","slug":"diaporama-la-defaite-du-racing-club-de-strasbourg-a-lens-en-images","status":"publish","type":"post","link":"https:\/\/www.europesays.com\/fr\/553474\/","title":{"rendered":"Diaporama. La d\u00e9faite du Racing club de Strasbourg \u00e0 Lens en images"},"content":{"rendered":"<p>Le Racing a souffert \u00e0 Lens. Brouillons, les hommes de Liam Rosenior ont longtemps tenu le nul gr\u00e2ce aux maladresses lensoises et aux parades de son gardien avant de s\u2019incliner sur un but de Ganiou au terme d\u2019une rencontre qui s&rsquo;est termin\u00e9e \u00e0 dix contre dix. Une fois de plus, le Racing s\u2019incline contre un rival pour l\u2019Europe. Une rencontre \u00e0 revivre en images.<\/p>\n","protected":false},"excerpt":{"rendered":"Le Racing a souffert \u00e0 Lens. Brouillons, les hommes de Liam Rosenior ont longtemps tenu le nul gr\u00e2ce&hellip;\n","protected":false},"author":2,"featured_media":553475,"comment_status":"","ping_status":"","sticky":false,"template":"","format":"standard","meta":{"footnotes":""},"categories":[2820],"tags":[1111,11,1777,674,107,1701,63,1011,27,5325,2798,9540,775,12,41281,25,273,20486,517,640],"class_list":{"0":"post-553474","1":"post","2":"type-post","3":"status-publish","4":"format-standard","5":"has-post-thumbnail","7":"category-strasbourg","8":"tag-actu","9":"tag-actualites","10":"tag-eu","11":"tag-europe","12":"tag-fil-info","13":"tag-fil-info-sport","14":"tag-football","15":"tag-fr","16":"tag-france","17":"tag-galerie-media","18":"tag-galerie-photo","19":"tag-galerie-sport","20":"tag-grand-est","21":"tag-news","22":"tag-racing-club-strasbourg-masculin","23":"tag-republique-francaise","24":"tag-selection-de-la-redaction","25":"tag-selection-multimedia-sport","26":"tag-sport","27":"tag-strasbourg"},"share_on_mastodon":{"url":"https:\/\/pubeurope.com\/@fr\/115599350493400932","error":""},"_links":{"self":[{"href":"https:\/\/www.europesays.com\/fr\/wp-json\/wp\/v2\/posts\/553474","targetHints":{"allow":["GET"]}}],"collection":[{"href":"https:\/\/www.europesays.com\/fr\/wp-json\/wp\/v2\/posts"}],"about":[{"href":"https:\/\/www.europesays.com\/fr\/wp-json\/wp\/v2\/types\/post"}],"author":[{"embeddable":true,"href":"https:\/\/www.europesays.com\/fr\/wp-json\/wp\/v2\/users\/2"}],"replies":[{"embeddable":true,"href":"https:\/\/www.europesays.com\/fr\/wp-json\/wp\/v2\/comments?post=553474"}],"version-history":[{"count":0,"href":"https:\/\/www.europesays.com\/fr\/wp-json\/wp\/v2\/posts\/553474\/revisions"}],"wp:featuredmedia":[{"embeddable":true,"href":"https:\/\/www.europesays.com\/fr\/wp-json\/wp\/v2\/media\/553475"}],"wp:attachment":[{"href":"https:\/\/www.europesays.com\/fr\/wp-json\/wp\/v2\/media?parent=553474"}],"wp:term":[{"taxonomy":"category","embeddable":true,"href":"https:\/\/www.europesays.com\/fr\/wp-json\/wp\/v2\/categories?post=553474"},{"taxonomy":"post_tag","embeddable":true,"href":"https:\/\/www.europesays.com\/fr\/wp-json\/wp\/v2\/tags?post=553474"}],"curies":[{"name":"wp","href":"https:\/\/api.w.org\/{rel}","templated":true}]}}