{"id":553480,"date":"2025-11-23T13:56:18","date_gmt":"2025-11-23T13:56:18","guid":{"rendered":"https:\/\/www.europesays.com\/fr\/553480\/"},"modified":"2025-11-23T13:56:18","modified_gmt":"2025-11-23T13:56:18","slug":"saint-herblain-le-gang-des-jacqueline-sinstalle-a-lespace-126-2","status":"publish","type":"post","link":"https:\/\/www.europesays.com\/fr\/553480\/","title":{"rendered":"Saint-Herblain. Le \u00ab\u00a0gang des Jacqueline\u00a0\u00bb s\u2019installe \u00e0 l\u2019espace 126"},"content":{"rendered":"<p>Le collectif Tutti Quanti pr\u00e9sente Le gang des Jacqueline, une com\u00e9die dramatique qui interroge une soci\u00e9t\u00e9 fond\u00e9e sur la frustration. Une soci\u00e9t\u00e9 qui exige, culpabilise et exclut, en \u00e9rigeant en mod\u00e8les des standards d\u00e9connect\u00e9s des r\u00e9alit\u00e9s quotidiennes de la majorit\u00e9.<\/p>\n<p>Pour les femmes, la barre est encore plus haute : les attentes sont d\u00e9mesur\u00e9es\u2026 mais on persiste, parce que cela semble \u00eatre le prix du bonheur.<\/p>\n<p>Ce spectacle tout public sera propos\u00e9 mardi 25 novembre \u00e0 20 h 30 \u00e0 l\u2019Espace 126.<\/p>\n<p>\u00a0<\/p>\n","protected":false},"excerpt":{"rendered":"Le collectif Tutti Quanti pr\u00e9sente Le gang des Jacqueline, une com\u00e9die dramatique qui interroge une soci\u00e9t\u00e9 fond\u00e9e sur&hellip;\n","protected":false},"author":2,"featured_media":553253,"comment_status":"","ping_status":"","sticky":false,"template":"","format":"standard","meta":{"footnotes":""},"categories":[2818],"tags":[61048,1111,11,386,1777,674,1011,27,2942,14191,66992,766,12,2636,25,4286],"class_list":{"0":"post-553480","1":"post","2":"type-post","3":"status-publish","4":"format-standard","5":"has-post-thumbnail","7":"category-nantes","8":"tag-61048","9":"tag-actu","10":"tag-actualites","11":"tag-espace","12":"tag-eu","13":"tag-europe","14":"tag-fr","15":"tag-france","16":"tag-gang","17":"tag-installe","18":"tag-jacqueline","19":"tag-nantes","20":"tag-news","21":"tag-pays-de-la-loire","22":"tag-republique-francaise","23":"tag-saint-herblain"},"share_on_mastodon":{"url":"https:\/\/pubeurope.com\/@fr\/115599362273173522","error":""},"_links":{"self":[{"href":"https:\/\/www.europesays.com\/fr\/wp-json\/wp\/v2\/posts\/553480","targetHints":{"allow":["GET"]}}],"collection":[{"href":"https:\/\/www.europesays.com\/fr\/wp-json\/wp\/v2\/posts"}],"about":[{"href":"https:\/\/www.europesays.com\/fr\/wp-json\/wp\/v2\/types\/post"}],"author":[{"embeddable":true,"href":"https:\/\/www.europesays.com\/fr\/wp-json\/wp\/v2\/users\/2"}],"replies":[{"embeddable":true,"href":"https:\/\/www.europesays.com\/fr\/wp-json\/wp\/v2\/comments?post=553480"}],"version-history":[{"count":0,"href":"https:\/\/www.europesays.com\/fr\/wp-json\/wp\/v2\/posts\/553480\/revisions"}],"wp:featuredmedia":[{"embeddable":true,"href":"https:\/\/www.europesays.com\/fr\/wp-json\/wp\/v2\/media\/553253"}],"wp:attachment":[{"href":"https:\/\/www.europesays.com\/fr\/wp-json\/wp\/v2\/media?parent=553480"}],"wp:term":[{"taxonomy":"category","embeddable":true,"href":"https:\/\/www.europesays.com\/fr\/wp-json\/wp\/v2\/categories?post=553480"},{"taxonomy":"post_tag","embeddable":true,"href":"https:\/\/www.europesays.com\/fr\/wp-json\/wp\/v2\/tags?post=553480"}],"curies":[{"name":"wp","href":"https:\/\/api.w.org\/{rel}","templated":true}]}}