{"id":553491,"date":"2025-11-23T14:03:15","date_gmt":"2025-11-23T14:03:15","guid":{"rendered":"https:\/\/www.europesays.com\/fr\/553491\/"},"modified":"2025-11-23T14:03:15","modified_gmt":"2025-11-23T14:03:15","slug":"a-1-heure-de-lille-cet-evenement-phare-de-noel-attire-des-milliers-de-visiteurs-chaque-annee","status":"publish","type":"post","link":"https:\/\/www.europesays.com\/fr\/553491\/","title":{"rendered":"\u00c0 1 heure de Lille, cet \u00e9v\u00e9nement phare de No\u00ebl attire des milliers de visiteurs chaque ann\u00e9e"},"content":{"rendered":"<p>                    Par<br \/>\n        <strong><br \/>\n            <a href=\"https:\/\/actu.fr\/auteur\/raphael-mahlmann\" title=\"Consulter tous les articles de Rapha\u00ebl Mahlmann\" rel=\"nofollow noopener\" target=\"_blank\">Rapha\u00ebl Mahlmann<\/a><br \/>\n                    <\/strong><\/p>\n<p>        Publi\u00e9 le<\/p>\n<p>            23 nov. 2025 \u00e0 11h46        <\/p>\n<p>Vivre la magie de <a href=\"https:\/\/actu.fr\/tag\/noel\" rel=\"nofollow noopener\" target=\"_blank\">No\u00ebl<\/a>, c\u2019est aussi possible sur le littoral\u2009! Dunkerque la F\u00e9\u00e9rique est de retour d\u00e8s le <b>samedi 29\u00a0novembre 2025 jusqu\u2019au 5\u00a0janvier 2026<\/b>. Au programme, illuminations, d\u00e9ambulation, march\u00e9 et autres animations. L\u2019ann\u00e9e derni\u00e8re, <b data-end=\"764\">300\u2009160\u00a0visiteurs <\/b>avaient visit\u00e9 le <a href=\"https:\/\/actu.fr\/hauts-de-france\/arleux-en-gohelle_62039\/un-marche-de-noel-avec-70-exposants-et-19-chalets-dans-un-petit-village-du-pas-de-calais-ce-week-end_63460956.html\" rel=\"nofollow noopener\" target=\"_blank\">march\u00e9 de No\u00ebl <\/a>de <a href=\"https:\/\/actu.fr\/hauts-de-france\/dunkerque_59183\" rel=\"nofollow noopener\" target=\"_blank\">Dunkerque <\/a>(Nord) et 80\u2009000\u00a0visiteurs, issus de 19 pays,<\/p>\n<p class=\" wall-content\">ont d\u00e9couvert le ch\u00e2teau du p\u00e8re No\u00ebl. On vous en dit plus sur ce qui vous attend cette ann\u00e9e.<\/p>\n<p>Le march\u00e9 de No\u00ebl de Dunkerque<\/p>\n<p class=\" wall-content\">Du 29 novembre 2025 au 3 janvier 2026, la place Jean-Bart accueillera <b>44 chalets et 32 exposants<\/b>. \u00c0 c\u00f4t\u00e9 du march\u00e9, une grande roue et une patinoire de 500 m2 seront install\u00e9es.<\/p>\n<p class=\" wall-content\">Du c\u00f4t\u00e9 de la place Charles-Valentin, le traditionnel man\u00e8ge du sapin de No\u00ebl sera de nouveau mis en place, ainsi qu\u2019une piste de luge gratuite.<\/p>\n<p>La parade du 14\u00a0d\u00e9cembre<\/p>\n<p class=\" wall-content\">La <b>grande parade<\/b> de No\u00ebl de Dunkerque d\u00e9filera le dimanche <b>14\u00a0d\u00e9cembre 2025<\/b> \u00e0 17h, depuis le centre-ville. Au programme\u2009: 13 chars, dont une impressionnante locomotive \u00e0 vapeur, pr\u00e8s de 20 sc\u00e8nes. Le P\u00e8re No\u00ebl sera bien entendu pr\u00e9sent et il sera accompagn\u00e9 de personnages f\u00e9eriques.<\/p>\n<p>Le ch\u00e2teau du P\u00e8re No\u00ebl<\/p>\n<p data-end=\"1180\" class=\" wall-content\">Lieu embl\u00e9matique de cette p\u00e9riode \u00e0 Dunkerque,<b> le ch\u00e2teau du P\u00e8re No\u00ebl<\/b> ouvrira le 29\u00a0novembre 2025 \u00e0 l\u2019h\u00f4tel de ville. Et cette ann\u00e9e, la salle blanche sera transform\u00e9e en un village de lutins\u2009! Les visiteurs pourront d\u00e9couvrir des d\u00e9cors f\u00e9eriques, des automates, ainsi que la traditionnelle salle de bal, qui accueillera projections de films jeunesse chaque mercredi de d\u00e9cembre. La descente du P\u00e8re No\u00ebl aura lieu \u00e0 17h30.<\/p>\n<p>Votre r\u00e9gion, votre actu !<\/p>\n<p>Recevez chaque jour les infos qui comptent pour vous.<\/p>\n<p>\t<a href=\"https:\/\/actu.fr\/newsletter\" class=\"ac-btn ac-btn--corner ac-btn--medium ac-btn--blue800\" rel=\"nofollow noopener\" target=\"_blank\">S&rsquo;incrire<\/a><br \/>\nLe parcours aux Merveilles<\/p>\n<p data-end=\"3255\" class=\" wall-content\"><b>Le Parcours aux Merveilles <\/b>revient du 5 d\u00e9cembre 2025 au 4 janvier 2026. Ce festival des lumi\u00e8res, port\u00e9 par la Communaut\u00e9 urbaine, propose 11 \u0153uvres num\u00e9riques r\u00e9parties dans neuf lieux embl\u00e9matiques, visibles de jour comme de nuit. Pour cette \u00e9dition, la programmation se veut po\u00e9tique, participative et \u00e9cologique. Les visiteurs retrouveront les Lampounettes XXL du collectif Tilt, un safari urbain lumineux du photographe Julien Nonnon, ou encore l\u2019installation immersive Echoes of Ice de Philipp Franck.<\/p>\n<p data-end=\"3800\" class=\" wall-content\">Le Parcours aux Merveilles donne \u00e9galement lieu \u00e0 un \u00ab\u00a0march\u00e9 merveilleux\u00a0\u00bb, les 20 et 21 d\u00e9cembre 2025, id\u00e9al pour finaliser vos cadeaux de<\/p>\n<p class=\" wall-content\">f\u00eates de fin d\u2019ann\u00e9e\u2009! Au total, <b>54\u00a0exposants<\/b> y proposeront leurs produits locaux et engag\u00e9s comme\u2009: des objets de d\u00e9coration, des r\u00e9f\u00e9rences d\u2019\u00e9picerie fine, des cr\u00e9ations de coutures uniques, mais aussi des vitraux et toutes sortes d\u2019objets en bois et upcycl\u00e9s.<\/p>\n<p class=\" wall-content\">Tout au long du week-end, les visiteurs pourront aussi profiter de l\u2019\u0153uvre <b>\u00ab\u2009Bor\u00e9alis\u2009\u00bb<\/b> qui plongera le patio de la Halle aux Sucres dans le ph\u00e9nom\u00e8ne des aurores bor\u00e9ales en m\u00ealant diff\u00e9rentes lumi\u00e8res, mais aussi du son et du brouillard. D\u2019autres animations sont au programme comme le bal \u00e9lectro, le gala de patinage artistique et un d\u00e9fil\u00e9 slow fashion.<\/p>\n<p class=\" wall-content\">Personnalisez votre actualit\u00e9 en ajoutant vos villes et m\u00e9dias en favori avec <a href=\"https:\/\/moncompte.actu.fr\" title=\"D\u00e9couvez Mon Actu\" rel=\"nofollow noopener\" data-trk=\"{&quot;cta&quot;:{&quot;action&quot;:&quot;https:\\\/\\\/moncompte.actu.fr&quot;,&quot;category&quot;:&quot;mon compte&quot;,&quot;from&quot;:&quot;article footer&quot;,&quot;name&quot;:&quot;Mon actu&quot;,&quot;type&quot;:&quot;cta&quot;}}\" target=\"_blank\">Mon Actu<\/a>.<\/p>\n","protected":false},"excerpt":{"rendered":"Par Rapha\u00ebl Mahlmann Publi\u00e9 le 23 nov. 2025 \u00e0 11h46 Vivre la magie de No\u00ebl, c\u2019est aussi possible&hellip;\n","protected":false},"author":2,"featured_media":553492,"comment_status":"","ping_status":"","sticky":false,"template":"","format":"standard","meta":{"footnotes":""},"categories":[2815],"tags":[1111,11,1063,1777,674,1011,27,811,1307,12,15830,25,104],"class_list":{"0":"post-553491","1":"post","2":"type-post","3":"status-publish","4":"format-standard","5":"has-post-thumbnail","7":"category-lille","8":"tag-actu","9":"tag-actualites","10":"tag-animations","11":"tag-eu","12":"tag-europe","13":"tag-fr","14":"tag-france","15":"tag-hauts-de-france","16":"tag-lille","17":"tag-news","18":"tag-noel","19":"tag-republique-francaise","20":"tag-societe"},"share_on_mastodon":{"url":"https:\/\/pubeurope.com\/@fr\/115599389726404218","error":""},"_links":{"self":[{"href":"https:\/\/www.europesays.com\/fr\/wp-json\/wp\/v2\/posts\/553491","targetHints":{"allow":["GET"]}}],"collection":[{"href":"https:\/\/www.europesays.com\/fr\/wp-json\/wp\/v2\/posts"}],"about":[{"href":"https:\/\/www.europesays.com\/fr\/wp-json\/wp\/v2\/types\/post"}],"author":[{"embeddable":true,"href":"https:\/\/www.europesays.com\/fr\/wp-json\/wp\/v2\/users\/2"}],"replies":[{"embeddable":true,"href":"https:\/\/www.europesays.com\/fr\/wp-json\/wp\/v2\/comments?post=553491"}],"version-history":[{"count":0,"href":"https:\/\/www.europesays.com\/fr\/wp-json\/wp\/v2\/posts\/553491\/revisions"}],"wp:featuredmedia":[{"embeddable":true,"href":"https:\/\/www.europesays.com\/fr\/wp-json\/wp\/v2\/media\/553492"}],"wp:attachment":[{"href":"https:\/\/www.europesays.com\/fr\/wp-json\/wp\/v2\/media?parent=553491"}],"wp:term":[{"taxonomy":"category","embeddable":true,"href":"https:\/\/www.europesays.com\/fr\/wp-json\/wp\/v2\/categories?post=553491"},{"taxonomy":"post_tag","embeddable":true,"href":"https:\/\/www.europesays.com\/fr\/wp-json\/wp\/v2\/tags?post=553491"}],"curies":[{"name":"wp","href":"https:\/\/api.w.org\/{rel}","templated":true}]}}