{"id":553495,"date":"2025-11-23T14:06:24","date_gmt":"2025-11-23T14:06:24","guid":{"rendered":"https:\/\/www.europesays.com\/fr\/553495\/"},"modified":"2025-11-23T14:06:24","modified_gmt":"2025-11-23T14:06:24","slug":"le-marche-de-noel-de-marseille-ouvre-aujourdhui-en-bas-de-la-canebiere-marseille-2","status":"publish","type":"post","link":"https:\/\/www.europesays.com\/fr\/553495\/","title":{"rendered":"Le march\u00e9 de No\u00ebl de Marseille ouvre aujourd&rsquo;hui en bas de la Canebi\u00e8re &#8211; Marseille"},"content":{"rendered":"<p data-start=\"321\" data-end=\"731\">\u00a0Comme chaque ann\u00e9e, l\u2019\u00e9v\u00e9nement transforme le c\u0153ur de la ville en un lieu de fl\u00e2nerie et de d\u00e9couvertes artisanales, attirant habitants comme visiteurs venus profiter de l\u2019ambiance chaleureuse des f\u00eates.<\/p>\n<p>&#13;<br \/>\nPlus de 40 chalets pour mettre en avant le savoir-faire marseillais&#13;<\/p>\n<p data-start=\"810\" data-end=\"1296\">Cette \u00e9dition r\u00e9unit <strong data-start=\"831\" data-end=\"861\">une quarantaine d\u2019artisans<\/strong> venus pr\u00e9senter leurs cr\u00e9ations :<br data-start=\"895\" data-end=\"898\"\/> savons, bijoux, verre fusionn\u00e9, chocolats, d\u00e9corations, c\u00e9ramiques, jouets en bois, bougies, tissus, cuir, biscuits\u2026 Un v\u00e9ritable panorama du savoir-faire local et des m\u00e9tiers traditionnels.<br data-start=\"1088\" data-end=\"1091\"\/> Les chalets, install\u00e9s chaque jour <strong data-start=\"1126\" data-end=\"1144\">de 10h30 \u00e0 20h<\/strong>, et jusqu\u2019\u00e0 <strong data-start=\"1157\" data-end=\"1189\">21h les vendredis et samedis<\/strong>, invitent \u00e0 pr\u00e9parer ses cadeaux de fin d\u2019ann\u00e9e dans une atmosph\u00e8re authentique, \u00e0 deux pas du Vieux-Port.<\/p>\n<p>&#13;<\/p>\n<p> &#13;<\/p>\n<p data-start=\"1373\" data-end=\"1583\">\u00c0 quelques pas de l\u00e0, la traditionnelle <a href=\"https:\/\/www.frequence-sud.fr\/m\/art-43919-la_foire_aux_santons_de_marseille_revient_des_le_15_novembre_marseille\" target=\"_blank\" rel=\"noopener\"><strong data-start=\"1413\" data-end=\"1434\">Foire aux Santons<\/strong><\/a> bat son plein jusqu&rsquo;au <strong data-start=\"1458\" data-end=\"1476\">4 janvier 2026<\/strong>. Les visiteurs peuvent y d\u00e9couvrir artisans santonniers, d\u00e9monstrations, ateliers et groupes folkloriques.<\/p>\n<p>&#13;<\/p>\n<p>\t\t\t\tLe reste des festivit\u00e9s arrivent \u00e0 Marseille au fil des jours&#13;<br \/>\nLe village des enfants d\u00e8s le 29 novembre&#13;<\/p>\n<p data-start=\"1585\" data-end=\"1689\">D\u00e8s le <strong data-start=\"1592\" data-end=\"1607\">29 novembre<\/strong>, l\u2019Esplanade Bargemon se transforme en <a href=\"https:\/\/www.frequence-sud.fr\/m\/art-101654-noel_a_marseille__le_village_des_enfants_marseille\" target=\"_blank\" rel=\"noopener\"><strong data-start=\"1647\" data-end=\"1685\">village f\u00e9erique pour les familles<\/strong> <\/a>:<\/p>\n<p>&#13;<\/p>\n<p data-start=\"1692\" data-end=\"1712\">&#8211; atelier maquillage<\/p>\n<p>&#13;<\/p>\n<p data-start=\"1715\" data-end=\"1749\">&#8211; cr\u00e9ations de d\u00e9corations de No\u00ebl<\/p>\n<p>&#13;<\/p>\n<p data-start=\"1752\" data-end=\"1773\">&#8211; chalet du P\u00e8re No\u00ebl<\/p>\n<p>&#13;<\/p>\n<p data-start=\"1776\" data-end=\"1801\">&#8211; animations quotidiennes<\/p>\n<p>&#13;<\/p>\n<p data-start=\"1803\" data-end=\"1877\">Un rendez-vous incontournable pour les enfants, ouvert jusqu\u2019au 4 janvier.<\/p>\n<p>&#13;<br \/>\nIlluminations de No\u00ebl et mini-concert : la ville s&#8217;embrase le 29 novembre&#13;<\/p>\n<p data-start=\"1962\" data-end=\"2304\"><a href=\"https:\/\/www.frequence-sud.fr\/m\/art-107453-marseille__lancement_des_illuminations_de_noel_et_mini-concert_d_anais_delva_marseille\" target=\"_blank\" rel=\"noopener\">Les illuminations de la ville seront officiellement lanc\u00e9es <strong data-start=\"2022\" data-end=\"2049\">samedi 29 novembre 2025<\/strong><\/a>, lors d\u2019un \u00e9v\u00e9nement festif avec <strong data-start=\"2083\" data-end=\"2098\">Ana\u00efs Delva<\/strong> en mini-concert \u00e0 17h30 sur la place Bargemon.<br data-start=\"2145\" data-end=\"2148\"\/> D\u00e8s cette date, les sites embl\u00e9matiques du centre-ville s\u2019illuminent chaque soir \u00e0 partir de 18h30, offrant un parcours scintillant \u00e0 travers les quartiers.<\/p>\n<p>&#13;<br \/>\nPatinoire, man\u00e8ges et animations dans les 11e et 12e arrondissements&#13;<\/p>\n<p data-start=\"2384\" data-end=\"2581\">Du <strong data-start=\"2387\" data-end=\"2408\">12 au 14 d\u00e9cembre<\/strong>,<a href=\"https:\/\/www.frequence-sud.fr\/m\/art-107551-marche_de_noel__patinoire__maneges____devant_la_mairie_des_11e_et_12e_a_marseille_marseille\" target=\"_blank\" rel=\"noopener\"> le parvis de la mairie des 11e et 12e<\/a> accueille march\u00e9 de No\u00ebl, patinoire, animations pour enfants, man\u00e8ges et spectacles. Une parenth\u00e8se festive id\u00e9ale pour les familles.<\/p>\n<p>&#13;<br \/>\nLa patinoire et la piste de luge s\u2019installent sur le Vieux-Port d\u00e8s le 13 d\u00e9cembre&#13;<\/p>\n<p data-start=\"2656\" data-end=\"2911\">\u00c0 partir du <strong data-start=\"2668\" data-end=\"2683\">13 d\u00e9cembre<\/strong>, <a href=\"https:\/\/www.frequence-sud.fr\/m\/art-95260-une_patinoire_et_une_piste_de_luge_a_marseille_pour_noel_marseille\" target=\"_blank\" rel=\"noopener\">une grande patinoire et une piste de luge <\/a>ouvriront sur le <strong data-start=\"2744\" data-end=\"2769\">Quai de la Fraternit\u00e9<\/strong>, accessibles tous les jours jusqu\u2019au 4 janvier.<br data-start=\"2817\" data-end=\"2820\"\/> Le pr\u00eat du mat\u00e9riel est assur\u00e9 sur place \u2014 gants obligatoires pour des raisons de s\u00e9curit\u00e9.<\/p>\n<p>&#13;<br \/>\nUn mois de spectacles : ballet a\u00e9rien, projections lumineuses et feu d\u2019artifice&#13;<\/p>\n<p data-start=\"3002\" data-end=\"3062\"><strong>Marseille proposera \u00e9galement plusieurs temps forts dont :<\/strong><\/p>\n<p>&#13;<\/p>\n<p data-start=\"3065\" data-end=\"3134\"><strong data-start=\"3065\" data-end=\"3092\">Spectacle a\u00e9rien \u201cAria\u201d<\/strong>, le 13 d\u00e9cembre devant l\u2019H\u00f4tel de Ville<\/p>\n<p>&#13;<\/p>\n<p data-start=\"3137\" data-end=\"3207\"><strong data-start=\"3137\" data-end=\"3163\">Projections lumineuses<\/strong> sur la fa\u00e7ade de la mairie du 20 d\u00e9cembre<\/p>\n<p>&#13;<\/p>\n<p data-start=\"3210\" data-end=\"3303\"><strong data-start=\"3210\" data-end=\"3252\">Concert Gospel Philharmonic Experience<\/strong>, le m\u00eame soir \u00e0 19h sur le Quai de la Fraternit\u00e9<\/p>\n<p>&#13;<\/p>\n<p data-start=\"3306\" data-end=\"3356\"><strong data-start=\"3306\" data-end=\"3327\">Parcours lumineux<\/strong> du Vieux-Port \u00e0 Castellane<\/p>\n<p>&#13;<\/p>\n<p data-start=\"3359\" data-end=\"3457\"><strong data-start=\"3359\" data-end=\"3406\">Grand spectacle de drones et feu d\u2019artifice<\/strong>, le 20 d\u00e9cembre \u00e0 20h, visible tout autour du port<\/p>\n<p>&#13;<\/p>\n<p> &#13;<br \/>\n<strong data-start=\"3466\" data-end=\"3575\">Envie de prolonger la magie ? D\u00e9couvrez les plus beaux march\u00e9s de No\u00ebl autour de Marseille et en Provence<\/strong>&#13;<\/p>\n<p data-start=\"3577\" data-end=\"3927\">Si le march\u00e9 de la Canebi\u00e8re lance officiellement les festivit\u00e9s \u00e0 Marseille, la r\u00e9gion regorge de rendez-vous f\u00e9eriques.<br data-start=\"3686\" data-end=\"3689\"\/> Hivernales de La Garde, march\u00e9s de Hy\u00e8res, Draguignan, Fr\u00e9jus, Castellet ou encore Aix-en-Provence\u2026<br data-start=\"3788\" data-end=\"3791\"\/> Retrouvez <strong data-start=\"3801\" data-end=\"3877\">notre s\u00e9lection coups de c\u0153ur des plus beaux march\u00e9s de No\u00ebl en Provence<\/strong> pour organiser vos prochaines sorties en famille.<\/p>\n","protected":false},"excerpt":{"rendered":"\u00a0Comme chaque ann\u00e9e, l\u2019\u00e9v\u00e9nement transforme le c\u0153ur de la ville en un lieu de fl\u00e2nerie et de d\u00e9couvertes&hellip;\n","protected":false},"author":2,"featured_media":551215,"comment_status":"","ping_status":"","sticky":false,"template":"","format":"standard","meta":{"footnotes":""},"categories":[2814],"tags":[1111,11,1777,674,1011,27,884,12,882,25],"class_list":{"0":"post-553495","1":"post","2":"type-post","3":"status-publish","4":"format-standard","5":"has-post-thumbnail","7":"category-marseille","8":"tag-actu","9":"tag-actualites","10":"tag-eu","11":"tag-europe","12":"tag-fr","13":"tag-france","14":"tag-marseille","15":"tag-news","16":"tag-provence-alpes-cote-dazur","17":"tag-republique-francaise"},"share_on_mastodon":{"url":"https:\/\/pubeurope.com\/@fr\/115599405138444909","error":""},"_links":{"self":[{"href":"https:\/\/www.europesays.com\/fr\/wp-json\/wp\/v2\/posts\/553495","targetHints":{"allow":["GET"]}}],"collection":[{"href":"https:\/\/www.europesays.com\/fr\/wp-json\/wp\/v2\/posts"}],"about":[{"href":"https:\/\/www.europesays.com\/fr\/wp-json\/wp\/v2\/types\/post"}],"author":[{"embeddable":true,"href":"https:\/\/www.europesays.com\/fr\/wp-json\/wp\/v2\/users\/2"}],"replies":[{"embeddable":true,"href":"https:\/\/www.europesays.com\/fr\/wp-json\/wp\/v2\/comments?post=553495"}],"version-history":[{"count":0,"href":"https:\/\/www.europesays.com\/fr\/wp-json\/wp\/v2\/posts\/553495\/revisions"}],"wp:featuredmedia":[{"embeddable":true,"href":"https:\/\/www.europesays.com\/fr\/wp-json\/wp\/v2\/media\/551215"}],"wp:attachment":[{"href":"https:\/\/www.europesays.com\/fr\/wp-json\/wp\/v2\/media?parent=553495"}],"wp:term":[{"taxonomy":"category","embeddable":true,"href":"https:\/\/www.europesays.com\/fr\/wp-json\/wp\/v2\/categories?post=553495"},{"taxonomy":"post_tag","embeddable":true,"href":"https:\/\/www.europesays.com\/fr\/wp-json\/wp\/v2\/tags?post=553495"}],"curies":[{"name":"wp","href":"https:\/\/api.w.org\/{rel}","templated":true}]}}