{"id":553496,"date":"2025-11-23T14:07:15","date_gmt":"2025-11-23T14:07:15","guid":{"rendered":"https:\/\/www.europesays.com\/fr\/553496\/"},"modified":"2025-11-23T14:07:15","modified_gmt":"2025-11-23T14:07:15","slug":"a-marseille-emotion-et-colere-au-rassemblement-en-hommage-au-petit-frere-du-militant-amine-kessaci","status":"publish","type":"post","link":"https:\/\/www.europesays.com\/fr\/553496\/","title":{"rendered":"\u00e0 Marseille, \u00e9motion et col\u00e8re au rassemblement en hommage au petit fr\u00e8re du militant Amine Kessaci"},"content":{"rendered":"<p>      <img fetchpriority=\"high\" decoding=\"async\" class=\"mx-auto\" src=\"data:image\/svg+xml,%3Csvg%20xmlns%3D%27http%3A%2F%2Fwww.w3.org%2F2000%2Fsvg%27%20fill%3D%22%23e4e4e4%22%20viewBox%3D%270%200%20510%20340%27%20width%3D%22510%22%20height%3D%22340%22%3E%3Cpath%20d%3D%27M0%200h510v340H0z%27%2F%3E%3C%2Fsvg%3E\"  loading=\"eager\" width=\"510\" height=\"340\" data-oncrawl-image-size=\"510x340\" alt=\"Le militant Amine Kessaci (au centre) et sa m\u00e8re Ouassila Benhamdi (en blanc \u00e0 gauche), lors d\u2019un rassemblement en hommage \u00e0 Mehdi Kessaci, \u00e0 Marseille, le 22\u00a0novembre 2025.\"\/>      <\/p>\n<p class=\"latino-100m text-grey-600\">\n            Le militant Amine Kessaci (au centre) et sa m\u00e8re Ouassila Benhamdi (en blanc \u00e0 gauche), lors d\u2019un rassemblement en hommage \u00e0 Mehdi Kessaci, \u00e0 Marseille, le 22\u00a0novembre 2025.\u00a0CLEMENT MAHOUDEAU \/ AFP        <\/p>\n<p>        Lire\u00a0plus\u00a0tard      <\/p>\n<p><a aria-label=\"Nous suivre sur Google News\" href=\"https:\/\/news.google.com\/publications\/CAAqBwgKMJe4nQkw3dFs?hl=fr&amp;gl=FR&amp;ceid=FR%3Afr\" target=\"_blank\" data-piano=\"Page_Article,Sous_date_publi,Nous_suivre_sur_google_news,1er_clic,action\" class=\"btn btn--small btn--tertiary btn--icon-only\" rel=\"noopener\"><\/p>\n<p>      Google Actualit\u00e9s<br \/>\n  <\/a><\/p>\n<p>  Partager<\/p>\n<p>        Facebook<\/p>\n<p>        Bluesky<\/p>\n<p>        E-mail<\/p>\n<p>        Copier le lien<\/p>\n<p>      Envoyer<\/p>\n<p>      S\u2019abonner pour lire    <\/p>\n<p class=\"node__paragraphe antonia-750r text-grey-800 pb-24 pb-md-32\">\n\u00ab\u00a0C\u2019est l\u00e0-bas, je reconnais la pharmacie que j\u2019ai vue \u00e0 la t\u00e9l\u00e9.\u00a0\u00bb Il n\u2019est pas treize heures, ce samedi 22\u00a0novembre, quand Iwad se dirige d\u2019un pas d\u00e9cid\u00e9 vers le rond-point Claudie Darcy. D\u00e8s que l\u2019agent de surveillance de 41\u00a0ans a su qu\u2019un rassemblement \u00e9tait organis\u00e9 en hommage au jeune Mehdi Kessaci, <a href=\"https:\/\/www.nouvelobs.com\/faits-divers\/20251114.OBS109748\/ce-que-l-on-sait-de-l-assassinat-d-un-deuxieme-frere-de-l-ecologiste-et-figure-des-quartiers-nord-de-marseille-amine-kessaci.html\" target=\"_blank\" rel=\"noopener\">assassin\u00e9 jeudi 13\u00a0novembre \u00e0 Marseille<\/a>, le Toulonnais n\u2019a pas h\u00e9sit\u00e9. \u00ab\u00a0On a pass\u00e9 un sacr\u00e9 cap. Il a \u00e9t\u00e9 tu\u00e9 uniquement parce que son fr\u00e8re lutte contre le narcotrafic\u00a0\u00bb, l\u00e2che-t-il en rappelant que la victime de 20\u00a0ans, inconnue de la police et de la justice, attendait sa m\u00e8re au bas d\u2019un centre m\u00e9dical. \u00ab\u00a0On est tous concern\u00e9s. Comment ne pas l\u2019\u00eatre\u00a0?\u00a0\u00bb, dit-il en approchant des lieux de l\u2019assassinat, o\u00f9 le sol est couvert de fleurs et de bougies qui ne r\u00e9sistent pas au mistral.<\/p>\n<p class=\"node__paragraphe antonia-750r text-grey-800 pb-8\">\nC\u2019est l\u00e0, dans le 4e\u00a0arrondissement de Marseille, au pied de l\u2019H\u00f4tel du D\u00e9partement, que l\u2019association d\u2019Amine Kessaci, Conscience, a appel\u00e9 \u00e0 rendre hommage \u00e0 son fr\u00e8re \u00e0 15\u00a0heures, lors d\u2019une marche blanche. \u00ab\u00a0Justice pour Mehdi. 20\u00a0ans. Mort pour rien\u00a0\u00bb, lit-on sur des affiches coll\u00e9es sur des po\u2026<\/p>\n<p class=\"latino-100m text-blue-400\">Article r\u00e9serv\u00e9 aux abonn\u00e9s.<\/p>\n<p>        Se connecter      <\/p>\n<p class=\"text-center antonia-1550b antonia-lg-1850c\" style=\"margin-bottom:4px;\">Envie de lire la suite\u00a0?<\/p>\n<p class=\"description text-center pb-16\">Tous nos contenus exclusifs en acc\u00e8s illimit\u00e9<\/p>\n<p>            S\u2019abonner 7,99\u20ac 3,99\u20ac\/mois                          pendant 1 an                      <\/p>\n<p class=\"text-grey-700 or d-none d-md-flex\">ou<\/p>\n<p>                        <img width=\"164\" height=\"20\" src=\"data:image\/svg+xml,%3Csvg%20xmlns%3D%27http%3A%2F%2Fwww.w3.org%2F2000%2Fsvg%27%20fill%3D%22%23e4e4e4%22%20viewBox%3D%270%200%20282%2054%27%20width%3D%22282%22%20height%3D%2254%22%3E%3Cpath%20d%3D%27M0%200h282v54H0z%27%2F%3E%3C%2Fsvg%3E\"  class=\"js-swg-placeholder\" alt=\"Subscribe with Google\" loading=\"lazy\" decoding=\"async\"\/><\/p>\n","protected":false},"excerpt":{"rendered":"Le militant Amine Kessaci (au centre) et sa m\u00e8re Ouassila Benhamdi (en blanc \u00e0 gauche), lors d\u2019un rassemblement&hellip;\n","protected":false},"author":2,"featured_media":553497,"comment_status":"","ping_status":"","sticky":false,"template":"","format":"standard","meta":{"footnotes":""},"categories":[2814],"tags":[17,1111,11,1433,3254,19816,1777,674,1011,27,4879,884,33735,8721,12,882,3919,25,104],"class_list":{"0":"post-553496","1":"post","2":"type-post","3":"status-publish","4":"format-standard","5":"has-post-thumbnail","7":"category-marseille","8":"tag-17","9":"tag-actu","10":"tag-actualites","11":"tag-ca","12":"tag-colere","13":"tag-emotion","14":"tag-eu","15":"tag-europe","16":"tag-fr","17":"tag-france","18":"tag-hommage","19":"tag-marseille","20":"tag-mehdi","21":"tag-narcotrafic","22":"tag-news","23":"tag-provence-alpes-cote-dazur","24":"tag-rassemblement","25":"tag-republique-francaise","26":"tag-societe"},"share_on_mastodon":{"url":"https:\/\/pubeurope.com\/@fr\/115599405455129091","error":""},"_links":{"self":[{"href":"https:\/\/www.europesays.com\/fr\/wp-json\/wp\/v2\/posts\/553496","targetHints":{"allow":["GET"]}}],"collection":[{"href":"https:\/\/www.europesays.com\/fr\/wp-json\/wp\/v2\/posts"}],"about":[{"href":"https:\/\/www.europesays.com\/fr\/wp-json\/wp\/v2\/types\/post"}],"author":[{"embeddable":true,"href":"https:\/\/www.europesays.com\/fr\/wp-json\/wp\/v2\/users\/2"}],"replies":[{"embeddable":true,"href":"https:\/\/www.europesays.com\/fr\/wp-json\/wp\/v2\/comments?post=553496"}],"version-history":[{"count":0,"href":"https:\/\/www.europesays.com\/fr\/wp-json\/wp\/v2\/posts\/553496\/revisions"}],"wp:featuredmedia":[{"embeddable":true,"href":"https:\/\/www.europesays.com\/fr\/wp-json\/wp\/v2\/media\/553497"}],"wp:attachment":[{"href":"https:\/\/www.europesays.com\/fr\/wp-json\/wp\/v2\/media?parent=553496"}],"wp:term":[{"taxonomy":"category","embeddable":true,"href":"https:\/\/www.europesays.com\/fr\/wp-json\/wp\/v2\/categories?post=553496"},{"taxonomy":"post_tag","embeddable":true,"href":"https:\/\/www.europesays.com\/fr\/wp-json\/wp\/v2\/tags?post=553496"}],"curies":[{"name":"wp","href":"https:\/\/api.w.org\/{rel}","templated":true}]}}