{"id":553498,"date":"2025-11-23T14:08:24","date_gmt":"2025-11-23T14:08:24","guid":{"rendered":"https:\/\/www.europesays.com\/fr\/553498\/"},"modified":"2025-11-23T14:08:24","modified_gmt":"2025-11-23T14:08:24","slug":"phytoepuration-un-test-sur-deux-peniches-a-lyon","status":"publish","type":"post","link":"https:\/\/www.europesays.com\/fr\/553498\/","title":{"rendered":"Phyto\u00e9puration : un test sur deux p\u00e9niches \u00e0 Lyon"},"content":{"rendered":"<p>Aujourd\u2019hui, direction les berges du Rh\u00f4ne pour notre \u00e9mission Caf\u00e9 Climat sur BFM Lyon. Pour d\u00e9couvrir la phyto\u00e9puration. Un dispositif qui permet de filtrer naturellement les eaux us\u00e9es des familles habitant sur l\u2019eau.<\/p>\n<p>85 familles lyonnaises ont la chance d\u2019\u00eatre des<strong> gens d\u2019\u00e0 bord<\/strong>. En clair, des <strong>hommes et des femmes qui vivent sur le Rh\u00f4ne ou sur la Sa\u00f4ne<\/strong>\u2026 Vivre pr\u00e8s de la <strong>faune sauvage<\/strong> est tout \u00e0 la fois un bonheur et une contrainte. En r\u00e8gle g\u00e9n\u00e9rale, les \u00ab\u00a0gens d\u2019\u00e0 bord\u00a0\u00bb sont <strong>respectueux de l\u2019environnement<\/strong>. On dit m\u00eame qu\u2019\u00e0 bord de leurs p\u00e9niches, ils sont les <strong>gardiens de la rivi\u00e8re ou du fleuve<\/strong>. <\/p>\n<p>Leurs <strong>d\u00e9chets<\/strong> sont ainsi <strong>tri\u00e9s, collect\u00e9s<\/strong>. Les familles et les associations se mobilisent chaque ann\u00e9e pour effectuer b\u00e9n\u00e9volement un <strong>nettoyage des berges<\/strong>\u2026 Mais sur une<strong> p\u00e9niche<\/strong>, comme dans votre appartement ou votre maison, il y a\u2026 un \u00e9vier, une douche, des wc. Or, sur une p\u00e9niche il n\u2019y a <strong>pas de raccordement au r\u00e9seau d\u2019assainissement<\/strong>. Donc les <strong>eaux grises<\/strong> ou les <strong>eaux brunes<\/strong> sont, la plupart du temps rel\u00e2ch\u00e9es dans la nature.<\/p>\n<p>Ecoutez aussi : <a href=\"https:\/\/www.lyondemain.fr\/ek-eau-bateau-energie-positive-lyon-peniche-festival-rhone-saone-camille-bajot-association-le-maquis\/\" target=\"_blank\" rel=\"noreferrer noopener nofollow\">Ek eau : un bateau \u00e0 \u00e9nergie positive amarr\u00e9 \u00e0 Lyon<\/a><\/p>\n<p>Tester la phyto\u00e9puration pour \u00eatre encore plus vertueux<\/p>\n<p>Alors VNF <strong><a href=\"https:\/\/www.vnf.fr\/vnf\/\" target=\"_blank\" rel=\"noreferrer noopener nofollow\">(Voies Navigables de France<\/a><\/strong>)  a d\u00e9cid\u00e9 de faire un <strong>test sur deux p\u00e9niches habit\u00e9es<\/strong> : <strong>Friponne<\/strong> sur la Sa\u00f4ne et <strong>Balthazar<\/strong> sur le Rh\u00f4ne.<\/p>\n<p>Pour <strong>Christophe WENDLING<\/strong>, Directeur territorial Rh\u00f4ne Sa\u00f4ne de<strong> VNF<\/strong> : \u00ab\u00a0\u00a0\u00bbAujour\u2019hui, il n\u2019y a pas de r\u00e9glementation claire\u2026. cette exp\u00e9rimentation va permettre da savoir si la <strong>phyto\u00e9puration<\/strong> est efficace. Avec un bon<strong> niveau d\u2019\u00e9puration<\/strong> \u00e0 la sortie\u2026 On veut aussi savoir si ce disposition est exploitable sur le Rh\u00f4ne et la Sa\u00f4ne. Deux cours d\u2019eau qui connaissent des <strong>crues<\/strong> fr\u00e9quentes\u00a0\u00bb<\/p>\n<p>Regardez l\u2019\u00e9misssion<\/p>\n<p><video controls=\"\" src=\"https:\/\/www.lyondemain.fr\/wp-content\/uploads\/2025\/11\/Le-Cafe-Climat-le-test-de-la-phytoepuration-sur-les-peniches.mp4\"\/>Caf\u00e9 Climat : le test de la phyto\u00e9puration sur les p\u00e9niches<\/p>\n<p>La <strong>phyto\u00e9puration<\/strong> est une <strong>\u00e9puration par action bact\u00e9rienne<\/strong>\u2026 Concr\u00e8tement on installe une petite <strong>barge entre la p\u00e9niche et le cours d\u2019eau<\/strong>, \u00e7a ressemble \u00e0 un petit ponton tr\u00e8s discret sur lequel on va m\u00eame faire pousser des <strong>roseaux<\/strong>. L\u2019exp\u00e9rimentation va durer un an. Plusieurs entreprises sont associ\u00e9es \u00e0 cette exp\u00e9rience. C\u2019est un <strong>traitement parfaitement naturel<\/strong>. Comme nous l\u2019explique <strong>Edwige Le Douarin<\/strong>, dirigeante de la soci\u00e9t\u00e9<strong> <a href=\"https:\/\/www.aquatiris.com\/\" target=\"_blank\" rel=\"noreferrer noopener nofollow\">Aquatiris<\/a><\/strong>.<\/p>\n<p>Ecoutez aussi : <a href=\"https:\/\/www.lyondemain.fr\/piscine-naturelle-albigny\/\" target=\"_blank\" rel=\"noreferrer noopener nofollow\">Piscine naturelle : des analyses de l\u2019eau \u00e0 Albigny<\/a><\/p>\n<blockquote class=\"instagram-media\" data-instgrm-captioned=\"\" data-instgrm-permalink=\"https:\/\/www.instagram.com\/p\/DPpC9cQDbWN\/?utm_source=ig_embed&amp;utm_campaign=loading\" data-instgrm-version=\"14\" style=\" background:#FFF; border:0; border-radius:3px; box-shadow:0 0 1px 0 rgba(0,0,0,0.5),0 1px 10px 0 rgba(0,0,0,0.15); margin: 1px; max-width:540px; min-width:326px; padding:0; width:99.375%; width:-webkit-calc(100% - 2px); width:calc(100% - 2px);\"\/>\n<p>Un filtrage des eaux naturel<\/p>\n<p>\u00ab\u00a0A l\u2019int\u00e9rieur, on va trouver un <strong>massif de granulat<\/strong>. Des gravillons, des graviers, du sable\u2026 Dans lequel on plante des <strong>roseaux<\/strong>. Leurs racines sont favorables au <strong>d\u00e9veloppement de bact\u00e9ries<\/strong>. Ces bact\u00e9ries se nourrissent de nos <strong>d\u00e9chets<\/strong>. A la sortie, les eaux \u00e9pur\u00e9es peuvent regagner le<strong> milieu naturel<\/strong>\u00ab\u00a0<\/p>\n<p>La <strong>phyto\u00e9puration<\/strong> est un process d\u00e9j\u00e0 connu et \u00e9prouv\u00e9 pour traiter les eaux d\u2019une maison. Reste \u00e0 v\u00e9rifier l\u2019efficacit\u00e9 d\u2019un tel process sur les eaux d\u2019une <strong>rivi\u00e8re<\/strong> ou d\u2019un<strong> fleuve<\/strong>.<\/p>\n<p><img fetchpriority=\"high\" decoding=\"async\" width=\"1200\" height=\"675\" src=\"https:\/\/www.europesays.com\/fr\/wp-content\/uploads\/2025\/11\/Pacte-Transition-Lyon-Genevieve-Brichet.jpg\" alt=\"Genevi\u00e8ve Brichet\" class=\"wp-image-247079\"  \/>Genevi\u00e8ve Brichet<\/p>\n<p>Pour <strong>Genevi\u00e8ve Brichet<\/strong>, propri\u00e9taire du <strong>BALTHAZAR<\/strong> amarr\u00e9 sur Rh\u00f4ne en aval du pont Morand : \u00ab\u00a0Notre slogan (<strong><a href=\"https:\/\/www.facebook.com\/profile.php?id=100064705447544\" target=\"_blank\" rel=\"noreferrer noopener nofollow\">le Collectif Les P\u00e9niches de Lyon<\/a><\/strong>) c\u2019est \u00ab\u00a0<strong>Prot\u00e9geons l\u2019eau qui nous accueille<\/strong>\u00ab\u00a0\u2026 on est donc tr\u00e8s satisfait de tout ce qui peut contribuer \u00e0 diminuer notre impact\u00a0\u00bb.<\/p>\n<p>Aucune r\u00e9glementation n\u2019impose, pour l\u2019heure, ce type d\u2019\u00e9quipement\u2026 Pour autant, il y a quelques mois, le maire de Lyon, <strong>Gr\u00e9gory Doucet<\/strong>, annon\u00e7ait vouloir cr\u00e9er des <strong>lieux de baignade naturels<\/strong>\u2026 En particulier, au niveau de la darse Confluence. <\/p>\n<p>Ecoutez aussi : <a href=\"https:\/\/www.lyondemain.fr\/lyon-se-baigner-dans-la-darse-confluence\/\" target=\"_blank\" rel=\"noreferrer noopener nofollow\">Lyon : se baigner dans la darse Confluence sera possible en 2027<\/a><\/p>\n<p><img loading=\"lazy\" decoding=\"async\" width=\"1200\" height=\"675\" src=\"https:\/\/www.europesays.com\/fr\/wp-content\/uploads\/2025\/11\/epuration-naturelle-de-leau-des-bateaux-logement.jpg\" alt=\"\u00e9puration naturelle de l'eau des bateaux-logement\" class=\"wp-image-252543\"  \/>Barge de phyto\u00e9puration  amarr\u00e9e \u00e0 la Friponne<\/p>\n<p>La question de la baignabilit\u00e9 du Rh\u00f4ne et de la Sa\u00f4ne<\/p>\n<p>\u00ab\u00a0Puisqu\u2019on travaille de plus en plus sur la <strong>baignabilit\u00e9<\/strong>, il ne faut pas rajouter de la pollution. Alors que l\u2019on demande beaucoup aux entreprises\u2026 Les <strong>bateaux-logement<\/strong> doivent aussi faire des efforts. Les dispositifs test\u00e9s ici (<strong>phyto\u00e9puration<\/strong>) sont co\u00fbteux. Mais les couts deviendront tout \u00e0 fait raisonnables si le l\u00e9gislateur venait \u00e0 imposer l\u2019\u00e9puration \u00e0 toutes les p\u00e9niches\u00a0\u00bb explique <strong>Pierre ATHANAZE<\/strong>, vice pr\u00e9sident de la <a href=\"https:\/\/www.grandlyon.com\/actualite\/baignade-dans-la-saone-cest-pour-2027\" target=\"_blank\" rel=\"noreferrer noopener nofollow\"><strong>M\u00e9tropole de Lyon<\/strong><\/a>, charg\u00e9 de l\u2019Environnement<\/p>\n<p>Pour cette exp\u00e9rimentation, c\u2019est un cout de 120 000 euros. Mais le prix d\u2019un tel \u00e9quipement baissera le jour o\u00f9 il sera fabriqu\u00e9 en s\u00e9rie, <\/p>\n<p>L\u2019autre solution serait d\u2019installer des citernes sur chaque p\u00e9niche. Et ainsi de faire r\u00e9cup\u00e9rer ces eaux grises et brunes \u00e0 l\u2019aide d\u2019un bateau pour une d\u00e9marche totalement \u00e9coresponsable. Une solution couteuse et contraignante\u2026<\/p>\n<p>Ecoutez aussi : <a href=\"https:\/\/www.lyondemain.fr\/matelot-navigone-navettes-fluviales\/\" target=\"_blank\" rel=\"noreferrer noopener nofollow\">Avec le Navig\u00f4ne, on peut \u00eatre matelot sur le r\u00e9seau TCL\u2026<\/a><\/p>\n<p><img loading=\"lazy\" decoding=\"async\" width=\"1200\" height=\"675\" src=\"https:\/\/www.europesays.com\/fr\/wp-content\/uploads\/2025\/11\/Cafe-Climat-test-de-phytoepuration-sur-les-peniches-balthazar-et-Friponne.jpg\" alt=\"Caf\u00e9 Climat test de phyto\u00e9puration sur les p\u00e9niches balthazar et Friponne\" class=\"wp-image-252542\"  \/>\u00e9mission Caf\u00e9 Climat du jeudi 20 novembre 2025<br \/>\nJ\u2019aime \u00e7a\u00a0:<\/p>\n<p>J\u2019aime chargement\u2026<\/p>\n<p><a class=\"sd-link-color\"\/><\/p>\n<p>\n\tArticles similaires\n<\/p>\n<p>\t\t\t\t<img decoding=\"async\" src=\"https:\/\/www.europesays.com\/fr\/wp-content\/uploads\/2025\/11\/1763906904_573_7866158698e17e8ed633c05e8f8e7fe5d9e057ad78661c4dc34e413abb6b9f19\" alt=\"G\u00e9rald Bouchon\"\/><\/p>\n<p>Pionnier des radios libres, passionn\u00e9 de radio, journaliste et dirigeant de m\u00e9dias \u00e9co-responsables..<\/p>\n<p>\t\t\t<script async src=\"\/\/www.instagram.com\/embed.js\"><\/script><\/p>\n","protected":false},"excerpt":{"rendered":"Aujourd\u2019hui, direction les berges du Rh\u00f4ne pour notre \u00e9mission Caf\u00e9 Climat sur BFM Lyon. Pour d\u00e9couvrir la phyto\u00e9puration.&hellip;\n","protected":false},"author":2,"featured_media":553499,"comment_status":"","ping_status":"","sticky":false,"template":"","format":"standard","meta":{"footnotes":""},"categories":[1889],"tags":[1111,11,67050,2430,15109,49622,1777,674,32027,1011,27,67051,64205,67052,2428,10510,12,67053,67054,38413,25,67055,29623],"class_list":{"0":"post-553498","1":"post","2":"type-post","3":"status-publish","4":"format-standard","5":"has-post-thumbnail","7":"category-lyon","8":"tag-actu","9":"tag-actualites","10":"tag-aquatiris","11":"tag-auvergne-rhone-alpes","12":"tag-baignade","13":"tag-epuration","14":"tag-eu","15":"tag-europe","16":"tag-fleuve-rhone","17":"tag-fr","18":"tag-france","19":"tag-genevieve-brichet","20":"tag-la-saone","21":"tag-les-peniches-de-lyon","22":"tag-lyon","23":"tag-metropole-de-lyon","24":"tag-news","25":"tag-peniches","26":"tag-phytoepuration","27":"tag-pierre-athanaze","28":"tag-republique-francaise","29":"tag-vivre-sur-leau","30":"tag-vnf"},"share_on_mastodon":{"url":"","error":""},"_links":{"self":[{"href":"https:\/\/www.europesays.com\/fr\/wp-json\/wp\/v2\/posts\/553498","targetHints":{"allow":["GET"]}}],"collection":[{"href":"https:\/\/www.europesays.com\/fr\/wp-json\/wp\/v2\/posts"}],"about":[{"href":"https:\/\/www.europesays.com\/fr\/wp-json\/wp\/v2\/types\/post"}],"author":[{"embeddable":true,"href":"https:\/\/www.europesays.com\/fr\/wp-json\/wp\/v2\/users\/2"}],"replies":[{"embeddable":true,"href":"https:\/\/www.europesays.com\/fr\/wp-json\/wp\/v2\/comments?post=553498"}],"version-history":[{"count":0,"href":"https:\/\/www.europesays.com\/fr\/wp-json\/wp\/v2\/posts\/553498\/revisions"}],"wp:featuredmedia":[{"embeddable":true,"href":"https:\/\/www.europesays.com\/fr\/wp-json\/wp\/v2\/media\/553499"}],"wp:attachment":[{"href":"https:\/\/www.europesays.com\/fr\/wp-json\/wp\/v2\/media?parent=553498"}],"wp:term":[{"taxonomy":"category","embeddable":true,"href":"https:\/\/www.europesays.com\/fr\/wp-json\/wp\/v2\/categories?post=553498"},{"taxonomy":"post_tag","embeddable":true,"href":"https:\/\/www.europesays.com\/fr\/wp-json\/wp\/v2\/tags?post=553498"}],"curies":[{"name":"wp","href":"https:\/\/api.w.org\/{rel}","templated":true}]}}