{"id":553511,"date":"2025-11-23T14:18:14","date_gmt":"2025-11-23T14:18:14","guid":{"rendered":"https:\/\/www.europesays.com\/fr\/553511\/"},"modified":"2025-11-23T14:18:14","modified_gmt":"2025-11-23T14:18:14","slug":"quand-macron-et-le-chef-detat-major-jouent-sur-les-peurs","status":"publish","type":"post","link":"https:\/\/www.europesays.com\/fr\/553511\/","title":{"rendered":"quand Macron et le chef d&rsquo;\u00e9tat-major jouent sur les peurs"},"content":{"rendered":"<p>Appelons c\u0327a une diversion. \u00ab Si notre pays flanche parce qu\u2019il n\u2019est pas pre\u0302t a\u0300 accepter de perdre ses enfants, si on n\u2019est pas pre\u0302t a\u0300 c\u0327a, alors on est en risque. \u00bb <a href=\"https:\/\/www.lejdd.fr\/International\/guerre-les-inquietants-propos-du-plus-haut-grade-francais-164287\" rel=\"nofollow noopener\" target=\"_blank\">Le ge\u0301ne\u0301ral Mandon a pris la parole<\/a> devant les maires de France. Quand tout va mal dans un pays, quand les finances sont plombe\u0301es, quand l\u2019inse\u0301curite\u0301 flambe, quand l\u2019immigration explose, quand la cote du pre\u0301sident est au plus bas, quoi inventer ? La guerre ? La guerre ! Sinon la faire, du moins instiller l\u2019ide\u0301e que la patrie est en danger. Et malheur a\u0300 ceux qui re\u0301cusent cette e\u0301vidence. Ils seront cloue\u0301s au pilori. A\u0300 bas les Munichois ! Oui ! Gloire a\u0300 <a href=\"https:\/\/www.lejdd.fr\/Emmanuel-Macron\" rel=\"nofollow noopener\" target=\"_blank\">Emmanuel Macron<\/a> qui dresse devant la Russie les canons de la riposte. Le pre\u0301sident est de\u0301ja\u0300 dans le bunker. Il pre\u0301pare notre survie. Nous posse\u0301derons notre kit avec bouteilles d\u2019eau, jeux de socie\u0301te\u0301 et lampes de poche.\u00a0<\/p>\n<p>    La suite apr\u00e8s cette publicit\u00e9<\/p>\n<p>Le ge\u0301ne\u0301ral Mandon a sonne\u0301 le tocsin. La mobilisation ge\u0301ne\u0301rale n\u2019est pas encore lance\u0301e, ni la conscription active\u0301e. Seuls les militaires sont concerne\u0301s. Le message est clair : la guerre approche. Alors, Messieurs, Mesdames, vos petits soucis du quotidien, vous e\u0302tes gentils, ils ne pe\u0300sent pas lourd face a\u0300 une attaque nucle\u0301aire&#8230; La ficelle est un peu grosse. Vous verrez, c\u0327a marche pluto\u0302t bien. C\u0327a calme. Et c\u0327a permet de faire diversion. Quand on parle de la guerre, on ignore les autres sujets qui fa\u0302chent. C\u2019est l\u2019objectif.<\/p>\n<p><strong>Retrouvez toutes les\u00a0<\/strong><a href=\"https:\/\/www.lejdd.fr\/bio\/pascal-praud\" target=\"_blank\" rel=\"nofollow noopener\"><strong>chroniques de Pascal Praud<\/strong><\/a><\/p>\n<p><strong>De guerre lasse<\/strong><\/p>\n<p>Le \u00ab en me\u0302me temps \u00bb de\u0301finit le macronisme. Le \u00ab en me\u0302me temps \u00bb n\u2019est-il pas une diversion permanente ? \u00ab L\u2019exce\u0300s du langage est un proce\u0301de\u0301 coutumier a\u0300 celui qui veut faire diversion \u00bb, a e\u0301crit Franc\u0327ois Mitterrand dans L\u2019Abeille et l\u2019architecte (Flammarion, 1978). Quand tout part a\u0300 vau-l\u2019eau, donner le change devient impe\u0301ratif. Diversion quand la Macronie cible Bruno Retailleau pour masquer l\u2019e\u0301chec de la diplomatie franc\u0327aise. Diversion quand Emmanuel Macron fustige les re\u0301seaux sociaux. Les algorithmes menaceraient la de\u0301mocratie. Diversion pour masquer un pays en faillite, gouverne\u0301 sans autorite\u0301, soumis a\u0300 une immigration de masse et contraint par l\u2019Union europe\u0301enne.<\/p>\n<p>Se\u0301gole\u0300ne Royal est venue ce jeudi sur le plateau de CNews pour e\u0301voquer la sortie de son ouvrage Mais qui va garder les enfants ? publie\u0301 chez Fayard. Elle a lu Le Prince et paraphrase\u0301 Machiavel : \u00ab Pour maintenir un peuple dans l\u2019obe\u0301issance et le silence, inventez-lui un ennemi. Faites-lui peur et de\u0301noncez ceux qui veulent la paix comme des antipatriotes et des ennemis de la patrie. Un leader faible re\u0302ve de se transformer en chef de guerre. \u00bb Se\u0301gole\u0300ne Royal a parfois dit des be\u0302tises. Elle n\u2019a pas toujours eu le jugement su\u0302r. Elle posse\u0300de un instinct politique que d\u2019autres n\u2019ont pas.<\/p>\n<p>J\u2019e\u0301coutais cette semaine, sur LCI, Raphae\u0308l Gluksmann. Il devrait rester dans son bureau, re\u0301fle\u0301chir et e\u0301crire. Parler aux uns et aux autres ne semble pas fait pour lui. Agir non plus. A\u0300 David Pujadas, aux Franc\u0327ais pre\u0301sents sur le plateau, a\u0300 E\u0301ric Zemmour, il raba\u0302chait des e\u0301le\u0301ments de langage qu\u2019il de\u0301bitait sans y croire. Avec un discours sans chair et sans a\u0302me, le chouchou du syste\u0300me est le contraire de Se\u0301gole\u0300ne Royal qui respire comme respire le pays. Elle a compris combien les paroles du ge\u0301ne\u0301ral Mandon e\u0301taient de\u0301place\u0301es : \u00ab Soit Emmanuel Macron, chef des arme\u0301es, e\u0301tait au courant et il doit s\u2019expliquer. Soit il n\u2019e\u0301tait pas au courant et le chef d\u2019e\u0301tat-major doit de\u0301missionner. \u00bb<\/p>\n<blockquote class=\"exergue\">\n<p>Le chef d\u2019e\u0301tat-major Mandon a parle\u0301 avec l\u00e9g\u00e8ret\u00e9<\/p>\n<\/blockquote>\n<p>La France est membre du Conseil de se\u0301curite\u0301 de l\u2019ONU. Elle garantit la paix. Elle n\u2019encourage pas la guerre. Le chef d\u2019e\u0301tat-major Mandon a parle\u0301 avec le\u0301ge\u0300rete\u0301. Se\u0301gole\u0300ne Royal a devine\u0301 l\u2019angoisse que ses paroles disse\u0301minent dans les familles de France. Si le raisonnement est utile, l\u2019instinct est de\u0301cisif quand il s\u2019agit de monter sur une estrade. Elle a perc\u0327u ce que tant de de\u0301pute\u0301s, se\u0301nateurs ou militants n\u2019ont pas senti : \u00ab On n\u2019a pas le droit de faire peur de cette manie\u0300re a\u0300 une nation entie\u0300re. \u00bb<\/p>\n<p><strong>\u00ab Libe\u0301 \u00bb ou l\u2019erreur permanente<\/strong><\/p>\n<p>La diversion n\u2019est pas l\u2019apanage d\u2019Emmanuel Macron. La presse de gauche cible CNews qu\u2019elle accuse de propagande au service de l\u2019extre\u0302me droite, sans souligner que, depuis quarante ans, les gouvernants sont en e\u0301chec. L\u2019immigration massive, l\u2019inse\u0301curite\u0301 galopante, la crise e\u0301conomique de\u0301moralisent la ville et la campagne. Le journal Libe\u0301ration a consacre\u0301 vendredi sa Une a\u0300 l\u2019antenne de CNews (et a\u0300 votre serviteur), de\u0301signe\u0301s responsables de tous les maux.<\/p>\n<p>Libe\u0301ration illustre une certaine tendance de la presse franc\u0327aise et, au-dela\u0300, refle\u0300te l\u2019espace me\u0301diatique du pays. Les erreurs sont inscrites dans les ge\u0300nes. Libe\u0301ration se trompe aujourd\u2019hui comme Serge July et ses amis se trompaient hier dans la lecture du monde tel qu\u2019il e\u0301tait.<\/p>\n<blockquote class=\"exergue\">\n<p>On n\u2019a pas le droit de faire peur de cette mani\u00e8re \u00e0 une nation enti\u00e8re<\/p>\n<\/blockquote>\n<p>Il a fallu dix ans au journal cre\u0301e\u0301 par Jean-Paul Sartre pour condamner les Khmers rouges. Si les partis politiques ont une histoire \u2013 Libe\u0301ration le rappelle sans cesse au Rassemblement national \u2013, les journaux aussi ont la leur. Libe\u0301ration a soutenu la re\u0301volution iranienne de l\u2019ayatollah Khomeini. Libe\u0301ration de\u0301fendait la pe\u0301dophilie dans les anne\u0301es 1970 et appelait a\u0300 re\u0301viser les textes concernant les rapports sexuels entre adultes et mineurs. Tout cela est loin, bien su\u0302r.<\/p>\n<p>Et je n\u2019en veux pas aux journalistes qui de\u0301raisonnent en 2025 comme jadis leurs ai\u0302ne\u0301s divaguaient. Le mal est conge\u0301nital. Le refus d\u2019ouvrir les yeux perdure. Ce qui arrive en Occident, au Danemark, en Angleterre, en Italie, en France n\u2019a pas besoin de CNews pour arriver, ni pour e\u0302tre vu par nos concitoyens. Le monde est la totalite\u0301 des faits. Et les faits sont te\u0302tus.<\/p>\n<p>Libe\u0301ration pre\u0301fe\u0300re les attaques ad hominem quand Giorgia Meloni impose des reformes en Italie que repousse la gauche en France. Meloni re\u0301ussit son pari. Qu\u2019importe ! Les journalistes, mais aussi les artistes, les e\u0301crivains, les intellectuels e\u0301reintent, de\u0301nigrent, diabolisent la pre\u0301sidente du Conseil des ministres d\u2019Italie. Ils sont les enfants ou les petit-enfants de Paul E\u0301luard lorsqu\u2019il disait : \u00ab Staline est l\u2019homme que nous aimons le plus \u00bb, ou ceux de Pablo Picasso quand il affirmait : \u00ab Staline est un ge\u0301ant moral. \u00bb Ou encore de Jean-Paul Sartre, visionnaire de l\u2019univers sovie\u0301tique. \u00ab La liberte\u0301 de critique est totale en URSS \u00bb, avanc\u0327ait-il sans rire.Comme toujours, la mort ramassera les copies. Dans vingt ans, dans trente ans, je souhaite a\u0300 Libe\u0301ration de toujours exister, et lire cette antienne sur des pages nume\u0301riques, antienne qui traverse les temps, la gauche et son intelligentsia : nous nous sommes tant trompe\u0301s.<\/p>\n","protected":false},"excerpt":{"rendered":"Appelons c\u0327a une diversion. \u00ab Si notre pays flanche parce qu\u2019il n\u2019est pas pre\u0302t a\u0300 accepter de perdre&hellip;\n","protected":false},"author":2,"featured_media":492263,"comment_status":"","ping_status":"","sticky":false,"template":"","format":"standard","meta":{"footnotes":""},"categories":[1591],"tags":[11,1887,12,1885,1886,132],"class_list":{"0":"post-553511","1":"post","2":"type-post","3":"status-publish","4":"format-standard","5":"has-post-thumbnail","7":"category-russie","8":"tag-actualites","9":"tag-federation-de-russie","10":"tag-news","11":"tag-russia","12":"tag-russian-federation","13":"tag-russie"},"share_on_mastodon":{"url":"https:\/\/pubeurope.com\/@fr\/115599448805934064","error":""},"_links":{"self":[{"href":"https:\/\/www.europesays.com\/fr\/wp-json\/wp\/v2\/posts\/553511","targetHints":{"allow":["GET"]}}],"collection":[{"href":"https:\/\/www.europesays.com\/fr\/wp-json\/wp\/v2\/posts"}],"about":[{"href":"https:\/\/www.europesays.com\/fr\/wp-json\/wp\/v2\/types\/post"}],"author":[{"embeddable":true,"href":"https:\/\/www.europesays.com\/fr\/wp-json\/wp\/v2\/users\/2"}],"replies":[{"embeddable":true,"href":"https:\/\/www.europesays.com\/fr\/wp-json\/wp\/v2\/comments?post=553511"}],"version-history":[{"count":0,"href":"https:\/\/www.europesays.com\/fr\/wp-json\/wp\/v2\/posts\/553511\/revisions"}],"wp:featuredmedia":[{"embeddable":true,"href":"https:\/\/www.europesays.com\/fr\/wp-json\/wp\/v2\/media\/492263"}],"wp:attachment":[{"href":"https:\/\/www.europesays.com\/fr\/wp-json\/wp\/v2\/media?parent=553511"}],"wp:term":[{"taxonomy":"category","embeddable":true,"href":"https:\/\/www.europesays.com\/fr\/wp-json\/wp\/v2\/categories?post=553511"},{"taxonomy":"post_tag","embeddable":true,"href":"https:\/\/www.europesays.com\/fr\/wp-json\/wp\/v2\/tags?post=553511"}],"curies":[{"name":"wp","href":"https:\/\/api.w.org\/{rel}","templated":true}]}}