{"id":553517,"date":"2025-11-23T14:22:19","date_gmt":"2025-11-23T14:22:19","guid":{"rendered":"https:\/\/www.europesays.com\/fr\/553517\/"},"modified":"2025-11-23T14:22:19","modified_gmt":"2025-11-23T14:22:19","slug":"chaibi-co-meilleur-passeur-de-bundesliga-video","status":"publish","type":"post","link":"https:\/\/www.europesays.com\/fr\/553517\/","title":{"rendered":"Chaibi co-meilleur passeur de Bundesliga (vid\u00e9o)"},"content":{"rendered":"<p><strong\/><\/p>\n<p><strong>Absent lors du dernier regroupement de la s\u00e9lection,<br \/>\nFares Chaibi continue d&rsquo;am\u00e9liorer ses statistiques en Bundelsliga<br \/>\ncomme hier e d\u00e9placement \u00e0 Cologne.<\/strong><\/p>\n<p>Align\u00e9 dans un r\u00f4le plus offensif dans un 4-1-4-1, <strong>le<br \/>\nmilieu de terrain international Alg\u00e9rie<\/strong>n va se montrer<br \/>\ndangereux en attaque, d&rsquo;abord en <strong>offrant le but de<br \/>\nl&rsquo;\u00e9galisation \u00e0 Theate \u00e0 la 39e minute sur corner, devenant<br \/>\nco-meilleur passer de Bundesliga (6 passes) avec<br \/>\nOlise.<\/strong><\/p>\n<p>Par la suite il est impliqu\u00e9 dans l\u00a0\u00bbaction qui permet \u00e0<br \/>\nFrankfurt de prendre l&rsquo;avantage en fin de premi\u00e8re mi-temps.<br \/>\n<strong>Lanc\u00e9 par G\u00f6tze dans la surface, Chaibi bute sur le gardien<br \/>\nmais le ballon revient dans kes pieds de Dahoud qui<br \/>\nmarque.<\/strong><\/p>\n<p>En deuxi\u00e8me mi-temps Burkardt s&rsquo;offre un doubl\u00e9 avant que<br \/>\nCologne ne r\u00e9duise la marque mais <strong>l&rsquo;Eintracht s&rsquo;impose<br \/>\n4-3.<\/strong><\/p>\n<\/p>\n<p style=\"text-align: right;\">DZfoot<\/p>\n","protected":false},"excerpt":{"rendered":"Absent lors du dernier regroupement de la s\u00e9lection, Fares Chaibi continue d&rsquo;am\u00e9liorer ses statistiques en Bundelsliga comme hier&hellip;\n","protected":false},"author":2,"featured_media":553518,"comment_status":"","ping_status":"","sticky":false,"template":"","format":"standard","meta":{"footnotes":""},"categories":[1587],"tags":[11,672,1804,1805,1803,1777,674,1801,12,1802],"class_list":{"0":"post-553517","1":"post","2":"type-post","3":"status-publish","4":"format-standard","5":"has-post-thumbnail","7":"category-allemagne","8":"tag-actualites","9":"tag-allemagne","10":"tag-bundesrepublik-deutschland","11":"tag-de","12":"tag-deutschland","13":"tag-eu","14":"tag-europe","15":"tag-germany","16":"tag-news","17":"tag-republique-federale-dallemagne"},"share_on_mastodon":{"url":"https:\/\/pubeurope.com\/@fr\/115599464573375739","error":""},"_links":{"self":[{"href":"https:\/\/www.europesays.com\/fr\/wp-json\/wp\/v2\/posts\/553517","targetHints":{"allow":["GET"]}}],"collection":[{"href":"https:\/\/www.europesays.com\/fr\/wp-json\/wp\/v2\/posts"}],"about":[{"href":"https:\/\/www.europesays.com\/fr\/wp-json\/wp\/v2\/types\/post"}],"author":[{"embeddable":true,"href":"https:\/\/www.europesays.com\/fr\/wp-json\/wp\/v2\/users\/2"}],"replies":[{"embeddable":true,"href":"https:\/\/www.europesays.com\/fr\/wp-json\/wp\/v2\/comments?post=553517"}],"version-history":[{"count":0,"href":"https:\/\/www.europesays.com\/fr\/wp-json\/wp\/v2\/posts\/553517\/revisions"}],"wp:featuredmedia":[{"embeddable":true,"href":"https:\/\/www.europesays.com\/fr\/wp-json\/wp\/v2\/media\/553518"}],"wp:attachment":[{"href":"https:\/\/www.europesays.com\/fr\/wp-json\/wp\/v2\/media?parent=553517"}],"wp:term":[{"taxonomy":"category","embeddable":true,"href":"https:\/\/www.europesays.com\/fr\/wp-json\/wp\/v2\/categories?post=553517"},{"taxonomy":"post_tag","embeddable":true,"href":"https:\/\/www.europesays.com\/fr\/wp-json\/wp\/v2\/tags?post=553517"}],"curies":[{"name":"wp","href":"https:\/\/api.w.org\/{rel}","templated":true}]}}