{"id":553519,"date":"2025-11-23T14:23:16","date_gmt":"2025-11-23T14:23:16","guid":{"rendered":"https:\/\/www.europesays.com\/fr\/553519\/"},"modified":"2025-11-23T14:23:16","modified_gmt":"2025-11-23T14:23:16","slug":"christophe-hondelatte-quitte-la-radio-apres-9-ans-dantenne","status":"publish","type":"post","link":"https:\/\/www.europesays.com\/fr\/553519\/","title":{"rendered":"Christophe Hondelatte quitte la radio apr\u00e8s 9 ans d\u2019antenne"},"content":{"rendered":"<p>                                    <img decoding=\"async\" src=\"https:\/\/www.europesays.com\/fr\/wp-content\/uploads\/2025\/11\/fc8ef5ec1d0262dab0387672bf4ddec78f421ac3ba8ce1b1ffaf708c8766dfa2.jpg\" alt=\"Ce jeudi 20 novembre dans Gala N\u00b01693, d\u00e9couvrez le sommaire en vid\u00e9o\u00a0!\" class=\"a11y-hidden\" fetchpriority=\"high\"\/><\/p>\n<p class=\"fig-standfirst\">\n    Apr\u00e8s neuf ann\u00e9es pass\u00e9es au micro d\u2019Europe 1, Christophe Hondelatte s\u2019appr\u00eate \u00e0 quitter la radio tr\u00e8s prochainement, selon les informations du Parisien.<\/p>\n<p class=\"fig-paragraph\"><a href=\"http:\/\/www.gala.fr\/l_actu\/news_de_stars\/thomas-isle-europe-1-plante-en-direct-par-marine-lorphelin-il-doit-improviser-20250923\" data-fig-type=\"Article\" data-gtm-custom-categorie=\"navigation\" data-gtm-custom-action=\"crossclick\" data-gtm-custom-label=\"Contextuel\" data-gtm-event=\"customEventSPE\" data-fig-domain=\"GALA\" rel=\"nofollow noopener\" target=\"_blank\">Coup dur pour Europe 1<\/a>. \u00c0 62 ans, Christophe Hondelatte va quitter la radio Europe 1 apr\u00e8s neuf ann\u00e9es de bons et loyaux services. Selon les informations du\u00a0<a href=\"https:\/\/www.leparisien.fr\/culture-loisirs\/tv\/europe-1-christophe-hondelatte-claque-la-porte-et-lance-son-propre-podcast-23-11-2025-XV6LZOQMWBFLRJS2QG5UHF6JHM.php\" target=\"_blank\" rel=\"sponsored noopener nofollow\" data-gtm-custom-categorie=\"navigation\" data-gtm-custom-action=\"crossclick\" data-gtm-custom-label=\"Contextuel\" data-gtm-event=\"customEventSPE\">Parisien<\/a>, le journaliste quittera son poste le 31 d\u00e9cembre prochain. Selon nos confr\u00e8res, cela faisait d\u00e9j\u00e0 plusieurs mois que les relations entre\u00a0<a href=\"https:\/\/www.gala.fr\/l_actu\/news_de_stars\/et-savez-vous-dou-je-tiens-cette-morale-christophe-hondelatte-sen-prend-sans-menagement-a-lea-salame_513274\" data-fig-type=\"Article\" data-gtm-custom-categorie=\"navigation\" data-gtm-custom-action=\"crossclick\" data-gtm-custom-label=\"Contextuel\" data-gtm-event=\"customEventSPE\" data-fig-domain=\"GALA\" rel=\"nofollow noopener\" target=\"_blank\">l\u2019animateur de Faites entrer l\u2019accus\u00e9<\/a> \u00a0et la direction de la cha\u00eene, avec qui il a sign\u00e9 un accord \u00e0 l\u2019amiable, s\u2019\u00e9taient tendues. Celui qui a \u00e9galement sorti un album en 2011\u00a0<a href=\"http:\/\/www.gala.fr\/l_actu\/news_de_stars\/christophe-hondelatte-arrete-son-emission-a-succes-sur-europe-1-je-n-eprouve-jamais-aucun-regret-20250823\" data-fig-type=\"Article\" data-gtm-custom-categorie=\"navigation\" data-gtm-custom-action=\"crossclick\" data-gtm-custom-label=\"Contextuel\" data-gtm-event=\"customEventSPE\" data-fig-domain=\"GALA\" rel=\"nofollow noopener\" target=\"_blank\">ne passait d\u00e9j\u00e0 plus beaucoup \u00e0 la radio<\/a>\u00a0depuis le mois d\u2019ao\u00fbt, sa voix \u00e9tant principalement en ligne. Son podcast est d\u2019ailleurs le troisi\u00e8me le plus \u00e9cout\u00e9 de France apr\u00e8s celui des Grosses t\u00eates de RTL et L\u2019After Foot de RMC.<\/p>\n<p class=\"fig-paragraph\">\u00abAujourd\u2019hui, \u00e7a me pla\u00eet beaucoup plus de faire du podcast que de la radio. Il n\u2019y a pas de contraintes horaires et je touche un autre public, beaucoup plus jeune. Le podcast offre beaucoup de libert\u00e9. Il n\u2019y a pas de format. \u00c0 la radio, vous devez respecter le conducteur, la dur\u00e9e\u2026 Par exemple, je devais \u00eatre tous les jours entre 31 et 32 minutes. Maintenant, je n\u2019aurai plus ces limites\u00bb, avait-il confi\u00e9 au Parisien.\u00a0<a href=\"http:\/\/www.gala.fr\/l_actu\/news_de_stars\/clap-de-fin-pour-julia-vignali-la-larme-a-l-oeil-sur-europe-1-mais-les-affaires-continuent-20250707\" data-fig-type=\"Article\" data-gtm-custom-categorie=\"navigation\" data-gtm-custom-action=\"crossclick\" data-gtm-custom-label=\"Contextuel\" data-gtm-event=\"customEventSPE\" data-fig-domain=\"GALA\" rel=\"nofollow noopener\" target=\"_blank\">Lorsqu\u2019il aura quitt\u00e9 Europe 1<\/a>, qu\u2019il avait rejointe en 2016, \u00e0 la demande de Denis Olivennes, Christophe Hondelatte va donc pouvoir se consacrer \u00e0 ce qu\u2019il pr\u00e9f\u00e8re d\u00e9sormais\u00a0: le podcast.<\/p>\n<p>    <a href=\"#slideshow-header\"><\/p>\n<p class=\"fig-slideshow__title\">\n                    Mercato t\u00e9l\u00e9 et radio\u00a0: Anne-Sophie Lapix, Benjamin Duhamel\u2026 Qui va o\u00f9 \u00e0 la rentr\u00e9e\u00a0?\n                <\/p>\n<p>    <\/a><\/p>\n<p>                                    <a class=\"fig-a11y-skip a11y-hidden\" href=\"#fig-a11y-skip-main-inarticle\"><br \/>\n        Passer la publicit\u00e9<br \/>\n    <\/a><\/p>\n<p>Christophe Hondelatte\u00a0: une nouvelle \u00e9tape dans sa carri\u00e8re<\/p>\n<p class=\"fig-paragraph\">Toujours selon les informations du Parisien, d\u00e8s le d\u00e9but de 2026, Christophe Hondelatte va se lancer en solo. En effet, le journaliste a pour but de cr\u00e9er un nouveau podcast, con\u00e7u et mis en ligne par ses propres moyens. Nomm\u00e9 100 % Hondelatte, l\u2019animateur \u00e9voquera des histoires de crimes in\u00e9dits. Un nouvel \u00e9pisode sera disponible chaque semaine. Un nouveau chapitre que Christophe Hondelatte a h\u00e2te de commencer. Le mardi 20 janvier 2026,\u00a0<a href=\"https:\/\/www.gala.fr\/l_actu\/news_de_stars\/christophe-hondelatte-il-tire-a-boulets-rouges-sur-son-successeur-dans-faites-entrer-laccuse-un-homme-tronc_516467\" data-fig-type=\"Article\" data-gtm-custom-categorie=\"navigation\" data-gtm-custom-action=\"crossclick\" data-gtm-custom-label=\"Contextuel\" data-gtm-event=\"customEventSPE\" data-fig-domain=\"GALA\" rel=\"nofollow noopener\" target=\"_blank\">l\u2019animateur de Hondelatte raconte<\/a> \u00a0sera \u00e9galement sur sc\u00e8ne au Th\u00e9\u00e2tre Libre, \u00e0 Paris, pour raconter des histoires criminelles en public. Une nouvelle exp\u00e9rience pour Christophe Hondelatte qui n\u2019a encore jamais fait de sc\u00e8ne.<\/p>\n<p class=\"fig-paragraph\">Article \u00e9crit en collaboration avec 6Medias.<\/p>\n","protected":false},"excerpt":{"rendered":"Apr\u00e8s neuf ann\u00e9es pass\u00e9es au micro d\u2019Europe 1, Christophe Hondelatte s\u2019appr\u00eate \u00e0 quitter la radio tr\u00e8s prochainement, selon&hellip;\n","protected":false},"author":2,"featured_media":553520,"comment_status":"","ping_status":"","sticky":false,"template":"","format":"standard","meta":{"footnotes":""},"categories":[1586],"tags":[11,9827,1282,47345,1777,674,1473,1011,27,2957,12,1825,25],"class_list":{"0":"post-553519","1":"post","2":"type-post","3":"status-publish","4":"format-standard","5":"has-post-thumbnail","7":"category-europe","8":"tag-actualites","9":"tag-animateur","10":"tag-carriere","11":"tag-christophe-hondelatte","12":"tag-eu","13":"tag-europe","14":"tag-europe-1","15":"tag-fr","16":"tag-france","17":"tag-journaliste","18":"tag-news","19":"tag-radio","20":"tag-republique-francaise"},"share_on_mastodon":{"url":"https:\/\/pubeurope.com\/@fr\/115599469132459788","error":""},"_links":{"self":[{"href":"https:\/\/www.europesays.com\/fr\/wp-json\/wp\/v2\/posts\/553519","targetHints":{"allow":["GET"]}}],"collection":[{"href":"https:\/\/www.europesays.com\/fr\/wp-json\/wp\/v2\/posts"}],"about":[{"href":"https:\/\/www.europesays.com\/fr\/wp-json\/wp\/v2\/types\/post"}],"author":[{"embeddable":true,"href":"https:\/\/www.europesays.com\/fr\/wp-json\/wp\/v2\/users\/2"}],"replies":[{"embeddable":true,"href":"https:\/\/www.europesays.com\/fr\/wp-json\/wp\/v2\/comments?post=553519"}],"version-history":[{"count":0,"href":"https:\/\/www.europesays.com\/fr\/wp-json\/wp\/v2\/posts\/553519\/revisions"}],"wp:featuredmedia":[{"embeddable":true,"href":"https:\/\/www.europesays.com\/fr\/wp-json\/wp\/v2\/media\/553520"}],"wp:attachment":[{"href":"https:\/\/www.europesays.com\/fr\/wp-json\/wp\/v2\/media?parent=553519"}],"wp:term":[{"taxonomy":"category","embeddable":true,"href":"https:\/\/www.europesays.com\/fr\/wp-json\/wp\/v2\/categories?post=553519"},{"taxonomy":"post_tag","embeddable":true,"href":"https:\/\/www.europesays.com\/fr\/wp-json\/wp\/v2\/tags?post=553519"}],"curies":[{"name":"wp","href":"https:\/\/api.w.org\/{rel}","templated":true}]}}