{"id":553521,"date":"2025-11-23T14:24:16","date_gmt":"2025-11-23T14:24:16","guid":{"rendered":"https:\/\/www.europesays.com\/fr\/553521\/"},"modified":"2025-11-23T14:24:16","modified_gmt":"2025-11-23T14:24:16","slug":"lue-se-prepare-a-selargir-avec-une-nouvelle-strategie-pour-les-pays-candidats-business-am","status":"publish","type":"post","link":"https:\/\/www.europesays.com\/fr\/553521\/","title":{"rendered":"L&rsquo;UE se pr\u00e9pare \u00e0 s&rsquo;\u00e9largir avec une nouvelle strat\u00e9gie pour les pays candidats &#8211; Business AM"},"content":{"rendered":"<p>                    <img decoding=\"async\" style=\"aspect-ratio:16\/9\" src=\"https:\/\/www.europesays.com\/fr\/wp-content\/uploads\/2025\/11\/GettyImages-1241453280-1656049941.jpg\" width=\"100%\" loading=\"eager\"\/><\/p>\n<p>                            <a href=\"https:\/\/fr.businessam.be\/author\/redactie\/\" class=\"author-thumbnail\" style=\"border: 2px inset #00000099;\" target=\"_blank\" rel=\"noopener\"><img loading=\"lazy\" decoding=\"async\" src=\"https:\/\/www.europesays.com\/fr\/wp-content\/uploads\/2025\/11\/1763907856_57_cropped-favicon-192x192.png\" width=\"80\" height=\"80\" alt=\"Business AM\"\/><\/a>\ue05bpar <a href=\"https:\/\/fr.businessam.be\/author\/redactie\/\" target=\"_blank\" rel=\"noopener\">Business AM<\/a><br \/>\ue010publi\u00e9 le dimanche 23 novembre 2025 \u00e0 15:03 \u2022 <br \/>\ue00c3 min de lecture<\/p>\n<p>Principaux renseignements<\/p>\n<ul class=\"wp-block-list\">\n<li><strong>La strat\u00e9gie d\u2019\u00e9largissement de l\u2019UE donne la priorit\u00e9 \u00e0 la coop\u00e9ration r\u00e9gionale et \u00e0 la r\u00e9conciliation des pays candidats.<\/strong><\/li>\n<li><strong>Une approche fond\u00e9e sur le m\u00e9rite permet de suspendre les n\u00e9gociations en cas de stagnation des progr\u00e8s d\u00e9mocratiques.<\/strong><\/li>\n<li><strong>L\u2019int\u00e9gration des pays candidats dans les projets actuels et futurs de l\u2019UE renforce la s\u00e9curit\u00e9 de l\u2019Europe et favorise le resserrement des liens.<\/strong><\/li>\n<\/ul>\n<p>Le projet de rapport sur la strat\u00e9gie d\u2019\u00e9largissement de l\u2019UE met en avant plusieurs principes cl\u00e9s pour les pays candidats. Selon ce document, la coop\u00e9ration r\u00e9gionale et la r\u00e9conciliation sont essentielles \u00e0 une int\u00e9gration r\u00e9ussie dans l\u2019Union europ\u00e9enne.<\/p>\n<p>M\u00e9canisme de suivi fond\u00e9 sur le m\u00e9rite<\/p>\n<p>Le rapport pr\u00e9conise une approche fond\u00e9e sur le m\u00e9rite. Les n\u00e9gociations peuvent \u00eatre suspendues si les progr\u00e8s d\u00e9mocratiques stagnent. Elles ne reprennent que lorsque des am\u00e9liorations significatives ont \u00e9t\u00e9 r\u00e9alis\u00e9es. Cette approche vise \u00e0 pr\u00e9server l\u2019int\u00e9grit\u00e9 et la cr\u00e9dibilit\u00e9 du processus d\u2019adh\u00e9sion. <\/p>\n<p>Pour surveiller les pays candidats qui reculent sur le plan des valeurs fondamentales, le projet propose d\u2019\u00e9tablir un groupe de suivi sp\u00e9cialis\u00e9 au sein de la Commission europ\u00e9enne.<\/p>\n<p>Le rapport pr\u00e9conise des calendriers d\u2019adh\u00e9sion clairs et pr\u00e9visibles, en particulier pour les pays qui r\u00e9alisent des progr\u00e8s significatifs. L\u2019UE doit poursuivre l\u2019\u00e9largissement d\u00e8s que toutes les conditions sont remplies, afin de pr\u00e9server son dynamisme et sa cr\u00e9dibilit\u00e9. Le document reconna\u00eet \u00e9galement l\u2019importance de l\u2019aide financi\u00e8re de pr\u00e9adh\u00e9sion et met en avant des m\u00e9canismes visant \u00e0 soutenir des pays tels que les Balkans occidentaux, l\u2019Ukraine et <a href=\"https:\/\/fr.businessam.be\/lavenir-de-la-moldavie-dans-lue-menace-par-partis-dopposition-pro-russes\/\" target=\"_blank\" rel=\"noopener\">la Moldavie<\/a>.<\/p>\n<p>Int\u00e9gration dans les projets de l\u2019UE<\/p>\n<p>Enfin, le document souligne l\u2019importance de l\u2019int\u00e9gration des pays candidats dans les projets existants et futurs de l\u2019UE en mati\u00e8re de connectivit\u00e9, de transport, d\u2019infrastructure \u00e9nerg\u00e9tique et de mobilit\u00e9 militaire. Une telle int\u00e9gration est consid\u00e9r\u00e9e comme un moyen de renforcer la s\u00e9curit\u00e9 de l\u2019Europe dans un paysage g\u00e9opolitique complexe, tout en resserrant les liens entre l\u2019UE et ses membres potentiels.<\/p>\n<p>Le document insiste sur le strict respect de l\u2019\u00c9tat de droit dans tous les financements de l\u2019UE. Cela permettra de pr\u00e9server les int\u00e9r\u00eats financiers tant de l\u2019UE que de ses partenaires. (fc)<\/p>\n<p><a href=\"https:\/\/news.google.com\/publications\/CAowtseUCw?hl=fr&amp;gl=BE&amp;ceid=BE%3Afr\" target=\"_blank\" rel=\"noopener\">Suivez \u00e9galement Business AM sur Google Actualit\u00e9s<\/a><\/p>\n<p><a href=\"https:\/\/portalfr.businessam.be\/plans\/business-am-fr-offre-dete\/\" target=\"_blank\" rel=\"noopener\">Si vous souhaitez acc\u00e9der \u00e0 tous les articles, abonnez-vous ici!<\/a><\/p>\n","protected":false},"excerpt":{"rendered":"\ue05bpar Business AM\ue010publi\u00e9 le dimanche 23 novembre 2025 \u00e0 15:03 \u2022 \ue00c3 min de lecture Principaux renseignements La&hellip;\n","protected":false},"author":2,"featured_media":553522,"comment_status":"","ping_status":"","sticky":false,"template":"","format":"standard","meta":{"footnotes":""},"categories":[1586],"tags":[11,1777,674,1779,1011,27,11095,12,25,1778,220,364],"class_list":{"0":"post-553521","1":"post","2":"type-post","3":"status-publish","4":"format-standard","5":"has-post-thumbnail","7":"category-europe","8":"tag-actualites","9":"tag-eu","10":"tag-europe","11":"tag-european-union","12":"tag-fr","13":"tag-france","14":"tag-moldavie","15":"tag-news","16":"tag-republique-francaise","17":"tag-ue","18":"tag-ukraine","19":"tag-union-europeenne"},"share_on_mastodon":{"url":"https:\/\/pubeurope.com\/@fr\/115599473058486966","error":""},"_links":{"self":[{"href":"https:\/\/www.europesays.com\/fr\/wp-json\/wp\/v2\/posts\/553521","targetHints":{"allow":["GET"]}}],"collection":[{"href":"https:\/\/www.europesays.com\/fr\/wp-json\/wp\/v2\/posts"}],"about":[{"href":"https:\/\/www.europesays.com\/fr\/wp-json\/wp\/v2\/types\/post"}],"author":[{"embeddable":true,"href":"https:\/\/www.europesays.com\/fr\/wp-json\/wp\/v2\/users\/2"}],"replies":[{"embeddable":true,"href":"https:\/\/www.europesays.com\/fr\/wp-json\/wp\/v2\/comments?post=553521"}],"version-history":[{"count":0,"href":"https:\/\/www.europesays.com\/fr\/wp-json\/wp\/v2\/posts\/553521\/revisions"}],"wp:featuredmedia":[{"embeddable":true,"href":"https:\/\/www.europesays.com\/fr\/wp-json\/wp\/v2\/media\/553522"}],"wp:attachment":[{"href":"https:\/\/www.europesays.com\/fr\/wp-json\/wp\/v2\/media?parent=553521"}],"wp:term":[{"taxonomy":"category","embeddable":true,"href":"https:\/\/www.europesays.com\/fr\/wp-json\/wp\/v2\/categories?post=553521"},{"taxonomy":"post_tag","embeddable":true,"href":"https:\/\/www.europesays.com\/fr\/wp-json\/wp\/v2\/tags?post=553521"}],"curies":[{"name":"wp","href":"https:\/\/api.w.org\/{rel}","templated":true}]}}