{"id":553523,"date":"2025-11-23T14:25:13","date_gmt":"2025-11-23T14:25:13","guid":{"rendered":"https:\/\/www.europesays.com\/fr\/553523\/"},"modified":"2025-11-23T14:25:13","modified_gmt":"2025-11-23T14:25:13","slug":"gard-deux-adolescents-de-15-ans-meurent-fauches-par-une-voiture-le-pere-dune-des-victimes-percute-peu-apres","status":"publish","type":"post","link":"https:\/\/www.europesays.com\/fr\/553523\/","title":{"rendered":"Gard : deux adolescents de 15\u00a0ans meurent fauch\u00e9s par une voiture, le p\u00e8re d\u2019une des victimes percut\u00e9 peu apr\u00e8s"},"content":{"rendered":"<p class=\"paragraph text_align_left lp-f-body-02\">Le drame \u00e0 la nuit tomb\u00e9e. Samedi, en fin d\u2019apr\u00e8s-midi, deux pi\u00e9tons ont \u00e9t\u00e9 mortellement percut\u00e9s par une voiture dans le <a href=\"https:\/\/www.leparisien.fr\/gard-30\/\" target=\"_self\" rel=\"nofollow noopener\">Gard<\/a>. D\u2019apr\u00e8s les pompiers et les gendarmes du d\u00e9partement, ces deux adolescents \u00e2g\u00e9s de 15 ans circulaient \u00e0 pied aux abords d\u2019un restaurant de Saint-Br\u00e8s, sur la RD 904.<\/p>\n<p class=\"paragraph text_align_left lp-f-body-02\">Toujours selon ces m\u00eames sources, les deux pi\u00e9tons ont \u00e9t\u00e9 fauch\u00e9s par un 4 x 4 vers 18h40 et sont d\u00e9c\u00e9d\u00e9s sur place. Apr\u00e8s quoi le p\u00e8re d\u2019une des victimes, qui s\u2019est rendu sur les lieux, a lui aussi \u00e9t\u00e9 percut\u00e9 par un autre v\u00e9hicule.<\/p>\n<p>Un drame en deux temps<\/p>\n<p class=\"paragraph text_align_left lp-f-body-02\">\u00c2g\u00e9 de 50 ans et \u00ab polytraumatis\u00e9 \u00bb, il a \u00e9t\u00e9 transf\u00e9r\u00e9 au centre hospitalier d\u2019Al\u00e8s sans pronostic vital engag\u00e9, indiquent les pompiers du Gard. Trois autres personnes ont \u00e9galement \u00e9t\u00e9 transport\u00e9es pour examens. La brigade de gendarmerie de Saint-Ambroix est en charge de l\u2019enqu\u00eate pour d\u00e9terminer les circonstances de l\u2019accident.<\/p>\n<p class=\"paragraph text_align_left lp-f-body-02\">Selon le maire de la commune Jean-Pierre Charpentier, joint par <a href=\"https:\/\/www.francebleu.fr\/infos\/faits-divers-justice\/deux-pietons-d-une-quinzaine-d-annees-mortellement-fauches-en-bord-de-route-a-saint-bres-dans-le-nord-du-gard-2940029\" target=\"_self\" rel=\"nofollow noopener\">Ici Gard Loz\u00e8re<\/a>, les deux adolescents sont originaires de Saint-Ambroix et \u00e9taient pr\u00e9sents sur la commune pour f\u00eater un anniversaire avec leur famille. L\u2019\u00e9lu parle d\u2019un \u00ab traumatisme pour la commune \u00bb.<\/p>\n<p class=\"paragraph text_align_left lp-f-body-02\">\u00ab On a du mal \u00e0 r\u00e9aliser qu\u2019une trag\u00e9die de ce niveau-l\u00e0 puisse se passer alors que c\u2019\u00e9tait une rencontre festive et familiale. Bien entendu, je m\u2019associe aux familles qui sont endeuill\u00e9es, c\u2019est un terrible drame \u00bb, confie-t-il \u00e0 la radio locale.<\/p>\n","protected":false},"excerpt":{"rendered":"Le drame \u00e0 la nuit tomb\u00e9e. Samedi, en fin d\u2019apr\u00e8s-midi, deux pi\u00e9tons ont \u00e9t\u00e9 mortellement percut\u00e9s par une&hellip;\n","protected":false},"author":2,"featured_media":141692,"comment_status":"","ping_status":"","sticky":false,"template":"","format":"standard","meta":{"footnotes":""},"categories":[2],"tags":[11,459,118,1011,27,67058,12,25],"class_list":{"0":"post-553523","1":"post","2":"type-post","3":"status-publish","4":"format-standard","5":"has-post-thumbnail","7":"category-actualites","8":"tag-actualites","9":"tag-departements-horsidfo","10":"tag-faits-divers","11":"tag-fr","12":"tag-france","13":"tag-gard-30","14":"tag-news","15":"tag-republique-francaise"},"share_on_mastodon":{"url":"https:\/\/pubeurope.com\/@fr\/115599476313930391","error":""},"_links":{"self":[{"href":"https:\/\/www.europesays.com\/fr\/wp-json\/wp\/v2\/posts\/553523","targetHints":{"allow":["GET"]}}],"collection":[{"href":"https:\/\/www.europesays.com\/fr\/wp-json\/wp\/v2\/posts"}],"about":[{"href":"https:\/\/www.europesays.com\/fr\/wp-json\/wp\/v2\/types\/post"}],"author":[{"embeddable":true,"href":"https:\/\/www.europesays.com\/fr\/wp-json\/wp\/v2\/users\/2"}],"replies":[{"embeddable":true,"href":"https:\/\/www.europesays.com\/fr\/wp-json\/wp\/v2\/comments?post=553523"}],"version-history":[{"count":0,"href":"https:\/\/www.europesays.com\/fr\/wp-json\/wp\/v2\/posts\/553523\/revisions"}],"wp:featuredmedia":[{"embeddable":true,"href":"https:\/\/www.europesays.com\/fr\/wp-json\/wp\/v2\/media\/141692"}],"wp:attachment":[{"href":"https:\/\/www.europesays.com\/fr\/wp-json\/wp\/v2\/media?parent=553523"}],"wp:term":[{"taxonomy":"category","embeddable":true,"href":"https:\/\/www.europesays.com\/fr\/wp-json\/wp\/v2\/categories?post=553523"},{"taxonomy":"post_tag","embeddable":true,"href":"https:\/\/www.europesays.com\/fr\/wp-json\/wp\/v2\/tags?post=553523"}],"curies":[{"name":"wp","href":"https:\/\/api.w.org\/{rel}","templated":true}]}}