{"id":553524,"date":"2025-11-23T14:26:13","date_gmt":"2025-11-23T14:26:13","guid":{"rendered":"https:\/\/www.europesays.com\/fr\/553524\/"},"modified":"2025-11-23T14:26:13","modified_gmt":"2025-11-23T14:26:13","slug":"cinq-jours-decole-2-zones-de-vacances-sur-les-rythmes-scolaires-les-20-propositions-de-la-convention-citoyenne","status":"publish","type":"post","link":"https:\/\/www.europesays.com\/fr\/553524\/","title":{"rendered":"Cinq jours d&rsquo;\u00e9cole, 2 zones de vacances&#8230; sur les rythmes scolaires, les 20 propositions de la Convention citoyenne"},"content":{"rendered":"<p>Cinq jours d&rsquo;\u00e9cole \u00ab\u00a0pleins\u00a0\u00bb par semaine et ce d\u00e8s l&rsquo;\u00e9cole \u00e9l\u00e9mentaire, autant de vacances scolaires qu&rsquo;aujourd&rsquo;hui mais avec seulement deux zones : la Convention citoyenne pr\u00e9sente dimanche ses propositions pour revoir l&rsquo;organisation des <a href=\"https:\/\/www.laprovence.com\/article\/societe\/1752371874012714\/rythmes-scolaires-4-jours-pleins-cest-deja-largement-suffisant-a-marseille-les-parents-deleves-reagissent\" target=\"_blank\" rel=\"noopener\">rythmes scolaires<\/a> afin de mieux r\u00e9pondre aux besoins des enfants. Les quelque 130 citoyens r\u00e9unis r\u00e9guli\u00e8rement depuis juin au Conseil \u00e9conomique, social et environnemental (Cese) doivent formellement adopter dimanche, lors d&rsquo;une ultime s\u00e9ance, les vingt propositions contenues dans leur rapport finalis\u00e9 samedi, obtenu par l&rsquo;AFP.\u00a0<\/p>\n<p>Lors de sept sessions, cette Convention citoyenne sur les temps de l&rsquo;enfant, construite sur le mod\u00e8le de celles ayant eu lieu pour le climat (2019-20) et la fin de vie (2022-23), devait r\u00e9pondre \u00e0 la question pos\u00e9e par Fran\u00e7ois Bayrou alors Premier ministre: \u00ab\u00a0Comment mieux structurer les diff\u00e9rents temps de la vie quotidienne des enfants afin qu&rsquo;ils soient plus favorables \u00e0 leurs apprentissages, \u00e0 leur d\u00e9veloppement et \u00e0 leur sant\u00e9 ?\u00a0\u00bb.\u00a0<\/p>\n<p>Le premier constat de ces 133 femmes et hommes \u00e2g\u00e9s de 19 \u00e0 83 ans, s\u00e9lectionn\u00e9s pour refl\u00e9ter la diversit\u00e9 de la population (milieu urbain, rural, r\u00e9gions, etc) puis tir\u00e9s au sort, est qu'\u00a0\u00bbaujourd&rsquo;hui, l&rsquo;organisation des temps n&rsquo;est pas construite pour les enfants, mais en fonction des contraintes professionnelles, des parents et des besoins \u00e9conomiques\u00a0\u00bb, selon Kenza Occansey, vice-pr\u00e9sident du Cese et organisateur de la convention. Les \u00ab\u00a0rythmes scolaires sont inadapt\u00e9s aux rythmes biologiques des enfants\u00a0\u00bb, constate ainsi leur rapport final soumis \u00e0 adoption.<\/p>\n<p>Regrouper les vacances de f\u00e9vrier et de P\u00e2ques sur deux zones au lieu de trois actuellement<\/p>\n<p>Un tiers des citoyens souhaitaient raccourcir les vacances, pour all\u00e9ger les journ\u00e9es de classe. Mais la majorit\u00e9 a opt\u00e9 pour le maintien des seize semaines actuelles (huit l&rsquo;\u00e9t\u00e9 et huit en petites vacances). Recommandation qui devrait faire r\u00e9agir, notamment les professionnels du tourisme : les citoyens pr\u00e9conisent toutefois de regrouper les vacances de f\u00e9vrier et de P\u00e2ques sur deux zones au lieu de trois actuellement, avec une semaine commune pour \u00ab\u00a0permettre \u00e0 tout le territoire d\u2019avoir des vacances en commun en particulier les enfants de familles s\u00e9par\u00e9es habitant des zones diff\u00e9rentes\u00a0\u00bb.\u00a0<\/p>\n<p>Cette organisation se rapprocherait d&rsquo;une \u00ab\u00a0alternance de sept semaines de cours, deux semaines de vacances\u00a0\u00bb, \u00ab\u00a0pr\u00e9conis\u00e9e par les chronobiologistes\u00a0\u00bb, note le rapport. En lan\u00e7ant la convention en mai, le pr\u00e9sident Emmanuel Macron soulignait pourtant que \u00ab\u00a0la France a des vacances plus longues que beaucoup de pays\u00a0\u00bb. Pour all\u00e9ger les journ\u00e9es, les citoyens pr\u00e9conisent une semaine sur \u00ab\u00a0cinq jours pleins obligatoires\u00a0\u00bb d\u00e8s l&rsquo;\u00e9cole \u00e9l\u00e9mentaire, pour mieux \u00e9taler les apprentissages. Au nom du \u00ab\u00a0bien \u00eatre\u00a0\u00bb des enfants, mais aussi en raison d&rsquo;implications \u00ab\u00a0positives\u00a0\u00bb pour \u00ab\u00a0la majorit\u00e9 des parents\u00a0\u00bb.\u00a0<\/p>\n<p>Le sujet est sensible: la r\u00e9forme de 2013-2014, qui avait relev\u00e9 la semaine de quatre jours \u00e0 quatre jours et demi, fut abandonn\u00e9e d\u00e8s 2017 dans la plupart des \u00e9coles. Aujourd&rsquo;hui 90% des communes fonctionnent sur quatre jours. Condenser les cours sur quatre jours \u00ab\u00a0entra\u00eene des journ\u00e9es trop denses, des irr\u00e9gularit\u00e9s dans les heures de coucher et de lever qui ont des incidences majeures sur les capacit\u00e9s d\u2019attention et la fatigue des enfants\u00a0\u00bb, soulignent les citoyens.<\/p>\n<p>Au coll\u00e8ge et lyc\u00e9e, les cours ne devraient pas commencer avant 09h et \u00eatre limit\u00e9s \u00e0 45 minutes<\/p>\n<p>Ils se sont inspir\u00e9s des travaux \u00e0 l&rsquo;automne d&rsquo;un panel de vingt adolescents (12-17 ans), dont ils ont retenu l&rsquo;id\u00e9e de consacrer les matin\u00e9es aux cours th\u00e9oriques et les apr\u00e8s-midis aux enseignements plus pratiques. Puis, \u00e0 partir de 15h30, place aux activit\u00e9s extrascolaires, artistiques, sportives. Et des devoirs all\u00e9g\u00e9s.\u00a0 Au coll\u00e8ge et lyc\u00e9e, les cours ne devraient pas commencer avant 09h00 et \u00eatre limit\u00e9s \u00e0 45 minutes, pr\u00e9conisent le rapport. \u00ab\u00a0Le constat des citoyens, c&rsquo;est qu&rsquo;il n&rsquo;y a pas assez de temps libre de qualit\u00e9 dans la vie des enfants. L&rsquo;un d&rsquo;eux disait &lsquo;On leur impose un rythme de cadre'\u00a0\u00bb, explique M. Occansey.<\/p>\n<p>Les citoyens se sont plus concentr\u00e9s sur les rythmes scolaires que sur le temps pass\u00e9 hors \u00e9cole, mais ont relev\u00e9 que le temps libre est d\u00e9vor\u00e9 par les \u00e9crans (5 heures par jour entre 11 et 19 ans). Ils se prononcent pour l&rsquo;interdiction des r\u00e9seaux aux moins de 15 ans, comme pour celle des t\u00e9l\u00e9phones portables jusqu&rsquo;au coll\u00e8ge. Reste \u00e0 savoir quelle suite peut avoir ce rapport, alors que le gouvernement a chang\u00e9. Il doit \u00eatre prochainement remis \u00e0 l&rsquo;ex\u00e9cutif, puis pr\u00e9sent\u00e9 aux parlementaires en janvier et aux \u00e9lus locaux pour alimenter les d\u00e9bats aux \u00e9lections municipales de mars.<\/p>\n","protected":false},"excerpt":{"rendered":"Cinq jours d&rsquo;\u00e9cole \u00ab\u00a0pleins\u00a0\u00bb par semaine et ce d\u00e8s l&rsquo;\u00e9cole \u00e9l\u00e9mentaire, autant de vacances scolaires qu&rsquo;aujourd&rsquo;hui mais avec&hellip;\n","protected":false},"author":2,"featured_media":553525,"comment_status":"","ping_status":"","sticky":false,"template":"","format":"standard","meta":{"footnotes":""},"categories":[2],"tags":[17,11,3216,45226,1011,27,7285,151,12,25,104,3356,2528,6249],"class_list":{"0":"post-553524","1":"post","2":"type-post","3":"status-publish","4":"format-standard","5":"has-post-thumbnail","7":"category-actualites","8":"tag-17","9":"tag-actualites","10":"tag-cinq","11":"tag-decole","12":"tag-fr","13":"tag-france","14":"tag-jours","15":"tag-les","16":"tag-news","17":"tag-republique-francaise","18":"tag-societe","19":"tag-sur","20":"tag-vacances","21":"tag-zones"},"share_on_mastodon":{"url":"https:\/\/pubeurope.com\/@fr\/115599480284376591","error":""},"_links":{"self":[{"href":"https:\/\/www.europesays.com\/fr\/wp-json\/wp\/v2\/posts\/553524","targetHints":{"allow":["GET"]}}],"collection":[{"href":"https:\/\/www.europesays.com\/fr\/wp-json\/wp\/v2\/posts"}],"about":[{"href":"https:\/\/www.europesays.com\/fr\/wp-json\/wp\/v2\/types\/post"}],"author":[{"embeddable":true,"href":"https:\/\/www.europesays.com\/fr\/wp-json\/wp\/v2\/users\/2"}],"replies":[{"embeddable":true,"href":"https:\/\/www.europesays.com\/fr\/wp-json\/wp\/v2\/comments?post=553524"}],"version-history":[{"count":0,"href":"https:\/\/www.europesays.com\/fr\/wp-json\/wp\/v2\/posts\/553524\/revisions"}],"wp:featuredmedia":[{"embeddable":true,"href":"https:\/\/www.europesays.com\/fr\/wp-json\/wp\/v2\/media\/553525"}],"wp:attachment":[{"href":"https:\/\/www.europesays.com\/fr\/wp-json\/wp\/v2\/media?parent=553524"}],"wp:term":[{"taxonomy":"category","embeddable":true,"href":"https:\/\/www.europesays.com\/fr\/wp-json\/wp\/v2\/categories?post=553524"},{"taxonomy":"post_tag","embeddable":true,"href":"https:\/\/www.europesays.com\/fr\/wp-json\/wp\/v2\/tags?post=553524"}],"curies":[{"name":"wp","href":"https:\/\/api.w.org\/{rel}","templated":true}]}}