{"id":553526,"date":"2025-11-23T14:27:21","date_gmt":"2025-11-23T14:27:21","guid":{"rendered":"https:\/\/www.europesays.com\/fr\/553526\/"},"modified":"2025-11-23T14:27:21","modified_gmt":"2025-11-23T14:27:21","slug":"la-fragilite-politique-et-budgetaire-de-la-france-fait-peser-une-insecurite-sur-leurope-selon-francois-hollande","status":"publish","type":"post","link":"https:\/\/www.europesays.com\/fr\/553526\/","title":{"rendered":"La fragilit\u00e9 politique et budg\u00e9taire de la France fait peser une \u00ab\u00a0ins\u00e9curit\u00e9\u00a0\u00bb sur l\u2019Europe, selon Fran\u00e7ois Hollande"},"content":{"rendered":"<p>    Sur le m\u00eame sujet<\/p>\n<p>                        <a href=\"https:\/\/www.sudouest.fr\/politique\/francois-hollande-l-elysee-et-la-vie-d-apres-26821963.php\" title=\"Fran\u00e7ois Hollande, l\u2019\u00c9lys\u00e9e et la vie d\u2019apr\u00e8s\" rel=\"nofollow noopener\" target=\"_blank\"><br \/>\n                            <img decoding=\"async\" src=\"https:\/\/www.europesays.com\/fr\/wp-content\/uploads\/2025\/11\/20251122203041-lt5877.jpg\" alt=\"Fran\u00e7ois Hollande, l\u2019\u00c9lys\u00e9e et la vie d\u2019apr\u00e8s\"\/><br \/>\n                        <\/a><\/p>\n<p>                    <a href=\"https:\/\/www.sudouest.fr\/politique\/francois-hollande-l-elysee-et-la-vie-d-apres-26821963.php\" title=\"Fran\u00e7ois Hollande, l\u2019\u00c9lys\u00e9e et la vie d\u2019apr\u00e8s\" rel=\"nofollow noopener\" target=\"_blank\"><\/p>\n<p>\n                            Fran\u00e7ois Hollande, l\u2019\u00c9lys\u00e9e et la vie d\u2019apr\u00e8s\n                        <\/p>\n<p>                    <\/a><\/p>\n<p>\n                        Comment un Pr\u00e9sident \u00ab\u00a0normal\u00a0\u00bb (re)devient un homme normal, c\u2019est l\u2019objet d\u2019un documentaire diffus\u00e9 au Festival du film d\u2019histoire de Pessac ce samedi, comment\u00e9 par le 7e pr\u00e9sident de la Ve\u00a0R\u00e9publique lui-m\u00eame\n                    <\/p>\n<p>Dans un entretien au Monde portant sur la guerre en Ukraine, et le plan controvers\u00e9 du pr\u00e9sident am\u00e9ricain Donald Trump pour mettre fin au conflit, l\u2019ancien chef de l\u2019\u00c9tat \u00e9tait interrog\u00e9 sur la situation politique fran\u00e7aise.<\/p>\n<p>D\u00e9fis budg\u00e9taires et d\u00e9fense europ\u00e9enne<\/p>\n<p>\u00ab\u00a0Dans ce contexte, la fragilit\u00e9 de la France est un \u00e9l\u00e9ment d\u2019ins\u00e9curit\u00e9 suppl\u00e9mentaire pour l\u2019Europe\u00a0\u00bb, a-t-il alert\u00e9, estimant que si elle \u00ab\u00a0veut participer au r\u00e9armement, il faut qu\u2019elle ait un budget de la d\u00e9fense vot\u00e9 dans le cadre de la loi de finances\u00a0\u00bb, c\u2019est-\u00e0-dire dans le budget de l\u2019\u00c9tat pour 2026.<\/p>\n<p>Si l\u2019adoption d\u2019un nouveau budget \u00e9choue au Parlement, et que le gouvernement passe par une \u00ab\u00a0loi sp\u00e9ciale\u00a0\u00bb pour assurer la continuit\u00e9 de l\u2019\u00c9tat, \u00ab\u00a0ce sont les d\u00e9penses de l\u2019ann\u00e9e pr\u00e9c\u00e9dente qui vaudront, et les 6\u00a0milliards d\u2019euros pr\u00e9vus pour am\u00e9liorer notre capacit\u00e9 de d\u00e9fense ne seront pas l\u00e0\u00a0\u00bb, a mis en garde Fran\u00e7ois Hollande.<\/p>\n<p>Poutine et Trump visent \u00e0 \u00ab\u00a0nous affaiblir et nous neutraliser\u00a0\u00bb<\/p>\n<p>Redevenu d\u00e9put\u00e9 de Corr\u00e8ze, Fran\u00e7ois Hollande tisse un lien entre \u00ab\u00a0l\u2019\u00e9tat de notre d\u00e9mocratie\u00a0\u00bb, \u00ab\u00a0la force de notre d\u00e9fense et la cr\u00e9dibilit\u00e9 de notre s\u00e9curit\u00e9\u00a0\u00bb. \u00ab\u00a0C\u2019est la raison pour laquelle Donald Trump et Vladimir Poutine poussent les extr\u00eames droites en Europe pour nous affaiblir et nous neutraliser\u00a0\u00bb, a-t-il ajout\u00e9.<\/p>\n<p>Concernant le plan de Donald Trump, Fran\u00e7ois Hollande estime qu\u2019il \u00e9quivaut dans son \u00e9tat actuel \u00e0 \u00ab\u00a0la capitulation de l\u2019Ukraine\u00a0\u00bb mais aussi \u00e0 \u00ab\u00a0la rel\u00e9gation de l\u2019Europe sous la tutelle d\u2019un condominium russo-am\u00e9ricain\u00a0\u00bb.<\/p>\n<p>Regrettant l\u2019absence \u00ab\u00a0d\u2019incarnation politique\u00a0\u00bb en Europe, il appelle toutefois les Europ\u00e9ens \u00e0 \u00ab\u00a0corriger le plan s\u2019il est encore amendable\u00a0\u00bb et \u00e0 \u00ab\u00a0dire qu\u2019ils vont livrer autant d\u2019armes que possible\u00a0\u00bb \u00e0 l\u2019Ukraine.<\/p>\n","protected":false},"excerpt":{"rendered":"Sur le m\u00eame sujet Fran\u00e7ois Hollande, l\u2019\u00c9lys\u00e9e et la vie d\u2019apr\u00e8s Comment un Pr\u00e9sident \u00ab\u00a0normal\u00a0\u00bb (re)devient un homme&hellip;\n","protected":false},"author":2,"featured_media":553527,"comment_status":"","ping_status":"","sticky":false,"template":"","format":"standard","meta":{"footnotes":""},"categories":[4],"tags":[11,1011,27,12,25],"class_list":{"0":"post-553526","1":"post","2":"type-post","3":"status-publish","4":"format-standard","5":"has-post-thumbnail","7":"category-france","8":"tag-actualites","9":"tag-fr","10":"tag-france","11":"tag-news","12":"tag-republique-francaise"},"share_on_mastodon":{"url":"https:\/\/pubeurope.com\/@fr\/115599484923530123","error":""},"_links":{"self":[{"href":"https:\/\/www.europesays.com\/fr\/wp-json\/wp\/v2\/posts\/553526","targetHints":{"allow":["GET"]}}],"collection":[{"href":"https:\/\/www.europesays.com\/fr\/wp-json\/wp\/v2\/posts"}],"about":[{"href":"https:\/\/www.europesays.com\/fr\/wp-json\/wp\/v2\/types\/post"}],"author":[{"embeddable":true,"href":"https:\/\/www.europesays.com\/fr\/wp-json\/wp\/v2\/users\/2"}],"replies":[{"embeddable":true,"href":"https:\/\/www.europesays.com\/fr\/wp-json\/wp\/v2\/comments?post=553526"}],"version-history":[{"count":0,"href":"https:\/\/www.europesays.com\/fr\/wp-json\/wp\/v2\/posts\/553526\/revisions"}],"wp:featuredmedia":[{"embeddable":true,"href":"https:\/\/www.europesays.com\/fr\/wp-json\/wp\/v2\/media\/553527"}],"wp:attachment":[{"href":"https:\/\/www.europesays.com\/fr\/wp-json\/wp\/v2\/media?parent=553526"}],"wp:term":[{"taxonomy":"category","embeddable":true,"href":"https:\/\/www.europesays.com\/fr\/wp-json\/wp\/v2\/categories?post=553526"},{"taxonomy":"post_tag","embeddable":true,"href":"https:\/\/www.europesays.com\/fr\/wp-json\/wp\/v2\/tags?post=553526"}],"curies":[{"name":"wp","href":"https:\/\/api.w.org\/{rel}","templated":true}]}}